{"id":290247,"date":"2025-08-02T00:55:12","date_gmt":"2025-08-02T00:55:12","guid":{"rendered":"https:\/\/www.europesays.com\/fr\/290247\/"},"modified":"2025-08-02T00:55:12","modified_gmt":"2025-08-02T00:55:12","slug":"sur-lautoroute-vous-passez-tous-les-jours-devant-ses-oeuvres-voici-leur-histoire","status":"publish","type":"post","link":"https:\/\/www.europesays.com\/fr\/290247\/","title":{"rendered":"sur l&rsquo;autoroute, vous passez tous les jours devant ses \u0153uvres. Voici leur histoire"},"content":{"rendered":"<p>            Par<br \/>\n        <strong><br \/>\n            <a href=\"https:\/\/actu.fr\/auteur\/redaction-lerepublique\" title=\"Consulter tous les articles de R\u00e9daction La R\u00e9publique de Seine et Marne\" rel=\"nofollow noopener\" target=\"_blank\">R\u00e9daction La R\u00e9publique de Seine et Marne<\/a><br \/>\n        <\/strong><\/p>\n<p>        Publi\u00e9 le<\/p>\n<p>            1 ao\u00fbt 2025 \u00e0 12h00        <\/p>\n<p class=\" wall-content\"><a href=\"https:\/\/actu.fr\/ile-de-france\/vulaines-sur-seine_77533\" rel=\"nofollow noopener\" target=\"_blank\">Vulaines-sur-Seine<\/a> peut s\u2019enorgueillir de conna\u00eetre parmi ses administr\u00e9s, <b>Bernard Baissait<\/b> est <b>l\u2019un des plus grands graphistes fran\u00e7ais<\/b>. Cinquante ans de cr\u00e9ation, plus de deux cents affiches culturelles et une passion intacte pour l\u2019art contemporain.<\/p>\n<p>Une histoire internationale pour une nouvelle vision de l\u2019art<\/p>\n<p class=\" wall-content\">\u00ab\u2009Je suis n\u00e9 \u00e0 <a href=\"https:\/\/actu.fr\/ile-de-france\/samoreau_77442\" rel=\"nofollow noopener\" target=\"_blank\">Samoreau<\/a>, j\u2019ai habit\u00e9 Vulaines et <a href=\"https:\/\/actu.fr\/ile-de-france\/hericy_77226\" rel=\"nofollow noopener\" target=\"_blank\">H\u00e9ricy<\/a>, mais l\u2019essentiel de ma vie professionnelle s\u2019est d\u00e9roul\u00e9 \u00e0<a href=\"https:\/\/actu.fr\/paris\/\" rel=\"nofollow noopener\" target=\"_blank\"> Paris<\/a>\u2009\u00bb, raconte l\u2019artiste. Son parcours commence dans les ann\u00e9es 1970 aupr\u00e8s de<b> Jean Widmer<\/b>, <b>une figure l\u00e9gendaire du graphisme fran\u00e7ais<\/b>. Dans l\u2019agence Visuel Design, il participe \u00e0 la cr\u00e9ation des pictogrammes qui ornent encore aujourd\u2019hui <b>les autoroutes fran\u00e7aises<\/b>. \u00ab\u2009Au d\u00e9part, quand il a eu le budget, il m\u2019a engag\u00e9 puis on a travaill\u00e9 ensemble sur la forme des panneaux, le nombre, toute la mise en page pendant 3\u00a0ans.\u2009\u00bb<\/p>\n<p class=\" wall-content\">Cette formation rigoureuse marquera profond\u00e9ment son approche esth\u00e9tique. Apr\u00e8s un passage remarqu\u00e9 dans<b> la publicit\u00e9 <\/b>de 1978 \u00e0 1985, il n\u2019a cess\u00e9 de <b>voyager \u00e0 travers le monde<\/b>. Fort de cette exp\u00e9rience, il choisit de se tourner vers la culture.<\/p>\n<p class=\" wall-content\">En 1990, il fonde la <b>Compagnie Bernard Baissait Paris<\/b>, se sp\u00e9cialisant exclusivement dans les budgets culturels. Cette d\u00e9cision le conduit \u00e0 collaborer avec les plus prestigieuses institutions fran\u00e7aises comme le<b> <\/b>Centre Pompidou, le Mus\u00e9e d\u2019Art Moderne de Paris, le Mus\u00e9e Picasso, mais aussi de nombreux mus\u00e9es en province. \u00ab\u2009J\u2019adore l\u2019art, surtout contemporain. J\u2019ai eu la chance de rencontrer dans ce travail \u00e9norm\u00e9ment d\u2019artistes.\u2009\u00bb<\/p>\n<p>Pour l\u2019artiste, une \u00e9trange transition vers les temps modernes<\/p>\n<p class=\" wall-content\">Son agence devient rapidement <b>une r\u00e9f\u00e9rence<\/b> dans le milieu culturel parisien. Son esth\u00e9tique se caract\u00e9rise par une approche tr\u00e8s typographique, h\u00e9rit\u00e9e de sa formation suisse, puis sublim\u00e9e par un <b>usage audacieux de la couleur<\/b>. Ses affiches, souvent d\u00e9pouill\u00e9es d\u2019\u00e9l\u00e9ments d\u00e9coratifs superflus, puisent leur force dans le dialogue entre texte et couleurs vives.<\/p>\n<p class=\" wall-content\">Une de ses affiches les plus embl\u00e9matiques\u2009? Son travail pour l\u2019exposition sur <b>les nains de Bagatelle<\/b> en 2001. \u00ab\u2009C\u2019est une affiche qui m\u2019a fait conna\u00eetre et c\u2019est dr\u00f4le, on m\u2019en parle encore\u2009\u00bb, s\u2019amuse-t-il.<\/p>\n<p>Vid\u00e9os : en ce moment sur Actu<\/p>\n<p class=\" wall-content\">Avec un parcours exceptionnel, il a su traverser toutes les mutations du m\u00e9tier de graphiste, de l\u2019\u00e9poque des calques et de la photocomposition \u00e0 l\u2019\u00e8re num\u00e9rique. Son regard sur cette \u00e9volution m\u00eale nostalgie et lucidit\u00e9. \u00ab\u2009Au d\u00e9but, on travaillait avec un studio et des calques, et apr\u00e8s l\u2019informatique est arriv\u00e9e.\u00a0J\u2019ai dit adieu \u00e0 tous les m\u00e9tiers qui m\u2019entouraient.\u2009\u00bb Il regrette la disparition des savoir-faire artisanaux. \u00ab\u2009Il y avait une qualit\u00e9 surtout en photo, ce que je regrette c\u2019est la photogravure, parce que l\u00e0 maintenant tout le monde bricole dans son coin avec Photoshop.\u2009\u00bb<\/p>\n<p>Un livre et une exposition qui retracent sa vie<\/p>\n<p class=\" wall-content\">\u00c0 77\u00a0ans, cet ancien des <b>Arts D\u00e9coratifs de Paris<\/b> pr\u00e9sente aujourd\u2019hui l\u2019aboutissement de son travail \u00e0 travers la publication d\u2019<b>un livre r\u00e9trospectif<\/b> et une exposition majeure pr\u00e9vue en septembre prochain au mus\u00e9e de l\u2019Imprimerie de Malesherbes. Apr\u00e8s dix-huit ann\u00e9es de cr\u00e9ation intensive, Bernard Baissait rassemble l\u2019essentiel de son \u0153uvre dans un ouvrage qui pr\u00e9sente 260 affiches culturelles. \u00ab\u2009Je commen\u00e7ais \u00e0 choisir, et le lendemain, je changeais d\u2019avis alors j\u2019ai d\u00e9cid\u00e9 de quasiment mettre tout mon travail dedans.\u2009\u00bb<b> Une exposition<\/b> au mus\u00e9e de l\u2019Imprimerie de Malesherbes lui sera \u00e9galement <b>d\u00e9di\u00e9e<\/b> \u00e0 l\u2019automne prochain.<\/p>\n<p class=\" wall-content\">Aujourd\u2019hui retir\u00e9 de la pratique active, il continue de s\u2019investir dans des projets tourn\u00e9s autour de l\u2019art. Sa passion demeure intacte. \u00ab\u2009J\u2019ai eu une vie super, qui est malheureusement pass\u00e9e en deux secondes. Je me suis retrouv\u00e9 \u00e0 70\u00a0ans. <b>Je n\u2019ai pas vu le temps passer<\/b>.\u2009\u00bb Le livre est \u00e0 retrouver en librairie autour d\u2019H\u00e9ricy ou en commande sur Internet.<\/p>\n<p>Des affiches, des graphistes, Compagnie Bernard Baissait. Editions du Puits Fleuri, 288 pages, 39 euros.<\/p>\n<p class=\" wall-content\">Suivez toute l\u2019actualit\u00e9 de vos villes et m\u00e9dias favoris en vous inscrivant \u00e0 <a href=\"https:\/\/moncompte.actu.fr\" title=\"D\u00e9couvez Mon Actu\" rel=\"nofollow noopener\" data-trk=\"{&quot;cta&quot;:{&quot;action&quot;:&quot;https:\\\/\\\/moncompte.actu.fr&quot;,&quot;category&quot;:&quot;mon compte&quot;,&quot;from&quot;:&quot;article footer&quot;,&quot;name&quot;:&quot;Mon actu&quot;,&quot;type&quot;:&quot;cta&quot;}}\" target=\"_blank\">Mon Actu<\/a>.<\/p>\n","protected":false},"excerpt":{"rendered":"Par R\u00e9daction La R\u00e9publique de Seine et Marne Publi\u00e9 le 1 ao\u00fbt 2025 \u00e0 12h00 Vulaines-sur-Seine peut s\u2019enorgueillir&hellip;\n","protected":false},"author":2,"featured_media":290248,"comment_status":"","ping_status":"","sticky":false,"template":"","format":"standard","meta":{"footnotes":""},"categories":[1358],"tags":[1348,1384,1385,1386,58,59,1011,27,937,1380,104],"class_list":{"0":"post-290247","1":"post","2":"type-post","3":"status-publish","4":"format-standard","5":"has-post-thumbnail","7":"category-arts-et-design","8":"tag-arts","9":"tag-arts-and-design","10":"tag-arts-et-design","11":"tag-design","12":"tag-divertissement","13":"tag-entertainment","14":"tag-fr","15":"tag-france","16":"tag-histoire","17":"tag-livres","18":"tag-societe"},"share_on_mastodon":{"url":"https:\/\/pubeurope.com\/@fr\/114956450146525999","error":""},"_links":{"self":[{"href":"https:\/\/www.europesays.com\/fr\/wp-json\/wp\/v2\/posts\/290247","targetHints":{"allow":["GET"]}}],"collection":[{"href":"https:\/\/www.europesays.com\/fr\/wp-json\/wp\/v2\/posts"}],"about":[{"href":"https:\/\/www.europesays.com\/fr\/wp-json\/wp\/v2\/types\/post"}],"author":[{"embeddable":true,"href":"https:\/\/www.europesays.com\/fr\/wp-json\/wp\/v2\/users\/2"}],"replies":[{"embeddable":true,"href":"https:\/\/www.europesays.com\/fr\/wp-json\/wp\/v2\/comments?post=290247"}],"version-history":[{"count":0,"href":"https:\/\/www.europesays.com\/fr\/wp-json\/wp\/v2\/posts\/290247\/revisions"}],"wp:featuredmedia":[{"embeddable":true,"href":"https:\/\/www.europesays.com\/fr\/wp-json\/wp\/v2\/media\/290248"}],"wp:attachment":[{"href":"https:\/\/www.europesays.com\/fr\/wp-json\/wp\/v2\/media?parent=290247"}],"wp:term":[{"taxonomy":"category","embeddable":true,"href":"https:\/\/www.europesays.com\/fr\/wp-json\/wp\/v2\/categories?post=290247"},{"taxonomy":"post_tag","embeddable":true,"href":"https:\/\/www.europesays.com\/fr\/wp-json\/wp\/v2\/tags?post=290247"}],"curies":[{"name":"wp","href":"https:\/\/api.w.org\/{rel}","templated":true}]}}