{"id":290251,"date":"2025-08-02T00:57:21","date_gmt":"2025-08-02T00:57:21","guid":{"rendered":"https:\/\/www.europesays.com\/fr\/290251\/"},"modified":"2025-08-02T00:57:21","modified_gmt":"2025-08-02T00:57:21","slug":"malik-zidi-michael-quitte-la-serie-ce-vendredi-1er-aout-il-devoile-les-vraies-raisons-de-son-depart","status":"publish","type":"post","link":"https:\/\/www.europesays.com\/fr\/290251\/","title":{"rendered":"Malik Zidi (Micha\u00ebl) quitte la s\u00e9rie ce vendredi 1er ao\u00fbt, il d\u00e9voile les vraies raisons de son d\u00e9part"},"content":{"rendered":"<p><a href=\"https:\/\/www.programme-tv.net\/news\/series-tv\/383996-cette-serie-fete-son-2000eme-episode-cette-semaine-et-vous-la-connaissez-forcement\/\" data-api-deeplink=\"teleloisirs:\/\/news\/383996\" target=\"_blank\" rel=\"noopener\">Ce vendredi 1er ao\u00fbt 2025, Demain nous appartient ne f\u00eate pas seulement sont 2000\u00e8me \u00e9pisode<\/a>. Le feuilleton quotidien de TF1 voit \u00e9galement le d\u00e9part d&rsquo;<a href=\"https:\/\/www.programme-tv.net\/news\/series-tv\/384466-demain-nous-appartient-jean-luc-reichmann-pierre-quitte-la-serie-ce-soir-reviendra-t-il-il-nous-a-repondu\/\" data-api-deeplink=\"teleloisirs:\/\/news\/384466\" target=\"_blank\" rel=\"noopener\">un guest, bien connu des t\u00e9l\u00e9spectateurs<\/a>, et d&rsquo;un de ses acteurs principaux. <a href=\"https:\/\/www.programme-tv.net\/news\/series-tv\/358662-arrivee-de-malik-zidi-dans-demain-nous-appartient-c-est-une-rencontre-forte-confie-l-acteur-a-propos-d-ingrid-chauvin\/\" data-api-deeplink=\"teleloisirs:\/\/news\/358662\" target=\"_blank\" rel=\"noopener\">Arriv\u00e9 dans DNA l&rsquo;\u00e9t\u00e9 dernier<\/a>, Malik Zidi tire en effet sa r\u00e9v\u00e9rence. Son personnage de Micha\u00ebl Feray se rend \u00e0 la police, admettant sa culpabilit\u00e9 dans le trafic de drogue et d&rsquo;avoir tout fait pour <a href=\"https:\/\/www.programme-tv.net\/news\/series-tv\/383201-demain-nous-appartient-en-avance-judith-est-arretee-pour-le-meurtre-du-dealer-le-resume-de-l-episode-1987-du-mardi-15-juillet-2025\/\" data-api-deeplink=\"teleloisirs:\/\/news\/383201\" target=\"_blank\" rel=\"noopener\">faire accuser Judith du meurtre de Cyril<\/a>. Pour le com\u00e9dien, c&rsquo;est la fin d&rsquo;un chapitre de sa carri\u00e8re, comme il le confirme dans cette interview accord\u00e9e \u00e0 T\u00e9l\u00e9-Loisirs.<\/p>\n<p>Demain nous appartient : \u00ab\u00a0C&rsquo;est un d\u00e9part&#8230;\u00a0\u00bb, Malik Zidi (Micha\u00ebl Feray) explique pourquoi il quitte le feuilleton de TF1<\/p>\n<p><b>T\u00e9l\u00e9-Loisirs : Dans l&rsquo;\u00e9pisode de ce vendredi 1er ao\u00fbt, Micha\u00ebl Feray se rend \u00e0 la police. Est-ce \u00e0 dire que vous. quittez <\/b><b>Demain nous appartient <\/b><b>?<br \/>Malik Zid<\/b>i : Avec DNA, on ne sait jamais&#8230; Enfin, sauf lorsque votre personnage meurt ! M\u00eame s&rsquo;il y a parfois des r\u00e9surrections. En tout cas, c&rsquo;est un d\u00e9part pour un petit temps. Je ne sais pas si Micha\u00ebl Feray reviendra ou pas. Il va rester au frais dans sa cellule en prison. Mais c&rsquo;\u00e9tait pr\u00e9vu ainsi. C&rsquo;\u00e9tait contractuel. J&rsquo;avais sign\u00e9 pour un an.<\/p>\n<p><b>Pourquoi avoir d\u00e9cid\u00e9 de ne rester qu&rsquo;un an ?<br \/><\/b>Je ne connaissais pas l'\u00a0\u00bbobjet\u00a0\u00bb feuilleton quotidien. Je voulais essayer cette fa\u00e7on d&rsquo;appr\u00e9hender le m\u00e9tier, de travailler, d&rsquo;apprendre ses textes. C&rsquo;est pour cela que j&rsquo;avais propos\u00e9 \u00e0 l&rsquo;origine un an. Cela me paraissait d\u00e9j\u00e0 beaucoup. En g\u00e9n\u00e9ral, on ne reste sur un tournage que quelques semaines. J&rsquo;ai \u00e9t\u00e9 magnifiquement accueilli sur DNA. Cela a constitu\u00e9 un nouveau chapitre dans ma carri\u00e8re. J&rsquo;ai beaucoup appris. En arrivant, j&rsquo;ai aussi eu une sorte de choc thermique avec la quantit\u00e9 de travail vraiment folle. Pendant cette ann\u00e9e, j&rsquo;ai eu vraiment le temps d&rsquo;infiltrer le personnage et de l&rsquo;appr\u00e9cier. Je n&rsquo;ai jamais v\u00e9cu un truc pareil. C&rsquo;est quelque chose de tr\u00e8s marquant dans mon parcours. J&rsquo;ai eu du mal \u00e0 me d\u00e9tacher de Feray. Il est vraiment l\u00e0, quoi. Il est vraiment l\u00e0.<\/p>\n<p><b>Un an apr\u00e8s, qu&rsquo;avez-vous appris sur l&rsquo;exercice de la quotidienne ?<br \/><\/b>Que j&rsquo;ai un cerveau qui pouvait apprendre 500 pages en une semaine ! [Il sourit.] J&rsquo;exag\u00e8re mais c&rsquo;est l&rsquo;id\u00e9e. La quantit\u00e9 et la qualit\u00e9 de m\u00e9morisation. Sur DNA, c&rsquo;est tr\u00e8s intense. C&rsquo;est de l&rsquo;adr\u00e9naline. On passe d&rsquo;une sc\u00e8ne d&rsquo;arrestation \u00e0 une s\u00e9quence intime et juste apr\u00e8s \u00e0 un interrogatoire. C&rsquo;est incroyable. En une journ\u00e9e, vous voyagez. Cela peut vraiment d\u00e9stabiliser au d\u00e9part. Mais je sens que je suis plus aguerri. J&rsquo;ai appris encore une autre fa\u00e7on d&rsquo;appr\u00e9hender mon m\u00e9tier. Il y a un truc un peu kamikaze que j&rsquo;aime \u00e9norm\u00e9ment.<\/p>\n<p>Demain nous appartient : \u00ab\u00a0On s&rsquo;appelle souvent\u00a0\u00bb, Malik Zidi a gard\u00e9 contact avec les com\u00e9diens apr\u00e8s son d\u00e9part du feuilleton<\/p>\n<p><b>Quand les producteurs vous pr\u00e9sentent cette intrigue finale, est-ce que vous vous dites que c&rsquo;est la bonne intrigue pour la sortie de Micha\u00ebl Feray ?<br \/><\/b>Quand les sc\u00e9naristes m&rsquo;ont parl\u00e9 de cette intrigue, j&rsquo;ai trouv\u00e9 \u00e7a vraiment g\u00e9nial pour le personnage. Je me suis dit que j&rsquo;allais pouvoir d\u00e9velopper une palette peu utilis\u00e9e jusqu&rsquo;alors avec Feray, en d\u00e9veloppant des choses. J&rsquo;\u00e9tais tr\u00e8s content de \u00e7a. On en a discut\u00e9 ensemble, en sachant que cette sortie ne se faisait pas sous la forme d&rsquo;une mort.<\/p>\n<p><b>Vous avez fini de tourner il y a quelques semaines. Qu&rsquo;est-ce qui vous manque le plus ?<br \/><\/b>La coh\u00e9sion, le groupe, l&rsquo;\u00e9nergie du matin, tous les com\u00e9diens crois\u00e9s, les r\u00e9alisateurs. Il y a une \u00e9nergie tr\u00e8s puissante, tr\u00e8s belle, une belle ambiance, m\u00eame si le travail est vraiment tr\u00e8s dur parfois. Ce qui me manque le plus, c&rsquo;est \u00e7a. D&rsquo;ailleurs, on s&rsquo;appelle souvent avec les acteurs du commissariat. On est rest\u00e9s des bons amis. C&rsquo;est vraiment chouette. J&rsquo;ai l&rsquo;impression d&rsquo;avoir l\u00e2ch\u00e9 mon job au commissariat ! Il y a vraiment un truc avec ce d\u00e9cor du commissariat.<\/p>\n<p><b>Quelle est l&rsquo;intrigue qui vous a le plus marqu\u00e9 pendant cette ann\u00e9e ?<br \/><\/b><a href=\"https:\/\/www.programme-tv.net\/news\/series-tv\/365221-une-des-scenes-les-plus-marquantes-de-demain-nous-appartient-les-internautes-bouleverses-par-la-fin-de-l-intrigue-du-violeur-en-serie-video\/\" data-api-deeplink=\"teleloisirs:\/\/news\/365221\" target=\"_blank\" rel=\"noopener\">Celle sur le violeur en s\u00e9rie<\/a>. Elle avait tout : l&rsquo;intrigue, le sujet soci\u00e9tal, cet engagement fort pour les femmes. J&rsquo;ai trouv\u00e9 \u00e7a tr\u00e8s puissant. Et puis elle \u00e9tait super bien interpr\u00e9t\u00e9e par toutes les com\u00e9diennes. C&rsquo;est \u00e7a qui est super aussi avec DNA : on l\u00e8ve des questions de soci\u00e9t\u00e9 importantes.<\/p>\n","protected":false},"excerpt":{"rendered":"Ce vendredi 1er ao\u00fbt 2025, Demain nous appartient ne f\u00eate pas seulement sont 2000\u00e8me \u00e9pisode. Le feuilleton quotidien&hellip;\n","protected":false},"author":2,"featured_media":290252,"comment_status":"","ping_status":"","sticky":false,"template":"","format":"standard","meta":{"footnotes":""},"categories":[1356],"tags":[244,3598,58,59,1011,27,2173,5250,42928,5252,252,199,5251,1364],"class_list":{"0":"post-290251","1":"post","2":"type-post","3":"status-publish","4":"format-standard","5":"has-post-thumbnail","7":"category-television","8":"tag-commentaire","9":"tag-demain-nous-appartient","10":"tag-divertissement","11":"tag-entertainment","12":"tag-fr","13":"tag-france","14":"tag-interview","15":"tag-lorie","16":"tag-malik-zidi","17":"tag-su00e9ries-mania","18":"tag-television","19":"tag-tf1","20":"tag-tu00e9lu00e9-loisirs","21":"tag-tv"},"share_on_mastodon":{"url":"https:\/\/pubeurope.com\/@fr\/114956458278820912","error":""},"_links":{"self":[{"href":"https:\/\/www.europesays.com\/fr\/wp-json\/wp\/v2\/posts\/290251","targetHints":{"allow":["GET"]}}],"collection":[{"href":"https:\/\/www.europesays.com\/fr\/wp-json\/wp\/v2\/posts"}],"about":[{"href":"https:\/\/www.europesays.com\/fr\/wp-json\/wp\/v2\/types\/post"}],"author":[{"embeddable":true,"href":"https:\/\/www.europesays.com\/fr\/wp-json\/wp\/v2\/users\/2"}],"replies":[{"embeddable":true,"href":"https:\/\/www.europesays.com\/fr\/wp-json\/wp\/v2\/comments?post=290251"}],"version-history":[{"count":0,"href":"https:\/\/www.europesays.com\/fr\/wp-json\/wp\/v2\/posts\/290251\/revisions"}],"wp:featuredmedia":[{"embeddable":true,"href":"https:\/\/www.europesays.com\/fr\/wp-json\/wp\/v2\/media\/290252"}],"wp:attachment":[{"href":"https:\/\/www.europesays.com\/fr\/wp-json\/wp\/v2\/media?parent=290251"}],"wp:term":[{"taxonomy":"category","embeddable":true,"href":"https:\/\/www.europesays.com\/fr\/wp-json\/wp\/v2\/categories?post=290251"},{"taxonomy":"post_tag","embeddable":true,"href":"https:\/\/www.europesays.com\/fr\/wp-json\/wp\/v2\/tags?post=290251"}],"curies":[{"name":"wp","href":"https:\/\/api.w.org\/{rel}","templated":true}]}}