{"id":290269,"date":"2025-08-02T01:06:10","date_gmt":"2025-08-02T01:06:10","guid":{"rendered":"https:\/\/www.europesays.com\/fr\/290269\/"},"modified":"2025-08-02T01:06:10","modified_gmt":"2025-08-02T01:06:10","slug":"une-etudiante-palestinienne-accusee-dantisemitisme-la-france-bloque-les-evacuations-mediapart","status":"publish","type":"post","link":"https:\/\/www.europesays.com\/fr\/290269\/","title":{"rendered":"Une \u00e9tudiante palestinienne accus\u00e9e d\u2019antis\u00e9mitisme, la France bloque les \u00e9vacuations &#8211; Mediapart"},"content":{"rendered":"<ol>\n<li><a href=\"https:\/\/news.google.com\/rss\/articles\/CBMiywFBVV95cUxQdDdETUtDdU5QallRR0MyZkpPYmR4a0hwbWFySHpGYnJNdHZsSU5ObHVaT25UZUw1TWJIOFJpQnVxYXNZNTE3VjZZUmg2eTNpYWxWd3NYUFREUGhhamJoUHE0azJKREp6dVVlTko5OHhVS2JyWUlIRVlJSy1uVmFHOXpxRFBvZWFFWnNOUGJQMi1KSnl6ck4wQXFtbG1wSFYxZ1BZb0IwSnZmenBLZHpQN3RrbVZzd01KbEN0NXFxZ0wxVi1mcHJzT2hPYw?oc=5\" target=\"_blank\" rel=\"noopener\">Une \u00e9tudiante palestinienne accus\u00e9e d\u2019antis\u00e9mitisme, la France bloque les \u00e9vacuations<\/a>&nbsp;&nbsp;Mediapart<\/li>\n<li><a href=\"https:\/\/news.google.com\/rss\/articles\/CBMirwJBVV95cUxNRzdrUTZIbV9BNGhvdGxvanFXX25MREVnSW9OSGYwV3VDVW5rS2tONWpTX1BLZWV1djItT1RWa084cHlhT1VQYTBWR0lhUDhCVXBtN2Z4cHlsTFdtajhycDliZjN4QzlOOUZmbVFJalBzM0FsX0tfS191b1ZCMDV3bGVKQVVDQk1wM3BVanEzMG13YnpSbXA5QVNsUWVvZ24tY2dBMTdQN3l0TVFwM3J0OGxSOWpkbEpXdm1PaWdKMk5CVXdQcHhwVlVwTkpqRVluRUQzMDQ4UTlfRW1TZ3ZScTlFRGhNaUFuQ2c5QkE0Z1dldTctNXZCX1NiemZkU2hDcmJiTkRjR3dKWmdSeTU3RGhwdFN4UjROMzNEUC12QnhwRjBoNWU5ZFB2c2tyd0k?oc=5\" target=\"_blank\" rel=\"noopener\">La France n\u2019accueillera plus de Gazaouis \u00e9vacu\u00e9s avant la fin d\u2019une enqu\u00eate sur les publications antis\u00e9mites d\u2019une \u00e9tudiante \u00e0 Lille<\/a>&nbsp;&nbsp;Le Monde.fr<\/li>\n<li><a href=\"https:\/\/news.google.com\/rss\/articles\/CBMizAFBVV95cUxQSVpDOXdTcjZ5blRmdjdVdVpKRVVROURlU1RTcjdGWGgwZVE2dXdCenVhM21BMnhaTkdzYl9iX29vWXhOR1VEMHZSUV9QUGhjcDhURkhXenlIbDJGRlNhRU5kU2pkckVxSFJ0VkZGQTlwNE1IOXg3a2JDbm5FdnR3YW5MUi12Q0RFR3VscmR3RkhlLWF0T2Vjb2pxLTF2b0huZVFWWGh3SHNTRU5yaEk3U2k0eDdhWmp5ZXVXWF9sOHRDZGRuZkw3MFVOdmg?oc=5\" target=\"_blank\" rel=\"noopener\">Paris g\u00e8le ses \u00e9vacuations de Gaza apr\u00e8s la pol\u00e9mique \u00e0 Sciences Po<\/a>&nbsp;&nbsp;20 Minutes<\/li>\n<li><a href=\"https:\/\/news.google.com\/rss\/articles\/CBMipgFBVV95cUxNTU5GRDRHYXRtaDB1TWtTb2h1VVRvbzZxNzM3R29QaW51T2FVUWQ2bnZkNHJNdnhicFgxTzBXblNQM2RGQ0RTZEdSU3hDX0QweVN1MWY3RUNyVmZCVFNsakt4WWxoall2cHQzdDVpZG82TklLSU5GaExBbE10eFJUbmpFbmJvOU1BY0xIYmI0NkJlelFDSGNYT0lLbUVSb2lNaElTZWJR?oc=5\" target=\"_blank\" rel=\"noopener\">Gaza : ces antis\u00e9mites que la diplomatie fran\u00e7aise ne veut pas voir<\/a>&nbsp;&nbsp;l&rsquo;Opinion<\/li>\n<li><a href=\"https:\/\/news.google.com\/rss\/articles\/CBMinwJBVV95cUxPR1VvNXpQYnlWY3M5NUp6S0JwOXRsUFdyUW5OVWMtbWxvSkd2TlNaWTZOT2xnVW44NjByOWxEcWlQZDNNNHgxTXBGT2IwRVY0SlVSQlZmRXJnMzVwY010VUVCYm1kTThNMXVRdWpXbnBWX2paLVZGMExMS1VsemtEUUNCRTZBSkZwb1lxdkRvRUJGSmRvSS14WEY2eUxyTGw4LXpKMVI5YnMtLVhnV0N2MHYxajRldHZBNnJFX0haNFNQMVhxempMcHlWaGttRHpvSlNXQ0g4aGhLM0FlZmc1RG1faVUtbXkwUHNoSHM5ajkyNEFzdG56bUdpd0pCNGZ1VjBoZUY0bWk0STNpSklUVVgzUHU5ejFzdzB6aXpkQQ?oc=5\" target=\"_blank\" rel=\"noopener\">On vous explique la pol\u00e9mique apr\u00e8s les messages antis\u00e9mites d&rsquo;une \u00e9tudiante gazaouie admise \u00e0 Sciences Po Lille et menac\u00e9e d&rsquo;expulsion<\/a>&nbsp;&nbsp;France Info<\/li>\n<\/ol>\n","protected":false},"excerpt":{"rendered":"Une \u00e9tudiante palestinienne accus\u00e9e d\u2019antis\u00e9mitisme, la France bloque les \u00e9vacuations&nbsp;&nbsp;Mediapart La France n\u2019accueillera plus de Gazaouis \u00e9vacu\u00e9s avant&hellip;\n","protected":false},"author":2,"featured_media":290270,"comment_status":"","ping_status":"","sticky":false,"template":"","format":"standard","meta":{"footnotes":""},"categories":[4],"tags":[11,6155,10443,1013,1011,27,665,12,25],"class_list":{"0":"post-290269","1":"post","2":"type-post","3":"status-publish","4":"format-standard","5":"has-post-thumbnail","7":"category-france","8":"tag-actualites","9":"tag-antisemitisme","10":"tag-asile","11":"tag-bruno-retailleau","12":"tag-fr","13":"tag-france","14":"tag-gaza","15":"tag-news","16":"tag-republique-francaise"},"share_on_mastodon":{"url":"https:\/\/pubeurope.com\/@fr\/114956493277241389","error":""},"_links":{"self":[{"href":"https:\/\/www.europesays.com\/fr\/wp-json\/wp\/v2\/posts\/290269","targetHints":{"allow":["GET"]}}],"collection":[{"href":"https:\/\/www.europesays.com\/fr\/wp-json\/wp\/v2\/posts"}],"about":[{"href":"https:\/\/www.europesays.com\/fr\/wp-json\/wp\/v2\/types\/post"}],"author":[{"embeddable":true,"href":"https:\/\/www.europesays.com\/fr\/wp-json\/wp\/v2\/users\/2"}],"replies":[{"embeddable":true,"href":"https:\/\/www.europesays.com\/fr\/wp-json\/wp\/v2\/comments?post=290269"}],"version-history":[{"count":0,"href":"https:\/\/www.europesays.com\/fr\/wp-json\/wp\/v2\/posts\/290269\/revisions"}],"wp:featuredmedia":[{"embeddable":true,"href":"https:\/\/www.europesays.com\/fr\/wp-json\/wp\/v2\/media\/290270"}],"wp:attachment":[{"href":"https:\/\/www.europesays.com\/fr\/wp-json\/wp\/v2\/media?parent=290269"}],"wp:term":[{"taxonomy":"category","embeddable":true,"href":"https:\/\/www.europesays.com\/fr\/wp-json\/wp\/v2\/categories?post=290269"},{"taxonomy":"post_tag","embeddable":true,"href":"https:\/\/www.europesays.com\/fr\/wp-json\/wp\/v2\/tags?post=290269"}],"curies":[{"name":"wp","href":"https:\/\/api.w.org\/{rel}","templated":true}]}}