{"id":290278,"date":"2025-08-02T01:17:12","date_gmt":"2025-08-02T01:17:12","guid":{"rendered":"https:\/\/www.europesays.com\/fr\/290278\/"},"modified":"2025-08-02T01:17:12","modified_gmt":"2025-08-02T01:17:12","slug":"previsions-du-samedi-2-aout-2025-7","status":"publish","type":"post","link":"https:\/\/www.europesays.com\/fr\/290278\/","title":{"rendered":"pr\u00e9visions du samedi 2 ao\u00fbt 2025"},"content":{"rendered":"<p>La journ\u00e9e qui s&rsquo;annonce \u00e0 Montpellier, promet d&rsquo;\u00eatre superbe et ensoleill\u00e9e ! Le thermom\u00e8tre affichera 25\u00b0C en moyenne. Un vent de nord-ouest soufflera \u00e0 21 km\/h. Les temp\u00e9ratures vont enregistrer une hausse de plusieurs degr\u00e9s lors de l&rsquo;apr\u00e8s-midi. La ville va subir un passage de grosses chaleurs avec des valeurs qui rejoindront parfois les 30\u00b0C. Les temp\u00e9ratures seront comprises entre 29 et 30\u00b0C. C&rsquo;est un ciel limpide que conna\u00eetra la nuit de samedi \u00e0 dimanche.<\/p>\n<p>Un beau soleil est pr\u00e9vu demain \u00e0 Montpellier. Une chute du mercure est \u00e0 pr\u00e9voir. Les importantes chaleurs sont install\u00e9es. Avec des valeurs comprises entre 17 et 30\u00b0C. Les temp\u00e9ratures s&rsquo;\u00e9chelonneront entre 17 et 30\u00b0C. Un vent de nord-ouest rafra\u00eechira l\u00e9g\u00e8rement l&rsquo;atmosph\u00e8re. Les temp\u00e9ratures vont conna\u00eetre une augmentation de plusieurs degr\u00e9s dans l&rsquo;apr\u00e8s-midi. Les valeurs maximums pr\u00e9vues sont \u00e9lev\u00e9es, avec 30\u00b0C. Les temp\u00e9ratures seront de 28\u00b0C au minimum et de 30\u00b0C au plus haut.<\/p>\n<p>La m\u00e9t\u00e9o restera stable les prochains jours. Il va faire un temps assez ensoleill\u00e9 avec des temp\u00e9ratures avoisinant 31\u00b0C.<\/p>\n<p><\/p>\n","protected":false},"excerpt":{"rendered":"La journ\u00e9e qui s&rsquo;annonce \u00e0 Montpellier, promet d&rsquo;\u00eatre superbe et ensoleill\u00e9e ! Le thermom\u00e8tre affichera 25\u00b0C en moyenne.&hellip;\n","protected":false},"author":2,"featured_media":290279,"comment_status":"","ping_status":"","sticky":false,"template":"","format":"standard","meta":{"footnotes":""},"categories":[9599],"tags":[1111,11,1777,674,1011,27,7089,2681,2208,12,2680,2119,25],"class_list":{"0":"post-290278","1":"post","2":"type-post","3":"status-publish","4":"format-standard","5":"has-post-thumbnail","7":"category-montpellier","8":"tag-actu","9":"tag-actualites","10":"tag-eu","11":"tag-europe","12":"tag-fr","13":"tag-france","14":"tag-herault","15":"tag-languedoc-roussillon","16":"tag-montpellier","17":"tag-news","18":"tag-occitanie","19":"tag-previsions-meteo","20":"tag-republique-francaise"},"share_on_mastodon":{"url":"https:\/\/pubeurope.com\/@fr\/114956536602523448","error":""},"_links":{"self":[{"href":"https:\/\/www.europesays.com\/fr\/wp-json\/wp\/v2\/posts\/290278","targetHints":{"allow":["GET"]}}],"collection":[{"href":"https:\/\/www.europesays.com\/fr\/wp-json\/wp\/v2\/posts"}],"about":[{"href":"https:\/\/www.europesays.com\/fr\/wp-json\/wp\/v2\/types\/post"}],"author":[{"embeddable":true,"href":"https:\/\/www.europesays.com\/fr\/wp-json\/wp\/v2\/users\/2"}],"replies":[{"embeddable":true,"href":"https:\/\/www.europesays.com\/fr\/wp-json\/wp\/v2\/comments?post=290278"}],"version-history":[{"count":0,"href":"https:\/\/www.europesays.com\/fr\/wp-json\/wp\/v2\/posts\/290278\/revisions"}],"wp:featuredmedia":[{"embeddable":true,"href":"https:\/\/www.europesays.com\/fr\/wp-json\/wp\/v2\/media\/290279"}],"wp:attachment":[{"href":"https:\/\/www.europesays.com\/fr\/wp-json\/wp\/v2\/media?parent=290278"}],"wp:term":[{"taxonomy":"category","embeddable":true,"href":"https:\/\/www.europesays.com\/fr\/wp-json\/wp\/v2\/categories?post=290278"},{"taxonomy":"post_tag","embeddable":true,"href":"https:\/\/www.europesays.com\/fr\/wp-json\/wp\/v2\/tags?post=290278"}],"curies":[{"name":"wp","href":"https:\/\/api.w.org\/{rel}","templated":true}]}}