{"id":290284,"date":"2025-08-02T01:27:21","date_gmt":"2025-08-02T01:27:21","guid":{"rendered":"https:\/\/www.europesays.com\/fr\/290284\/"},"modified":"2025-08-02T01:27:21","modified_gmt":"2025-08-02T01:27:21","slug":"sarr-ex-ol-profite-encore-de-la-passerelle-chelsea","status":"publish","type":"post","link":"https:\/\/www.europesays.com\/fr\/290284\/","title":{"rendered":"Sarr (ex-OL) profite encore de la passerelle Chelsea"},"content":{"rendered":"<p>                            <img width=\"770\" height=\"433\" src=\"https:\/\/www.europesays.com\/fr\/wp-content\/uploads\/2025\/08\/Capture-decran-2024-08-30-a-09.25.24-770x433.jpg\" class=\"attachment-article size-article wp-post-image\" alt=\"Mamadou Sarr, ancien d\u00e9fenseur de l'OL, a sign\u00e9 avec Strasbourg\" decoding=\"async\" fetchpriority=\"high\"  \/><\/p>\n<p>Mamadou Sarr, ancien d\u00e9fenseur de l\u2019OL, a sign\u00e9 avec Strasbourg (@RCSA)<\/p>\n<p>Form\u00e9 \u00e0 l\u2019OL, Mamadou Sarr poursuit son apprentissage en Ligue 1. Apr\u00e8s un transfert de Strasbourg \u00e0 Chelsea d\u00e9but juin, le d\u00e9fenseur central de 19 ans va retrouver le club alsacien en pr\u00eat.<\/p>\n<p>Mamadou <strong>Sarr<\/strong> continue son d\u00e9veloppement en Ligue 1. Transf\u00e9r\u00e9 cet \u00e9t\u00e9 \u00e0 <strong>Chelsea<\/strong>, le d\u00e9fenseur central de 19 ans est imm\u00e9diatement pr\u00eat\u00e9 au Racing Club de Strasbourg pour la saison \u00e0 venir. Ce pr\u00eat s\u2019inscrit dans la strat\u00e9gie de collaboration entre les Blues et le club alsacien, tous deux li\u00e9s par la m\u00eame structure propri\u00e9taire. Strasbourg conna\u00eet bien le joueur, puisqu\u2019il portait d\u00e9j\u00e0 ses couleurs la saison derni\u00e8re. \u00c0 l\u2019\u00e9t\u00e9 2023, le RCSA l\u2019avait <a href=\"https:\/\/www.olympique-et-lyonnais.com\/mercato-sarr-quitte-lol-pour-strasbourg-contre-10me,338012.html\" target=\"_blank\" rel=\"noopener\">recrut\u00e9<\/a> pour 10 millions d\u2019euros en provenance de l\u2019Olympique lyonnais. Un an plus tard, apr\u00e8s une saison convaincante, Chelsea a d\u00e9cid\u00e9 de l&rsquo;acheter avant de le pr\u00eater ce vendredi \u00e0 Strasbourg.<\/p>\n<p>12e recrue strasbourgeoise<\/p>\n<p>Le jeune d\u00e9fenseur va donc retrouver, pour une saison, un environnement familier et int\u00e9grer \u00e0 nouveau l\u2019effectif dirig\u00e9 par Liam <strong>Rosenior<\/strong>. Auteur de 28 matchs toutes comp\u00e9titions confondues la saison derni\u00e8re, Sarr a convaincu Strasbourg de lui renouveler sa confiance. Ce pr\u00eat va lui permettre de gagner en rythme et en exp\u00e9rience. \u00c0 19 ans, le d\u00e9fenseur form\u00e9 \u00e0 Lyon reste un jeune espoir suivi de pr\u00e8s. Apr\u00e8s des vacances li\u00e9es \u00e0 la Coupe du monde des clubs jou\u00e9e avec Chelsea, Sarr va retrouver le groupe alsacien et devient la 12e recrue estivale de Strasbourg.<\/p>\n<p>\t\t\t\t\t<a href=\"https:\/\/www.olympique-et-lyonnais.com\/mercato-celia-bensalem-ex-ol-lyonnes-rejoint-grace-kazadi-a-strasbourg,366039.html\" title=\"Mercato : C\u00e9lia Bensalem (ex-OL Lyonnes) rejoint Grace Kazadi \u00e0 Strasbourg\" target=\"_blank\" rel=\"noopener\"><img loading=\"lazy\" width=\"580\" height=\"326\" src=\"https:\/\/www.europesays.com\/fr\/wp-content\/uploads\/2025\/08\/Capture-decran-2025-06-16-135846-580x326.jpg\" class=\"attachment-actularge size-actularge wp-post-image\" alt=\"C\u00e9lia Bensalem\" decoding=\"async\"  \/>\t\t\t\t\t<\/a><\/p>\n","protected":false},"excerpt":{"rendered":"Mamadou Sarr, ancien d\u00e9fenseur de l\u2019OL, a sign\u00e9 avec Strasbourg (@RCSA) Form\u00e9 \u00e0 l\u2019OL, Mamadou Sarr poursuit son&hellip;\n","protected":false},"author":2,"featured_media":290285,"comment_status":"","ping_status":"","sticky":false,"template":"","format":"standard","meta":{"footnotes":""},"categories":[2820],"tags":[1111,11,1777,674,1011,27,775,29641,12,25,640],"class_list":{"0":"post-290284","1":"post","2":"type-post","3":"status-publish","4":"format-standard","5":"has-post-thumbnail","7":"category-strasbourg","8":"tag-actu","9":"tag-actualites","10":"tag-eu","11":"tag-europe","12":"tag-fr","13":"tag-france","14":"tag-grand-est","15":"tag-mamadou-sarr","16":"tag-news","17":"tag-republique-francaise","18":"tag-strasbourg"},"share_on_mastodon":{"url":"https:\/\/pubeurope.com\/@fr\/114956575985164592","error":""},"_links":{"self":[{"href":"https:\/\/www.europesays.com\/fr\/wp-json\/wp\/v2\/posts\/290284","targetHints":{"allow":["GET"]}}],"collection":[{"href":"https:\/\/www.europesays.com\/fr\/wp-json\/wp\/v2\/posts"}],"about":[{"href":"https:\/\/www.europesays.com\/fr\/wp-json\/wp\/v2\/types\/post"}],"author":[{"embeddable":true,"href":"https:\/\/www.europesays.com\/fr\/wp-json\/wp\/v2\/users\/2"}],"replies":[{"embeddable":true,"href":"https:\/\/www.europesays.com\/fr\/wp-json\/wp\/v2\/comments?post=290284"}],"version-history":[{"count":0,"href":"https:\/\/www.europesays.com\/fr\/wp-json\/wp\/v2\/posts\/290284\/revisions"}],"wp:featuredmedia":[{"embeddable":true,"href":"https:\/\/www.europesays.com\/fr\/wp-json\/wp\/v2\/media\/290285"}],"wp:attachment":[{"href":"https:\/\/www.europesays.com\/fr\/wp-json\/wp\/v2\/media?parent=290284"}],"wp:term":[{"taxonomy":"category","embeddable":true,"href":"https:\/\/www.europesays.com\/fr\/wp-json\/wp\/v2\/categories?post=290284"},{"taxonomy":"post_tag","embeddable":true,"href":"https:\/\/www.europesays.com\/fr\/wp-json\/wp\/v2\/tags?post=290284"}],"curies":[{"name":"wp","href":"https:\/\/api.w.org\/{rel}","templated":true}]}}