{"id":290303,"date":"2025-08-02T01:40:22","date_gmt":"2025-08-02T01:40:22","guid":{"rendered":"https:\/\/www.europesays.com\/fr\/290303\/"},"modified":"2025-08-02T01:40:22","modified_gmt":"2025-08-02T01:40:22","slug":"fermeture-en-urgence-de-deux-etablissements-pres-de-lyon","status":"publish","type":"post","link":"https:\/\/www.europesays.com\/fr\/290303\/","title":{"rendered":"fermeture en urgence de deux \u00e9tablissements pr\u00e8s de Lyon"},"content":{"rendered":"<p itemprop=\"description\"><strong>Deux \u00e9tablissements de restauration ont \u00e9t\u00e9 ferm\u00e9s en urgence par la pr\u00e9f\u00e8te du Rh\u00f4ne apr\u00e8s des manquements graves aux r\u00e8gles d\u2019hygi\u00e8ne et de s\u00e9curit\u00e9 alimentaire.<\/strong><\/p>\n<p>Ce vendredi 1er ao\u00fbt, la pr\u00e9f\u00e8te du Rh\u00f4ne a proc\u00e9d\u00e9 \u00e0 la fermeture en urgence de deux \u00e9tablissements suite \u00e0 des manquements grave aux r\u00e8gles d\u2019hygi\u00e8ne et de s\u00e9curit\u00e9 alimentaire. Il s\u2019agit du restaurant Subway \u00e0 Saint-Priest et de la boulangerie-p\u00e2tisserie Miral \u00e0 Grigny-sur-Rh\u00f4ne.<\/p>\n<p>\u00ab\u00a0La poursuite de l\u2019activit\u00e9 dans les conditions constat\u00e9es, constitue une menace pour la sant\u00e9 des consommateurs en raison de la probabilit\u00e9 importante de contaminations et des risques d\u2019intoxication qui en r\u00e9sultent\u00a0\u00bb, a d\u00e9clar\u00e9 la pr\u00e9f\u00e8te du Rh\u00f4ne.<\/p>\n<p>Mais cela n\u2019est que temporaire. La mesure de fermeture pourra \u00eatre lev\u00e9e d\u00e8s que les \u00e9tablissements respecteront les normes en vigueur.<\/p>\n<blockquote class=\"twitter-tweet\"><p>&#13;<\/p>\n<p dir=\"ltr\" lang=\"fr\">\u274c La pr\u00e9f\u00e8te du Rh\u00f4ne a proc\u00e9d\u00e9 \u00e0 la fermeture d&rsquo;urgence de 2 \u00e9tablissements pour des manquements graves aux r\u00e8gles d\u2019hygi\u00e8ne et de s\u00e9curit\u00e9 alimentaire :<\/p>\n<p>\u27a1\ufe0f Restaurant SUBWAY \u00e0 Saint-Priest<br \/>\u27a1\ufe0f Boulangerie-patisserie MIRAL \u00e0 Grigny<\/p>\n<p>\ud83d\udd34 Du fait de ces manquements, la poursuite\u2026 <a href=\"https:\/\/t.co\/MURoYl07Bc\" rel=\"nofollow\">pic.twitter.com\/MURoYl07Bc<\/a><\/p>\n<p>&#13;<br \/>\n\u2014 Pr\u00e9f\u00e8te de r\u00e9gion Auvergne-Rh\u00f4ne-Alpes et du Rh\u00f4ne (@prefetrhone) <a href=\"https:\/\/twitter.com\/prefetrhone\/status\/1951207598247567419?ref_src=twsrc%5Etfw\" rel=\"nofollow noopener\" target=\"_blank\">August 1, 2025<\/a><\/p><\/blockquote>\n<p>\t\t  <script async src=\"https:\/\/platform.twitter.com\/widgets.js\" charset=\"utf-8\"><\/script><\/p>\n","protected":false},"excerpt":{"rendered":"Deux \u00e9tablissements de restauration ont \u00e9t\u00e9 ferm\u00e9s en urgence par la pr\u00e9f\u00e8te du Rh\u00f4ne apr\u00e8s des manquements graves&hellip;\n","protected":false},"author":2,"featured_media":290304,"comment_status":"","ping_status":"","sticky":false,"template":"","format":"standard","meta":{"footnotes":""},"categories":[1889],"tags":[1111,11,2813,2190,2430,1109,251,1112,2811,1777,674,118,1011,27,1922,1110,1114,2428,2810,12,241,316,25,2812,517,800],"class_list":{"0":"post-290303","1":"post","2":"type-post","3":"status-publish","4":"format-standard","5":"has-post-thumbnail","7":"category-lyon","8":"tag-actu","9":"tag-actualites","10":"tag-article","11":"tag-asvel","12":"tag-auvergne-rhone-alpes","13":"tag-breves","14":"tag-culture","15":"tag-depeches","16":"tag-economique","17":"tag-eu","18":"tag-europe","19":"tag-faits-divers","20":"tag-fr","21":"tag-france","22":"tag-info","23":"tag-informations","24":"tag-infos","25":"tag-lyon","26":"tag-lyonmag","27":"tag-news","28":"tag-ol","29":"tag-politique","30":"tag-republique-francaise","31":"tag-sociale","32":"tag-sport","33":"tag-transports"},"share_on_mastodon":{"url":"https:\/\/pubeurope.com\/@fr\/114956627094543731","error":""},"_links":{"self":[{"href":"https:\/\/www.europesays.com\/fr\/wp-json\/wp\/v2\/posts\/290303","targetHints":{"allow":["GET"]}}],"collection":[{"href":"https:\/\/www.europesays.com\/fr\/wp-json\/wp\/v2\/posts"}],"about":[{"href":"https:\/\/www.europesays.com\/fr\/wp-json\/wp\/v2\/types\/post"}],"author":[{"embeddable":true,"href":"https:\/\/www.europesays.com\/fr\/wp-json\/wp\/v2\/users\/2"}],"replies":[{"embeddable":true,"href":"https:\/\/www.europesays.com\/fr\/wp-json\/wp\/v2\/comments?post=290303"}],"version-history":[{"count":0,"href":"https:\/\/www.europesays.com\/fr\/wp-json\/wp\/v2\/posts\/290303\/revisions"}],"wp:featuredmedia":[{"embeddable":true,"href":"https:\/\/www.europesays.com\/fr\/wp-json\/wp\/v2\/media\/290304"}],"wp:attachment":[{"href":"https:\/\/www.europesays.com\/fr\/wp-json\/wp\/v2\/media?parent=290303"}],"wp:term":[{"taxonomy":"category","embeddable":true,"href":"https:\/\/www.europesays.com\/fr\/wp-json\/wp\/v2\/categories?post=290303"},{"taxonomy":"post_tag","embeddable":true,"href":"https:\/\/www.europesays.com\/fr\/wp-json\/wp\/v2\/tags?post=290303"}],"curies":[{"name":"wp","href":"https:\/\/api.w.org\/{rel}","templated":true}]}}