{"id":290309,"date":"2025-08-02T01:45:44","date_gmt":"2025-08-02T01:45:44","guid":{"rendered":"https:\/\/www.europesays.com\/fr\/290309\/"},"modified":"2025-08-02T01:45:44","modified_gmt":"2025-08-02T01:45:44","slug":"championnats-deurope-de-natation-la-billetterie-est-ouverte-pour-voir-leon-marchand-a-paris-en-2026","status":"publish","type":"post","link":"https:\/\/www.europesays.com\/fr\/290309\/","title":{"rendered":"Championnats d\u2019Europe de natation\u00a0: la billetterie est ouverte pour voir L\u00e9on Marchand \u00e0 Paris en 2026"},"content":{"rendered":"<p class=\"paragraph text_align_left lp-f-body-02\">Du 31 juillet au 16 ao\u00fbt 2026, le Centre Aquatique olympique du Grand Paris qui a vu L\u00e9on Marchand devenir une star de la natation gr\u00e2ce \u00e0 ses cinq m\u00e9dailles (quatre en or et une en bronze), accueillera les Championnats d\u2019Europe de natation. La billetterie est d\u00e9sormais ouverte pour vivre cet \u00e9v\u00e9nement.<\/p>\n<p class=\"paragraph text_align_left lp-f-body-02\"><a href=\"https:\/\/www.leparisien.fr\/sports\/leon-marchand\/\" target=\"_self\" rel=\"nofollow noopener\">L\u00e9on Marchand<\/a>, auteur de performances exceptionnelles aux Mondiaux de Singapour avec notamment un <a href=\"https:\/\/www.leparisien.fr\/sports\/mondiaux-de-natation-lexceptionnel-record-du-monde-de-leon-marchand-en-demi-finale-du-200-m-4-nages-30-07-2025-PLJXCO3AYRE6ZMV4WSWTHNFJKU.php\" target=\"_self\" rel=\"nofollow noopener\">record du monde en 200 m 4 nages<\/a>, sera bien pr\u00e9sent dans la capitale pour les \u00e9preuves de natation qui se d\u00e9rouleront du 10 au 16 ao\u00fbt. <\/p>\n<p class=\"paragraph text_align_left lp-f-body-02\">Les prix varient de 10 \u00e0 31 \u20ac pour les qualifications et jusqu\u2019\u00e0 52 \u20ac pour les finales. Les billets sont accessibles sur le site de la F\u00e9d\u00e9ration fran\u00e7aise de natation. <\/p>\n<blockquote class=\"twitter-tweet\">\n<p lang=\"fr\" dir=\"ltr\">\ud83c\udf9f\ufe0f J-365 AVANT L\u2019EURO 2026 \u00c0 PARIS : OUVERTURE DE LA BILLETTERIE \u00c0 TOUS \ud83c\uddea\ud83c\uddfa<\/p>\n<p>\ud83d\udd25 Vous l\u2019attendiez tous, la voici ! \u00c0 un an jour pour jour des Championnats d\u2019Europe 2026 \u00e0 la maison, nous avons le plaisir de vous informer que la billetterie est maintenant ouverte \u00e0 tous \ud83d\udc49\ud83c\udffc\u2026 <a href=\"https:\/\/t.co\/1bBOG3S3N9\" rel=\"nofollow\">pic.twitter.com\/1bBOG3S3N9<\/a><\/p>\n<p>\u2014 FFN (@FFNatation) <a href=\"https:\/\/twitter.com\/FFNatation\/status\/1950952120296878572?ref_src=twsrc%5Etfw\" rel=\"nofollow noopener\" target=\"_blank\">July 31, 2025<\/a><\/p><\/blockquote>\n<p class=\"paragraph text_align_left lp-f-body-02\">Du 31 juillet au 5 ao\u00fbt il sera possible de suivre la natation artistique tandis que les \u00e9preuves de plongeon se tiendront du 31 juillet au 6 ao\u00fbt. Plusieurs packs sont d\u2019ores et d\u00e9j\u00e0 disponibles afin de permettre au public de profiter pleinement des \u00e9preuves.<\/p>\n<p><script async src=\"https:\/\/platform.twitter.com\/widgets.js\" charset=\"utf-8\"><\/script><\/p>\n","protected":false},"excerpt":{"rendered":"Du 31 juillet au 16 ao\u00fbt 2026, le Centre Aquatique olympique du Grand Paris qui a vu L\u00e9on&hellip;\n","protected":false},"author":2,"featured_media":290310,"comment_status":"","ping_status":"","sticky":false,"template":"","format":"standard","meta":{"footnotes":""},"categories":[1888],"tags":[1111,1928,11,1927,1777,674,1011,27,12,1926,626,1925,25,60],"class_list":{"0":"post-290309","1":"post","2":"type-post","3":"status-publish","4":"format-standard","5":"has-post-thumbnail","7":"category-paris","8":"tag-actu","9":"tag-actu-paris","10":"tag-actualites","11":"tag-actualites-paris","12":"tag-eu","13":"tag-europe","14":"tag-fr","15":"tag-france","16":"tag-news","17":"tag-news-paris","18":"tag-paris","19":"tag-paris-news","20":"tag-republique-francaise","21":"tag-sports"},"share_on_mastodon":{"url":"https:\/\/pubeurope.com\/@fr\/114956646716782287","error":""},"_links":{"self":[{"href":"https:\/\/www.europesays.com\/fr\/wp-json\/wp\/v2\/posts\/290309","targetHints":{"allow":["GET"]}}],"collection":[{"href":"https:\/\/www.europesays.com\/fr\/wp-json\/wp\/v2\/posts"}],"about":[{"href":"https:\/\/www.europesays.com\/fr\/wp-json\/wp\/v2\/types\/post"}],"author":[{"embeddable":true,"href":"https:\/\/www.europesays.com\/fr\/wp-json\/wp\/v2\/users\/2"}],"replies":[{"embeddable":true,"href":"https:\/\/www.europesays.com\/fr\/wp-json\/wp\/v2\/comments?post=290309"}],"version-history":[{"count":0,"href":"https:\/\/www.europesays.com\/fr\/wp-json\/wp\/v2\/posts\/290309\/revisions"}],"wp:featuredmedia":[{"embeddable":true,"href":"https:\/\/www.europesays.com\/fr\/wp-json\/wp\/v2\/media\/290310"}],"wp:attachment":[{"href":"https:\/\/www.europesays.com\/fr\/wp-json\/wp\/v2\/media?parent=290309"}],"wp:term":[{"taxonomy":"category","embeddable":true,"href":"https:\/\/www.europesays.com\/fr\/wp-json\/wp\/v2\/categories?post=290309"},{"taxonomy":"post_tag","embeddable":true,"href":"https:\/\/www.europesays.com\/fr\/wp-json\/wp\/v2\/tags?post=290309"}],"curies":[{"name":"wp","href":"https:\/\/api.w.org\/{rel}","templated":true}]}}