{"id":290311,"date":"2025-08-02T01:46:11","date_gmt":"2025-08-02T01:46:11","guid":{"rendered":"https:\/\/www.europesays.com\/fr\/290311\/"},"modified":"2025-08-02T01:46:11","modified_gmt":"2025-08-02T01:46:11","slug":"une-grave-derive-personnelle-linfirmiere-qui-saccuse-dabus-sur-des-bebes-travaille-bien-a-lhopital-de-montreuil","status":"publish","type":"post","link":"https:\/\/www.europesays.com\/fr\/290311\/","title":{"rendered":"\u00ab\u00a0Une grave d\u00e9rive personnelle\u00a0\u00bb\u00a0: l\u2019infirmi\u00e8re qui s\u2019accuse d\u2019abus sur des b\u00e9b\u00e9s travaille bien \u00e0 l\u2019h\u00f4pital de Montreuil"},"content":{"rendered":"<p class=\"paragraph text_align_left lp-f-body-02\">\u00ab Nos maternit\u00e9s ne sont pas concern\u00e9es par les faits graves d\u00e9nonc\u00e9s dans cette vid\u00e9o \u00bb, certifiait-elle pourtant mercredi <a href=\"https:\/\/www.leparisien.fr\/seine-saint-denis-93\/rumeur-dattouchements-sur-des-bebes-noirs-lhopital-de-montreuil-dement-et-engage-des-poursuites-31-07-2025-SN3STFKWUJDC5K27VABMFCLUYU.php\" target=\"_self\" rel=\"nofollow noopener\">dans un communiqu\u00e9 interne<\/a> \u00e0 ses trois sites en Seine-Saint-Denis. Alors que ladite vid\u00e9o diffus\u00e9e sur les r\u00e9seaux sociaux relayait des accusations d\u2019actes de maltraitance et d\u2019attouchements sur des b\u00e9b\u00e9s \u00ab dans un h\u00f4pital situ\u00e9 en <a href=\"https:\/\/www.leparisien.fr\/seine-saint-denis-93\/\" target=\"_blank\" rel=\"noreferrer nofollow noopener\">Seine-Saint-Denis<\/a> \u00bb, la direction du groupement hospitalier de territoire (GHT) assurait, \u00ab apr\u00e8s v\u00e9rification \u00bb, qu\u2019aucune des deux personnes mises en cause, et notamment une certaine Le\u00efla, ne travaillait \u00e0 Andr\u00e9 Gr\u00e9goire.<\/p>\n","protected":false},"excerpt":{"rendered":"\u00ab Nos maternit\u00e9s ne sont pas concern\u00e9es par les faits graves d\u00e9nonc\u00e9s dans cette vid\u00e9o \u00bb, certifiait-elle pourtant&hellip;\n","protected":false},"author":2,"featured_media":290312,"comment_status":"","ping_status":"","sticky":false,"template":"","format":"standard","meta":{"footnotes":""},"categories":[1888],"tags":[11,1777,674,118,1011,27,1944,12,626,25,1945],"class_list":{"0":"post-290311","1":"post","2":"type-post","3":"status-publish","4":"format-standard","5":"has-post-thumbnail","7":"category-paris","8":"tag-actualites","9":"tag-eu","10":"tag-europe","11":"tag-faits-divers","12":"tag-fr","13":"tag-france","14":"tag-ma-ville","15":"tag-news","16":"tag-paris","17":"tag-republique-francaise","18":"tag-seine-saint-denis"},"share_on_mastodon":{"url":"https:\/\/pubeurope.com\/@fr\/114956650625483357","error":""},"_links":{"self":[{"href":"https:\/\/www.europesays.com\/fr\/wp-json\/wp\/v2\/posts\/290311","targetHints":{"allow":["GET"]}}],"collection":[{"href":"https:\/\/www.europesays.com\/fr\/wp-json\/wp\/v2\/posts"}],"about":[{"href":"https:\/\/www.europesays.com\/fr\/wp-json\/wp\/v2\/types\/post"}],"author":[{"embeddable":true,"href":"https:\/\/www.europesays.com\/fr\/wp-json\/wp\/v2\/users\/2"}],"replies":[{"embeddable":true,"href":"https:\/\/www.europesays.com\/fr\/wp-json\/wp\/v2\/comments?post=290311"}],"version-history":[{"count":0,"href":"https:\/\/www.europesays.com\/fr\/wp-json\/wp\/v2\/posts\/290311\/revisions"}],"wp:featuredmedia":[{"embeddable":true,"href":"https:\/\/www.europesays.com\/fr\/wp-json\/wp\/v2\/media\/290312"}],"wp:attachment":[{"href":"https:\/\/www.europesays.com\/fr\/wp-json\/wp\/v2\/media?parent=290311"}],"wp:term":[{"taxonomy":"category","embeddable":true,"href":"https:\/\/www.europesays.com\/fr\/wp-json\/wp\/v2\/categories?post=290311"},{"taxonomy":"post_tag","embeddable":true,"href":"https:\/\/www.europesays.com\/fr\/wp-json\/wp\/v2\/tags?post=290311"}],"curies":[{"name":"wp","href":"https:\/\/api.w.org\/{rel}","templated":true}]}}