{"id":290315,"date":"2025-08-02T01:48:14","date_gmt":"2025-08-02T01:48:14","guid":{"rendered":"https:\/\/www.europesays.com\/fr\/290315\/"},"modified":"2025-08-02T01:48:14","modified_gmt":"2025-08-02T01:48:14","slug":"face-a-la-russie-la-theorie-du-fou-de-donald-trump-qui-annonce-mobiliser-deux-sous-marins-nucleaires","status":"publish","type":"post","link":"https:\/\/www.europesays.com\/fr\/290315\/","title":{"rendered":"Face \u00e0 la Russie, \u00ab\u00a0la th\u00e9orie du fou\u00a0\u00bb de Donald Trump, qui annonce mobiliser deux sous-marins nucl\u00e9aires"},"content":{"rendered":"<p>                         <img loading=\"lazy\" decoding=\"async\" src=\"https:\/\/www.europesays.com\/fr\/wp-content\/uploads\/2025\/08\/e4ca783_ftp-import-images-1-dou53bd5ev2w-5553485-01-06.jpg\" alt=\"Une photo mise \u00e0 disposition par la Marine nationale colombienne d\u2019un sous-marin nucl\u00e9aire am\u00e9ricain, lors d\u2019un exercice au large de Carthag\u00e8ne (Colombie), en f\u00e9vrier\u00a02022.\"   width=\"664\" height=\"443\"\/>    Une photo mise \u00e0 disposition par la Marine nationale colombienne d\u2019un sous-marin nucl\u00e9aire am\u00e9ricain, lors d\u2019un exercice au large de Carthag\u00e8ne (Colombie), en f\u00e9vrier\u00a02022.  MARINE NATIONALE COLOMBIENNE VIA AFP                 <\/p>\n<p class=\"article__paragraph  \"><a href=\"https:\/\/www.lemonde.fr\/international\/article\/2025\/08\/01\/donald-trump-deploie-deux-sous-marins-nucleaires-face-a-des-commentaires-provocateurs-de-moscou_6626106_3210.html\" rel=\"nofollow noopener\" target=\"_blank\">Donald Trump, a annonc\u00e9, vendredi 1er\u00a0ao\u00fbt, le d\u00e9ploiement de deux sous-marins nucl\u00e9aires face \u00e0 la Russie<\/a>. \u00ab\u00a0A la suite des d\u00e9clarations hautement provocatrices de l\u2019ancien pr\u00e9sident russe Dmitri Medvedev, aujourd\u2019hui vice-pr\u00e9sident du Conseil de s\u00e9curit\u00e9 de la F\u00e9d\u00e9ration de Russie, j\u2019ai ordonn\u00e9 le d\u00e9ploiement de deux sous-marins nucl\u00e9aires dans les zones concern\u00e9es, au cas o\u00f9 ces d\u00e9clarations insens\u00e9es et incendiaires seraient plus que cela\u00a0\u00bb, a\u00a0\u00e9crit le pr\u00e9sident am\u00e9ricain sur son r\u00e9seau Truth Social. Et d\u2019ajouter\u00a0: \u00ab\u00a0Les mots sont tr\u00e8s importants et peuvent souvent avoir des cons\u00e9quences inattendues. J\u2019esp\u00e8re que ce ne sera pas le cas.\u00a0\u00bb<\/p>\n<p class=\"article__paragraph  \">En cause, les propos de M. Medvedev. Trait\u00e9 juste avant de \u00ab\u00a0pr\u00e9sident rat\u00e9 de la Russie qui croit qu\u2019il est toujours pr\u00e9sident\u00a0\u00bb par Donald Trump, l\u2019ancien chef de l\u2019Etat russe a invit\u00e9 sur le r\u00e9seau Telegram et en russe le locataire de la Maison Blanche \u00e0 revoir la s\u00e9rie t\u00e9l\u00e9vis\u00e9e post-apocalyptique The Walking Dead et il a\u00a0fait allusion \u00e0 la fameuse \u00ab\u00a0main morte\u00a0\u00bb, le syst\u00e8me de riposte nucl\u00e9aire automatique de la Russie sovi\u00e9tique.<\/p>\n<p class=\"reading-mode-only \"><strong>Il vous reste 80.05% de cet article \u00e0 lire. La suite est r\u00e9serv\u00e9e aux abonn\u00e9s.<\/strong><\/p>\n","protected":false},"excerpt":{"rendered":"Une photo mise \u00e0 disposition par la Marine nationale colombienne d\u2019un sous-marin nucl\u00e9aire am\u00e9ricain, lors d\u2019un exercice au&hellip;\n","protected":false},"author":2,"featured_media":290316,"comment_status":"","ping_status":"","sticky":false,"template":"","format":"standard","meta":{"footnotes":""},"categories":[1591],"tags":[11,1887,12,1885,1886,132],"class_list":{"0":"post-290315","1":"post","2":"type-post","3":"status-publish","4":"format-standard","5":"has-post-thumbnail","7":"category-russie","8":"tag-actualites","9":"tag-federation-de-russie","10":"tag-news","11":"tag-russia","12":"tag-russian-federation","13":"tag-russie"},"share_on_mastodon":{"url":"https:\/\/pubeurope.com\/@fr\/114956658585894652","error":""},"_links":{"self":[{"href":"https:\/\/www.europesays.com\/fr\/wp-json\/wp\/v2\/posts\/290315","targetHints":{"allow":["GET"]}}],"collection":[{"href":"https:\/\/www.europesays.com\/fr\/wp-json\/wp\/v2\/posts"}],"about":[{"href":"https:\/\/www.europesays.com\/fr\/wp-json\/wp\/v2\/types\/post"}],"author":[{"embeddable":true,"href":"https:\/\/www.europesays.com\/fr\/wp-json\/wp\/v2\/users\/2"}],"replies":[{"embeddable":true,"href":"https:\/\/www.europesays.com\/fr\/wp-json\/wp\/v2\/comments?post=290315"}],"version-history":[{"count":0,"href":"https:\/\/www.europesays.com\/fr\/wp-json\/wp\/v2\/posts\/290315\/revisions"}],"wp:featuredmedia":[{"embeddable":true,"href":"https:\/\/www.europesays.com\/fr\/wp-json\/wp\/v2\/media\/290316"}],"wp:attachment":[{"href":"https:\/\/www.europesays.com\/fr\/wp-json\/wp\/v2\/media?parent=290315"}],"wp:term":[{"taxonomy":"category","embeddable":true,"href":"https:\/\/www.europesays.com\/fr\/wp-json\/wp\/v2\/categories?post=290315"},{"taxonomy":"post_tag","embeddable":true,"href":"https:\/\/www.europesays.com\/fr\/wp-json\/wp\/v2\/tags?post=290315"}],"curies":[{"name":"wp","href":"https:\/\/api.w.org\/{rel}","templated":true}]}}