{"id":290317,"date":"2025-08-02T01:49:12","date_gmt":"2025-08-02T01:49:12","guid":{"rendered":"https:\/\/www.europesays.com\/fr\/290317\/"},"modified":"2025-08-02T01:49:12","modified_gmt":"2025-08-02T01:49:12","slug":"guerre-en-ukraine-larmee-russe-accelere-sa-progression-en-juillet-pour-le-quatrieme-mois-consecutif","status":"publish","type":"post","link":"https:\/\/www.europesays.com\/fr\/290317\/","title":{"rendered":"Guerre en Ukraine : l&rsquo;arm\u00e9e russe acc\u00e9l\u00e8re sa progression en juillet pour le quatri\u00e8me mois cons\u00e9cutif"},"content":{"rendered":"<ul class=\"jsx-862013697 ArticleChapo__List\">\n<li class=\"jsx-862013697 ArticleChapo__List_Item flex\">L&rsquo;arm\u00e9e russe a acc\u00e9l\u00e9r\u00e9 sa progression en Ukraine pour le quatri\u00e8me mois d&rsquo;affil\u00e9e.<\/li>\n<li class=\"jsx-862013697 ArticleChapo__List_Item flex\">Elle a r\u00e9alis\u00e9 en juillet ses plus larges avanc\u00e9es depuis novembre, selon l&rsquo;analyse par l&rsquo;AFP des donn\u00e9es fournies par l&rsquo;Institut am\u00e9ricain pour l&rsquo;\u00e9tude de la guerre (ISW).<\/li>\n<\/ul>\n<p><a href=\"https:\/\/www.tf1info.fr\/actualite\/invasion-de-l-ukraine-par-la-russie-une-guerre-qui-dure-12951\/\" rel=\"noopener\" class=\"jsx-484472199 Link jsx-1428418400 jsx-554215408\" target=\"_blank\"><\/p>\n<p style=\"font-weight:400\" class=\"jsx-1837267516\">Suivez la couverture compl\u00e8te<\/p>\n<p style=\"font-weight:800\" class=\"jsx-1837267516\">Ukraine : 4\u1d49 ann\u00e9e de guerre<\/p>\n<p><\/a><\/p>\n<p>Valider les filtresR\u00e9initialiser les filtres<\/p>\n<p>Minute par minuteFiltrer par Temps fortsFiltrer23:58<br class=\"jsx-494582681\"\/> 1 ao\u00fbt 2025<\/p>\n<p>Ce live est \u00e0 pr\u00e9sent termin\u00e9.\u00a0<\/p>\n<p>Suivez nos directs du moment :MENACE23:50<br class=\"jsx-494582681\"\/> 1 ao\u00fbt 2025<\/p>\n<p>Le pr\u00e9sident am\u00e9ricain a \u00ab\u00a0ordonn\u00e9\u00a0\u00bb le d\u00e9ploiement de \u00ab\u00a0deux sous-marins nucl\u00e9aires\u00a0\u00bb dans des \u00ab\u00a0zones appropri\u00e9es\u00a0\u00bb. Une r\u00e9ponse, selon lui, \u00e0 des commentaires \u00ab\u00a0provocateurs\u00a0\u00bb et \u00ab\u00a0incendiaires\u00a0\u00bb de l&rsquo;ancien pr\u00e9sident russe Dmitri Medvedev. Mais Donald Trump n&rsquo;a pas expliqu\u00e9 \u00e0 quels propos il r\u00e9agissait.<\/p>\n<p>International<img decoding=\"async\" src=\"https:\/\/www.europesays.com\/fr\/wp-content\/uploads\/2025\/08\/donald-trump-maison-blanche-7-juillet-2025-a38bd3-0@1x.jpeg\" alt=\"Donald Trump lors d'un d\u00eener avec Benyamin Netanyahou \u00e0 la Maison Blanche le 7 juillet 2025.\" loading=\"lazy\" importance=\"low\" fetchpriority=\"low\" class=\"\" aria-hidden=\"true\"\/>SOUS-MARINS NUCL\u00c9AIRES19:02<br class=\"jsx-494582681\"\/> 1 ao\u00fbt 2025<\/p>\n<p>Sur Truth Social, Donald Trump annonce avoir ordonn\u00e9 que \u00ab\u00a0deux sous-marins nucl\u00e9aires soient positionn\u00e9s dans les zones appropri\u00e9es\u00a0\u00bb apr\u00e8s des commentaires \u00ab\u00a0provocateurs\u00a0\u00bb de l&rsquo;ancien pr\u00e9sident russe Dmitri Medvedev. \u00ab\u00a0J&rsquo;ai ordonn\u00e9 que deux sous-marins nucl\u00e9aires soient positionn\u00e9s dans les zones appropri\u00e9es, au cas o\u00f9 ces d\u00e9clarations idiotes et incendiaires soient plus s\u00e9rieuses que cela. Les mots comptent et peuvent souvent avoir des cons\u00e9quences impr\u00e9vues, j&rsquo;esp\u00e8re que cela ne sera pas le cas cette fois\u00a0\u00bb, a \u00e9crit le pr\u00e9sident am\u00e9ricain.<\/p>\n<p>Dans un message r\u00e9cent sur X, le dirigeant russe, actuel num\u00e9ro deux du Conseil de s\u00e9curit\u00e9 du pays, avait \u00e9crit que chaque nouvel ultimatum fix\u00e9 par Donald Trump pour mettre fin \u00e0 la guerre en Ukraine \u00ab\u00a0\u00e9tait une menace et un pas vers la guerre\u00a0\u00bb avec les \u00c9tats-Unis.<\/p>\n<p>\u00ab\u00a0CETTE GUERRE N&rsquo;AURAIT JAMAIS D\u00db AVOIR LIEU\u00a0\u00bb19:01<br class=\"jsx-494582681\"\/> 1 ao\u00fbt 2025<\/p>\n<p>\u00ab\u00a0Je viens d&rsquo;apprendre que pr\u00e8s de 20.000 soldats russes sont morts ce mois-ci dans la guerre absurde avec l&rsquo;Ukraine. La Russie a perdu 112.500 soldats depuis le d\u00e9but de l&rsquo;ann\u00e9e. Que de morts inutiles !\u00a0\u00bb, \u00e9crit Donald Trump sur son r\u00e9seau Truth social. \u00ab\u00a0L&rsquo;Ukraine, cependant, a \u00e9galement beaucoup souffert. Elle a perdu environ 8.000 soldats depuis le 1er janvier 2025, sans compter les disparus\u00a0\u00bb, poursuit-il, indiquant que \u00ab\u00a0cette guerre n&rsquo;aurait jamais d\u00fb avoir lieu\u00a0\u00bb. \u00ab\u00a0C&rsquo;est la guerre de Biden, pas celle de Trump. Je suis juste ici pour voir si je peux l&rsquo;arr\u00eater !\u00a0\u00bb, conclut-il.\u00a0<\/p>\n<p>ENTRETIEN ZELENSKY &#8211; STARMER17:03<br class=\"jsx-494582681\"\/> 1 ao\u00fbt 2025<\/p>\n<p>Sur X, Volodymyr Zelensky r\u00e9v\u00e8le aussi qu&rsquo;il s&rsquo;est entretenu avec le Premier ministre britannique Keir Starmer, \u00e9changeant sur la n\u00e9cessit\u00e9 d&rsquo;augmenter la production de drones et des besoins financiers associ\u00e9s, ainsi que sur l&rsquo;importance d&rsquo;entreprendre des sanctions.<\/p>\n<blockquote data-testid=\"EmbedTwitter\" id=\"tweet-1951260655169794554-:R3j2kqqb6ij9n79m:\" class=\"jsx-aeff1a1c40f54d7a twitter-tweet flex justify-center items-center\"><p>I spoke with the Prime Minister of the United Kingdom,  @Keir_Starmer . Keir expressed his condolences over the deaths of our people as a result of Russia\u2019s attack on Kyiv. It was an absolutely vile and brutal missile and drone strike that took the lives of 31 people, including 5\u2026  pic.twitter.com\/3XOAMLXsBF \u2014 Volodymyr Zelenskyy \/ \u0412\u043e\u043b\u043e\u0434\u0438\u043c\u0438\u0440 \u0417\u0435\u043b\u0435\u043d\u0441\u044c\u043a\u0438\u0439 (@ZelenskyyUa)  August 1, 2025<\/p><\/blockquote>\n<p>DRONE PR\u00c9SUM\u00c9 RUSSE EN LITUANIE16:51<br class=\"jsx-494582681\"\/> 1 ao\u00fbt 2025<\/p>\n<p>Un drone, pr\u00e9sum\u00e9 \u00eatre de fabrication russe et entr\u00e9 en Lituanie depuis l&rsquo;espace a\u00e9rien bi\u00e9lorusse, a \u00e9t\u00e9 retrouv\u00e9 dans une zone d&rsquo;entra\u00eenement militaire, a annonc\u00e9 ce vendredi l&rsquo;arm\u00e9e lituanienne. Le drone est entr\u00e9 en Lituanie lundi matin, avant de dispara\u00eetre. Des riverains l&rsquo;ont vu survoler des quartiers de la capitale du pays, Vilnius. \u00ab\u00a0Il est probable qu&rsquo;il s&rsquo;agisse du m\u00eame drone qui a p\u00e9n\u00e9tr\u00e9 sur le territoire lituanien lundi. D&rsquo;apr\u00e8s les premi\u00e8res informations, il s&rsquo;agirait d&rsquo;un drone Gerbera, mais les d\u00e9tails seront pr\u00e9cis\u00e9s\u00a0\u00bb plus tard, a indiqu\u00e9 l&rsquo;arm\u00e9e dans un communiqu\u00e9.\u00a0<\/p>\n<p>Les drones russes de type Gerbera sont utilis\u00e9s par Moscou comme leurres lors d&rsquo;attaques contre l&rsquo;Ukraine, dans le but notamment de d\u00e9tourner l&rsquo;attention des d\u00e9fenses a\u00e9riennes. Les forces arm\u00e9es lituaniennes ont trouv\u00e9 le drone sur un terrain d&rsquo;entra\u00eenement militaire de Gai\u017ei\u016bnai, pr\u00e8s de la ville de Rukla qui accueille le bataillon international de l&rsquo;OTAN. \u00ab\u00a0Je consid\u00e8re cela comme une provocation\u00a0\u00bb, a d\u00e9clar\u00e9 Mindaugas Sinkevicius, chef par int\u00e9rim du Parti social-d\u00e9mocrate lituanien (LSDP) au pouvoir, aux journalistes, en raison de l&rsquo;endroit o\u00f9 le drone s&rsquo;est pos\u00e9.\u00a0<\/p>\n<p>R\u00c9ACTION DE ZELENSKY 15:49<br class=\"jsx-494582681\"\/> 1 ao\u00fbt 2025<\/p>\n<p>Sur X, Volodymyr Zelensky indique avoir \u00ab\u00a0entendu les d\u00e9clarations de la Russie\u00a0\u00bb. \u00ab\u00a0Si celles-ci t\u00e9moignent d&rsquo;une r\u00e9elle volont\u00e9 de mettre fin \u00e0 la guerre dans la dignit\u00e9 et d&rsquo;instaurer une paix v\u00e9ritablement durable \u2013 et non pas simplement d&rsquo;une tentative de gagner du temps pour la guerre ou de retarder les sanctions \u2013 alors l&rsquo;Ukraine r\u00e9affirme une fois de plus sa disponibilit\u00e9 \u00e0 se r\u00e9unir \u00e0 tout moment au niveau des dirigeants\u00a0\u00bb, r\u00e9agit-il dans le poste ci-dessous.\u00a0<\/p>\n<blockquote data-testid=\"EmbedTwitter\" id=\"tweet-1951256842966896707-:R3j3kqqb6ij9n79m:\" class=\"jsx-aeff1a1c40f54d7a twitter-tweet flex justify-center items-center\"><p>We see and support President Trump\u2019s  @POTUS efforts to end Russia\u2019s war, to stop the killing, and to achieve a dignified and lasting peace. We are grateful to everyone around the world who supports peace efforts and helps us protect lives. We have heard the statements coming out\u2026 \u2014 Volodymyr Zelenskyy \/ \u0412\u043e\u043b\u043e\u0434\u0438\u043c\u0438\u0440 \u0417\u0435\u043b\u0435\u043d\u0441\u044c\u043a\u0438\u0439 (@ZelenskyyUa)  August 1, 2025<\/p><\/blockquote>\n<p>L&rsquo;ARM\u00c9E RUSSE PROGRESSE EN UKRAINE15:30<br class=\"jsx-494582681\"\/> 1 ao\u00fbt 2025<\/p>\n<p>L&rsquo;arm\u00e9e russe acc\u00e9l\u00e8re sa progression en Ukraine pour le quatri\u00e8me mois d&rsquo;affil\u00e9e, r\u00e9alisant en juillet ses plus larges avanc\u00e9es depuis novembre, selon l&rsquo;analyse par l&rsquo;AFP des donn\u00e9es fournies par l&rsquo;Institut am\u00e9ricain pour l&rsquo;\u00e9tude de la guerre (ISW). En un mois, les forces de Moscou ont pris 713 km\u00b2 de territoire ukrainien, contre 79 km\u00b2 r\u00e9cup\u00e9r\u00e9s par Kiev, soit une progression nette de 634 km\u00b2. Ce dernier chiffre d\u00e9passe les 588 km\u00b2 gagn\u00e9s en juin, 507 km\u00b2 en mai, 379 km\u00b2 en avril et 240 km\u00b2 en mars, apr\u00e8s un ralentissement durant l&rsquo;hiver. Ces avanc\u00e9es incluent les territoires totalement ou partiellement contr\u00f4l\u00e9s par la Russie, ainsi que ceux qu&rsquo;elle revendique.\u00a0<\/p>\n<p>POUTINE VEUT \u00ab\u00a0LA PAIX\u00a0\u00bb MAIS&#8230;14:25<br class=\"jsx-494582681\"\/> 1 ao\u00fbt 2025<\/p>\n<p>\u00ab\u00a0Nous avons besoin d&rsquo;une paix durable, stable, sur de bonnes bases qui satisferaient \u00e0 la fois la Russie et l&rsquo;Ukraine\u00a0\u00bb, affirme Vladimir Poutine, lors d&rsquo;une rencontre avec son homologue bi\u00e9lorusse, Alexandre Loukachenko. \u00ab\u00a0Les conditions (de paix de la Russie) restent bien s\u00fbr inchang\u00e9es\u00a0\u00bb, ajoute-t-il, en r\u00e9f\u00e9rence notamment \u00e0 l&rsquo;annexion de cinq r\u00e9gions ukrainiennes.<\/p>\n<p>DES ATTAQUES DE DRONES RECORDS10:45<br class=\"jsx-494582681\"\/> 1 ao\u00fbt 2025<\/p>\n<p>La Russie a lanc\u00e9 davantage de drones contre l&rsquo;Ukraine en juillet que lors de n&rsquo;importe quel autre mois depuis le d\u00e9but de l&rsquo;invasion en 2022, selon une analyse par l&rsquo;AFP vendredi. L&rsquo;analyse, qui se base sur des chiffres fournis par les autorit\u00e9s ukrainiennes, montre que l&rsquo;arm\u00e9e russe a tir\u00e9 6.297 drones \u00e0 longue port\u00e9e contre l&rsquo;Ukraine en juillet, un chiffre en augmentation pour le troisi\u00e8me mois cons\u00e9cutif.<\/p>\n<p>DES SANCTIONS QUI PORTENT LEURS FRUITS ? 10:28<br class=\"jsx-494582681\"\/> 1 ao\u00fbt 2025<\/p>\n<p>L\u2019annonce de l\u2019ultimatum de 10 jours de Donald Trump est une \u00ab\u00a0excellente nouvelle\u00a0\u00bb, juge Jan-No\u00ebl Barrot, ce vendredi, sur FranceInfo. \u00ab\u00a0Cela vient s\u2019ajouter \u00e0 ce que les Europ\u00e9ens, (\u2026) ont d\u00e9cid\u00e9 il y a quinze jours, \u00e0 l\u2019initiative de la France\u00a0\u00bb, avec un \u00ab\u00a0paquet de sanctions le plus lourd depuis 2022\u00a0\u00bb, poursuit-il.\u00a0<\/p>\n<p>\u00ab\u00a0On est en train de s\u2019apercevoir qu&rsquo;avec les d\u00e9cisions prises par les Europ\u00e9ens, les d\u00e9cisions que Donald Trump pourrait prendre, nous sommes en train d\u2019asphyxier le budget militaire de Vladimir Poutine, et de le priver des recettes, ressources qu\u2019il engouffre aujourd\u2019hui dans sa guerre coloniale et meurtri\u00e8re\u00a0\u00bb, juge le ministre fran\u00e7ais des Affaires \u00e9trang\u00e8res. \u00ab\u00a0Si nous voulons que Vladimir Poutine cesse le feu, il faut l\u2019amener \u00e0 faire \u00e9voluer son calcul, changer sa perspective, de l\u2019int\u00e9r\u00eat pour lui et de son pays de cette guerre coloniale, c\u2019est tout l\u2019objet de ces sanctions massives, conjugu\u00e9es et coordonn\u00e9es entre les \u00c9tats-Unis et l\u2019Europe\u00a0\u00bb, mart\u00e8le-t-il encore.\u00a0<\/p>\n<p>BATTERIES ANTIMISSILES 10:18<br class=\"jsx-494582681\"\/> 1 ao\u00fbt 2025<\/p>\n<p>L&rsquo;Allemagne annonce la livraison imminente de deux batteries antimissiles Patriot \u00e0 l&rsquo;Ukraine. Au terme d&rsquo;un accord trouv\u00e9 avec Washington, Berlin pourra livrer \u00ab\u00a0dans les prochains jours des lanceurs Patriot \u00e0 l&rsquo;Ukraine, puis dans un deuxi\u00e8me temps d&rsquo;autres composants du syst\u00e8me au cours des deux \u00e0 trois prochains mois\u00a0\u00bb, d\u00e9taille le minist\u00e8re allemand de la D\u00e9fense, dans un communiqu\u00e9.<\/p>\n<p>BOMBARDEMENTS MASSIFS09:57<br class=\"jsx-494582681\"\/> 1 ao\u00fbt 2025<\/p>\n<p>\u00ab\u00a0Rien qu&rsquo;en juillet, la Russie a utilis\u00e9 plus de 5.100 bombes planantes contre l&rsquo;Ukraine, plus de 3.800 drones Shahed et pr\u00e8s de 260 missiles de divers types \u2013 dont 128 balistiques\u00a0\u00bb, affirme Volodymyr Zelensky. \u00ab\u00a0Cela ne peut \u00eatre arr\u00eat\u00e9 que par des efforts conjoints \u2013 de l&rsquo;Am\u00e9rique, de l&rsquo;Europe et d&rsquo;autres acteurs mondiaux. Chaque engagement compte. Chaque jour compte. Je remercie tous ceux qui aident l&rsquo;Ukraine\u00a0\u00bb, mart\u00e8le le dirigeant ukrainien, qui r\u00e9clame des \u00ab\u00a0sanctions suppl\u00e9mentaires\u00a0\u00bb contre Moscou.\u00a0<\/p>\n<p>31 MORTS DANS L&rsquo;ATTAQUE SUR KIEV09:55<br class=\"jsx-494582681\"\/> 1 ao\u00fbt 2025<\/p>\n<p>\u00ab\u00a0Malheureusement, \u00e0 ce jour, 31 personnes ont \u00e9t\u00e9 confirm\u00e9es d\u00e9c\u00e9d\u00e9es (dans la derni\u00e8re attaque russe sur Kiev), dont 5 enfants. Le plus jeune n&rsquo;avait que deux ans\u00a0\u00bb, affirme Volodymyr Zelensky, revoyant encore \u00e0 la hausse le bilan de la meurtri\u00e8re frappe russe. Par ailleurs, \u00ab\u00a059 personnes ont \u00e9t\u00e9 bless\u00e9es, dont 16 enfants\u00a0\u00bb, ajoute-t-il.<\/p>\n<blockquote data-testid=\"EmbedTwitter\" id=\"tweet-1951189018462318764-:R3j74qqb6ij9n79m:\" class=\"jsx-aeff1a1c40f54d7a twitter-tweet flex justify-center items-center\"><p>Minister of Internal Affairs Ihor Klymenko delivered a report. In Kyiv, emergency restoration works are ongoing at the sites affected by yesterday\u2019s attack. All search and rescue operations have already been completed. Unfortunately, as of now, 31 people have been confirmed dead,\u2026  pic.twitter.com\/zcaBkosIrJ \u2014 Volodymyr Zelenskyy \/ \u0412\u043e\u043b\u043e\u0434\u0438\u043c\u0438\u0440 \u0417\u0435\u043b\u0435\u043d\u0441\u044c\u043a\u0438\u0439 (@ZelenskyyUa)  August 1, 2025<\/p><\/blockquote>\n<p>\u00ab\u00a0MERCI DE VOTRE SOUTIEN\u00a0\u00bb09:38<br class=\"jsx-494582681\"\/> 1 ao\u00fbt 2025<\/p>\n<p>\u00ab\u00a0Merci de votre soutien\u00a0\u00bb, \u00e9crit Volodymyr Zelensky sur X, en r\u00e9ponse \u00e0 un message d&rsquo;Emmanuel Macron. \u00ab\u00a0Je salue la signature par le Pr\u00e9sident Zelensky de la nouvelle loi qui garantit la pleine ind\u00e9pendance des organisations ukrainiennes charg\u00e9es de la lutte contre la corruption. C\u2019est une d\u00e9cision importante pour l\u2019Ukraine, la d\u00e9mocratie, l\u2019\u00c9tat de droit et le chemin europ\u00e9en. Le pr\u00e9sident fran\u00e7ais\u00a0\u00bb, avait salu\u00e9 le dirigeant fran\u00e7ais.\u00a0<\/p>\n<blockquote data-testid=\"EmbedTwitter\" id=\"tweet-1951182775219871797-:R3j7kqqb6ij9n79m:\" class=\"jsx-aeff1a1c40f54d7a twitter-tweet flex justify-center items-center\"><p>Thank you for your support!  https:\/\/t.co\/Rkbusdabb0 \u2014 Volodymyr Zelenskyy \/ \u0412\u043e\u043b\u043e\u0434\u0438\u043c\u0438\u0440 \u0417\u0435\u043b\u0435\u043d\u0441\u044c\u043a\u0438\u0439 (@ZelenskyyUa)  August 1, 2025<\/p><\/blockquote>\n<p>DES ATTAQUES \u00ab\u00a0\u00c9C\u0152URANTES\u00a0\u00bb07:17<br class=\"jsx-494582681\"\/> 1 ao\u00fbt 2025<\/p>\n<p>Donald Trump a qualifi\u00e9 jeudi d'\u00a0\u00bb\u00e9c\u0153urante\u00a0\u00bb la derni\u00e8re vague d&rsquo;attaques russes sur l&rsquo;Ukraine, apr\u00e8s des bombardements sur Kiev ayant fait au moins 16 morts. Le pr\u00e9sident am\u00e9ricain a confirm\u00e9 qu&rsquo;il allait bien prendre des sanctions contre la Russie, d\u00e9clarant : \u00ab\u00a0Je ne sais pas si cela va avoir un impact, mais nous allons le faire\u00a0\u00bb. Nous allons imposer des sanctions. Je ne sais pas si les sanctions le d\u00e9rangent\u00a0\u00bb, a encore indiqu\u00e9 le pr\u00e9sident am\u00e9ricain. Ce dernier envisage en particulier des sanctions dites \u00ab\u00a0secondaires\u00a0\u00bb, c&rsquo;est-\u00e0-dire inflig\u00e9es aux pays qui ach\u00e8tent notamment du p\u00e9trole russe, dans le but de tarir cette source de revenus essentiels pour Moscou.\u00a0<\/p>\n<p>Pour rappel, Donald Trump a donn\u00e9 jusqu&rsquo;\u00e0 la fin de la semaine prochaine \u00e0 la Russie pour cesser les hostilit\u00e9s en Ukraine, sous peine de dures sanctions \u00e9conomiques.<\/p>\n<p> 16 MORTS DANS L&rsquo;ATTAQUE SUR KIEV06:58<br class=\"jsx-494582681\"\/> 1 ao\u00fbt 2025<\/p>\n<p>Dans la soir\u00e9e, jeudi, Volodymyr Zelensky a indiqu\u00e9 que \u00ab\u00a016 personnes ont \u00e9t\u00e9 tu\u00e9es\u00a0\u00bb dans la r\u00e9cente frappe de la Russie sur Kiev, y compris \u00ab\u00a02 enfants et un policier\u00a0\u00bb. \u00ab\u00a0Plus de 150 autres bless\u00e9s, dont 16 enfants\u00a0\u00bb, ont \u00e9galement \u00e9t\u00e9 recens\u00e9s.\u00a0<\/p>\n<blockquote data-testid=\"EmbedTwitter\" id=\"tweet-1951003441247256992-:R3j8kqqb6ij9n79m:\" class=\"jsx-aeff1a1c40f54d7a twitter-tweet flex justify-center items-center\"><p>As of now, as a result of Russia\u2019s terror attack on Kyiv, 16 people have been killed, including 2 children and one policeman. Over 150 have been injured, including 16 children and 6 policemen. Unimaginable scale of terror and brutality.  Rescue and recovery operations are still\u2026  https:\/\/t.co\/KipaDXMK2n \u2014 Volodymyr Zelenskyy \/ \u0412\u043e\u043b\u043e\u0434\u0438\u043c\u0438\u0440 \u0417\u0435\u043b\u0435\u043d\u0441\u044c\u043a\u0438\u0439 (@ZelenskyyUa)  July 31, 2025<\/p><\/blockquote>\n<p>BIENVENUE06:49<br class=\"jsx-494582681\"\/> 1 ao\u00fbt 2025<\/p>\n<p>Bonjour, bienvenue sur ce live pour suivre les derniers d\u00e9veloppements autour de la guerre en Ukraine.\u00a0<\/p>\n<p data-module=\"article-paragraph\" class=\"jsx-3046738180 Paragraph\">Une vague de bombardements \u00ab\u00a0\u00e9c\u0153urante\u00a0\u00bb. Lors d&rsquo;une prise de parole, jeudi 31 juillet, Donald Trump est revenu sur la situation en Ukraine, alors qu&rsquo;il a donn\u00e9 10 jours \u00e0 la Russie pour mettre fin \u00e0 la guerre. Le pr\u00e9sident am\u00e9ricain a condamn\u00e9 <a href=\"https:\/\/www.tf1info.fr\/international\/guerre-en-ukraine-la-russie-continue-de-bombarder-malgre-l-ultimatum-americain-2386355.html\" target=\"_blank\" rel=\"noopener\">les attaques russes men\u00e9es notamment sur Kiev<\/a>, qui ont fait au moins 16 morts.\u00a0<\/p>\n<p data-module=\"article-paragraph\" class=\"jsx-3046738180 Paragraph Paragraph__End\">Il a \u00e9galement confirm\u00e9 qu&rsquo;il allait bien prendre des sanctions contre la Russie. \u00ab\u00a0Je ne sais pas si cela va avoir un impact, mais nous allons le faire\u00a0\u00bb, a pr\u00e9cis\u00e9 le pr\u00e9sident am\u00e9ricain qualifiant le confit de \u00ab\u00a0tr\u00e8s triste\u00a0\u00bb et regrettant que \u00ab\u00a0les Russes meurent, les Ukrainiens meurent\u00a0\u00bb. \u00ab\u00a0Cette guerre devrait s&rsquo;arr\u00eater, c&rsquo;est vraiment une guerre honteuse\u00a0\u00bb, a-t-il ajout\u00e9.<\/p>\n<p data-module=\"article-paragraph\" class=\"jsx-3046738180 Paragraph\">Plus t\u00f4t, le pr\u00e9sident ukrainien Volodymyr Zelensky avait appel\u00e9 jeudi les soutiens de l&rsquo;Ukraine \u00e0 \u0153uvrer \u00e0 un \u00ab\u00a0changement de r\u00e9gime\u00a0\u00bb en Russie. \u00ab\u00a0Si le monde ne vise pas un changement de r\u00e9gime en Russie, cela signifie que, m\u00eame apr\u00e8s la fin de la guerre, Moscou continuera \u00e0 tenter de d\u00e9stabiliser les pays voisins\u00a0\u00bb, avait-il d\u00e9clar\u00e9 \u00e0 l&rsquo;occasion d&rsquo;une conf\u00e9rence internationale \u00e0 laquelle il participait par lien vid\u00e9o.<\/p>\n<p data-module=\"article-paragraph\" class=\"jsx-3046738180 Paragraph Paragraph__End\">\u00ab\u00a0Je crois que la Russie peut \u00eatre pouss\u00e9e \u00e0 mettre fin \u00e0 cette guerre. C&rsquo;est elle qui l&rsquo;a commenc\u00e9e\u00a0\u00bb, avait affirm\u00e9 Volodymyr Zelensky, d\u00e9non\u00e7ant, avec les nouvelles frappes russes, un \u00ab\u00a0nouveau spectacle meurtrier\u00a0\u00bb.<\/p>\n<p>La r\u00e9daction de TF1info<\/p>\n<p><script async src=\"https:\/\/platform.twitter.com\/widgets.js\" charset=\"utf-8\"><\/script><\/p>\n","protected":false},"excerpt":{"rendered":"L&rsquo;arm\u00e9e russe a acc\u00e9l\u00e9r\u00e9 sa progression en Ukraine pour le quatri\u00e8me mois d&rsquo;affil\u00e9e. Elle a r\u00e9alis\u00e9 en juillet&hellip;\n","protected":false},"author":2,"featured_media":290318,"comment_status":"","ping_status":"","sticky":false,"template":"","format":"standard","meta":{"footnotes":""},"categories":[1590],"tags":[1111,11,1921,5925,75,73,1777,674,1922,12,132,220,1917,133,1920,134],"class_list":{"0":"post-290317","1":"post","2":"type-post","3":"status-publish","4":"format-standard","5":"has-post-thumbnail","7":"category-ukraine","8":"tag-actu","9":"tag-actualites","10":"tag-article-video","11":"tag-conflits-et-guerre","12":"tag-donald-trump","13":"tag-etats-unis","14":"tag-eu","15":"tag-europe","16":"tag-info","17":"tag-news","18":"tag-russie","19":"tag-ukraine","20":"tag-ukraine-4-annee-de-guerre","21":"tag-video","22":"tag-video-international","23":"tag-volodymyr-zelensky"},"share_on_mastodon":{"url":"https:\/\/pubeurope.com\/@fr\/114956662651104330","error":""},"_links":{"self":[{"href":"https:\/\/www.europesays.com\/fr\/wp-json\/wp\/v2\/posts\/290317","targetHints":{"allow":["GET"]}}],"collection":[{"href":"https:\/\/www.europesays.com\/fr\/wp-json\/wp\/v2\/posts"}],"about":[{"href":"https:\/\/www.europesays.com\/fr\/wp-json\/wp\/v2\/types\/post"}],"author":[{"embeddable":true,"href":"https:\/\/www.europesays.com\/fr\/wp-json\/wp\/v2\/users\/2"}],"replies":[{"embeddable":true,"href":"https:\/\/www.europesays.com\/fr\/wp-json\/wp\/v2\/comments?post=290317"}],"version-history":[{"count":0,"href":"https:\/\/www.europesays.com\/fr\/wp-json\/wp\/v2\/posts\/290317\/revisions"}],"wp:featuredmedia":[{"embeddable":true,"href":"https:\/\/www.europesays.com\/fr\/wp-json\/wp\/v2\/media\/290318"}],"wp:attachment":[{"href":"https:\/\/www.europesays.com\/fr\/wp-json\/wp\/v2\/media?parent=290317"}],"wp:term":[{"taxonomy":"category","embeddable":true,"href":"https:\/\/www.europesays.com\/fr\/wp-json\/wp\/v2\/categories?post=290317"},{"taxonomy":"post_tag","embeddable":true,"href":"https:\/\/www.europesays.com\/fr\/wp-json\/wp\/v2\/tags?post=290317"}],"curies":[{"name":"wp","href":"https:\/\/api.w.org\/{rel}","templated":true}]}}