{"id":290324,"date":"2025-08-02T01:53:21","date_gmt":"2025-08-02T01:53:21","guid":{"rendered":"https:\/\/www.europesays.com\/fr\/290324\/"},"modified":"2025-08-02T01:53:21","modified_gmt":"2025-08-02T01:53:21","slug":"et-si-vous-partiez-en-stage-dans-un-pays-deurope-pendant-deux-mois-a-quimper-lassociation-gwennili-le-propose","status":"publish","type":"post","link":"https:\/\/www.europesays.com\/fr\/290324\/","title":{"rendered":"Et si vous partiez en stage dans un pays d\u2019Europe pendant deux mois\u00a0? \u00c0 Quimper, l\u2019association Gwennili le propose\u00a0!"},"content":{"rendered":"<p>Et si vous voyagiez en Europe \u00e0 la rentr\u00e9e\u00a0? L\u2019association Gwennili, en partenariat avec la Mission locale du Pays de Cornouaille, propose \u00e0 seize jeunes de partir deux mois \u00e0 l\u2019\u00e9tranger cet automne pour affiner des comp\u00e9tences ou un projet professionnel \u00e0 l\u2019occasion d\u2019un stage. Ce dispositif s\u2019appelle le Mob\u2019Europe.<\/p>\n<p>\u00ab\u00a0Il reste encore environ huit places. C\u2019est un programme solide qui ouvre des horizons \u00e0 des jeunes gens sans emploi ni formation\u00a0\u00bb, pr\u00e9sente H\u00e9l\u00e8ne Mignon, coordinatrice, avant de d\u00e9tailler les avantages d\u2019une immersion dans un autre pays. \u00ab\u00a0C\u2019est souvent un premier s\u00e9jour et une premi\u00e8re exp\u00e9rience \u00e0 l\u2019international. Il y a forc\u00e9ment l\u2019acquisition des bases d\u2019une langue \u00e9trang\u00e8re, qu\u2019on sait accompagner. L\u2019objectif, c\u2019est d\u2019encourager la confrontation et les actions qui ravivent la confiance en soi\u00a0\u00bb. Les stages se d\u00e9rouleront en lien avec les envies de chaque jeune\u00a0: commerce, ferme p\u00e9dagogique, soins \u00e0 la personne\u2026<\/p>\n<p>Une r\u00e9union d\u2019information le 13 ao\u00fbt<\/p>\n<p>Pour b\u00e9n\u00e9ficier de ce dispositif financ\u00e9 en partie par diff\u00e9rentes institutions (Erasmus, Fondation Hippocr\u00e8ne\u2026), il faut \u00eatre inscrit \u00e0 la Mission locale ou s\u2019y inscrire apr\u00e8s contact avec Gwennili, avoir entre 18 et 25 ans et avoir &#8211; au plus &#8211; le baccalaur\u00e9at. L\u2019association et la Mission locale convient toutes les personnes int\u00e9ress\u00e9es \u00e0 une r\u00e9union d\u2019information mercredi 13 ao\u00fbt de 14\u00a0h\u00a030 \u00e0 16\u00a0h\u00a030, au tiers lieu Flux. Les inscriptions doivent se faire avant le 1er septembre. Une participation de 450 \u20ac est requise pour ces deux mois, de mi-octobre \u00e0 mi-d\u00e9cembre, qui comprendra toute la logistique et le suivi de Gwennili.<\/p>\n<p>L\u2019association Gwennili est implant\u00e9e \u00e0 Quimper depuis 1998. Elle promeut la mobilit\u00e9 des jeunes par la rencontre interculturelle et s\u2019adresse ainsi aux 12 &#8211; 30 ans \u00e0 travers des projets de s\u00e9jours, de chantiers, de volontariat, de d\u00e9couvertes.<\/p>\n<p><b>Pratique<\/b><\/p>\n<p class=\"note\">Contact Gwennili\u00a0: Sol\u00e8ne Guermeur, m\u00e9l. solene-guermeur@gwennili.net\u00a0; t\u00e9l. 06\u00a083\u00a005\u00a001\u00a032<\/p>\n","protected":false},"excerpt":{"rendered":"Et si vous voyagiez en Europe \u00e0 la rentr\u00e9e\u00a0? L\u2019association Gwennili, en partenariat avec la Mission locale du&hellip;\n","protected":false},"author":2,"featured_media":290325,"comment_status":"","ping_status":"","sticky":false,"template":"","format":"standard","meta":{"footnotes":""},"categories":[1586],"tags":[11,5215,1057,1777,674,1011,27,4075,12,3319,25],"class_list":{"0":"post-290324","1":"post","2":"type-post","3":"status-publish","4":"format-standard","5":"has-post-thumbnail","7":"category-europe","8":"tag-actualites","9":"tag-adolescence","10":"tag-education","11":"tag-eu","12":"tag-europe","13":"tag-fr","14":"tag-france","15":"tag-jeunesse","16":"tag-news","17":"tag-quimper","18":"tag-republique-francaise"},"share_on_mastodon":{"url":"https:\/\/pubeurope.com\/@fr\/114956678259383841","error":""},"_links":{"self":[{"href":"https:\/\/www.europesays.com\/fr\/wp-json\/wp\/v2\/posts\/290324","targetHints":{"allow":["GET"]}}],"collection":[{"href":"https:\/\/www.europesays.com\/fr\/wp-json\/wp\/v2\/posts"}],"about":[{"href":"https:\/\/www.europesays.com\/fr\/wp-json\/wp\/v2\/types\/post"}],"author":[{"embeddable":true,"href":"https:\/\/www.europesays.com\/fr\/wp-json\/wp\/v2\/users\/2"}],"replies":[{"embeddable":true,"href":"https:\/\/www.europesays.com\/fr\/wp-json\/wp\/v2\/comments?post=290324"}],"version-history":[{"count":0,"href":"https:\/\/www.europesays.com\/fr\/wp-json\/wp\/v2\/posts\/290324\/revisions"}],"wp:featuredmedia":[{"embeddable":true,"href":"https:\/\/www.europesays.com\/fr\/wp-json\/wp\/v2\/media\/290325"}],"wp:attachment":[{"href":"https:\/\/www.europesays.com\/fr\/wp-json\/wp\/v2\/media?parent=290324"}],"wp:term":[{"taxonomy":"category","embeddable":true,"href":"https:\/\/www.europesays.com\/fr\/wp-json\/wp\/v2\/categories?post=290324"},{"taxonomy":"post_tag","embeddable":true,"href":"https:\/\/www.europesays.com\/fr\/wp-json\/wp\/v2\/tags?post=290324"}],"curies":[{"name":"wp","href":"https:\/\/api.w.org\/{rel}","templated":true}]}}