{"id":290326,"date":"2025-08-02T01:54:15","date_gmt":"2025-08-02T01:54:15","guid":{"rendered":"https:\/\/www.europesays.com\/fr\/290326\/"},"modified":"2025-08-02T01:54:15","modified_gmt":"2025-08-02T01:54:15","slug":"la-cour-de-justice-de-lue-blame-litalie-pour-les-transferts-de-migrants-vers-lalbanie","status":"publish","type":"post","link":"https:\/\/www.europesays.com\/fr\/290326\/","title":{"rendered":"La Cour de justice de l&rsquo;UE bl\u00e2me l&rsquo;Italie pour les transferts de migrants vers l&rsquo;Albanie"},"content":{"rendered":"<p>          <img decoding=\"async\" class=\"c-ad__placeholder__logo\" src=\"https:\/\/static.euronews.com\/website\/images\/logos\/logo-euronews-stacked-outlined-72x72-grey-9.svg\" width=\"72\" height=\"72\" alt=\"\" loading=\"lazy\"\/><br \/>\n          PUBLICIT\u00c9<\/p>\n<p>La Cour de justice des Communaut\u00e9s europ\u00e9ennes (CJCE) s&rsquo;est rang\u00e9e du c\u00f4t\u00e9 d&rsquo;un tribunal italien qui avait remis en question la d\u00e9signation par le gouvernement du Bangladesh comme \u00ab\u00a0pays d&rsquo;origine s\u00fbr\u00a0\u00bb, une d\u00e9signation qui autorise les expulsions et les d\u00e9tentions de demandeurs d&rsquo;asile pendant que leur demande est en cours d&rsquo;examen.<\/p>\n<p>L&rsquo;arr\u00eat souligne que ces d\u00e9signations doivent pouvoir faire l&rsquo;objet d&rsquo;un contr\u00f4le juridictionnel et \u00eatre \u00e9tay\u00e9es par des preuves claires et accessibles. Selon l&rsquo;arr\u00eat, un pays ne peut \u00eatre qualifi\u00e9 de \u00ab\u00a0s\u00fbr\u00a0\u00bb s&rsquo;il ne l&rsquo;est pas pour certains groupes vuln\u00e9rables.<\/p>\n<p>L&rsquo;affaire a \u00e9t\u00e9 d\u00e9clench\u00e9e par deux ressortissants bangladais secourus en mer par les autorit\u00e9s italiennes et transf\u00e9r\u00e9s en Albanie, o\u00f9 l&rsquo;Italie a construit deux centres de traitement offshore.<\/p>\n<p>Dans ces centres, les migrants peuvent demander l&rsquo;asile comme s&rsquo;ils se trouvaient sur le sol italien, mais uniquement s&rsquo;ils sont originaires de pays que l&rsquo;Italie juge \u00ab\u00a0s\u00fbrs\u00a0\u00bb. Ceux qui ne le sont pas doivent \u00eatre autoris\u00e9s \u00e0 rester en Italie pendant que leur demande d&rsquo;asile est trait\u00e9e.<\/p>\n<p>L&rsquo;Italie a <a href=\"https:\/\/www.senato.it\/service\/PDF\/PDFServer\/DF\/442237.pdf\" target=\"_blank\" rel=\"noreferrer noopener\"><strong>mis \u00e0 jour<\/strong><\/a> sa liste de pays \u00ab\u00a0s\u00fbrs\u00a0\u00bb en octobre 2024 pour y inclure le Bangladesh, l&rsquo;\u00c9gypte et d&rsquo;autres pays, une d\u00e9cision critiqu\u00e9e parce qu&rsquo;elle ne tient pas compte des menaces auxquelles certaines personnes peuvent encore \u00eatre confront\u00e9es dans ces pays.<\/p>\n<p>Lorsque les ressortissants bangladais ont fait appel de leur refus, le tribunal italien a renvoy\u00e9 l&rsquo;affaire devant la Cour de justice des Communaut\u00e9s europ\u00e9ennes, invoquant le manque de transparence dans l&rsquo;\u00e9valuation de la \u00ab\u00a0s\u00e9curit\u00e9\u00a0\u00bb.<\/p>\n<p>Rome repousse l&rsquo;\u00e9ch\u00e9ance<\/p>\n<p>Le gouvernement italien de droite, dirig\u00e9 par le Premier ministre Giorgia Meloni, s&rsquo;est insurg\u00e9 contre cette d\u00e9cision, accusant la Cour de justice de l&rsquo;Union europ\u00e9enne d&rsquo;avoir \u00ab\u00a0outrepass\u00e9 ses comp\u00e9tences\u00a0\u00bb et d&rsquo;avoir port\u00e9 atteinte \u00e0 la souverainet\u00e9 nationale. Dans une <a href=\"https:\/\/www.governo.it\/it\/articolo\/decisione-della-corte-di-giustizia-ue-merito-ai-paesi-sicuri-la-nota-di-palazzo-chigi\/29389\" target=\"_blank\" rel=\"noreferrer noopener\"><strong>d\u00e9claration<\/strong><\/a>, le gouvernement a affirm\u00e9 que la CJCE avait donn\u00e9 la priorit\u00e9 \u00e0 l&rsquo;opinion de juges individuels plut\u00f4t qu&rsquo;\u00e0 des enqu\u00eates gouvernementales approfondies.<\/p>\n<p>Rome affirme que la d\u00e9cision affaiblit sa capacit\u00e9 \u00e0 lutter contre l&rsquo;immigration ill\u00e9gale et \u00e0 prot\u00e9ger les fronti\u00e8res.<\/p>\n<p>Malgr\u00e9 cet arr\u00eat, les expulsions de l&rsquo;Italie vers l&rsquo;Albanie se poursuivront pour l&rsquo;instant. Les autorit\u00e9s ont depuis <a href=\"https:\/\/www.governo.it\/it\/articolo\/comunicato-stampa-del-consiglio-dei-ministri-n-121\/28079\" target=\"_blank\" rel=\"noreferrer noopener\"><strong>red\u00e9fini<\/strong><\/a> le r\u00f4le des centres albanais pour y inclure les migrants dont les demandes d&rsquo;asile ont d\u00e9j\u00e0 \u00e9t\u00e9 rejet\u00e9es. La d\u00e9cision de la Cour est consid\u00e9r\u00e9e comme une victoire pour les juges italiens, mais n&rsquo;a qu&rsquo;un impact limit\u00e9 \u00e0 court terme sur la politique du gouvernement.<\/p>\n<p>Entre-temps, la l\u00e9gislation europ\u00e9enne en mati\u00e8re d&rsquo;asile \u00e9volue. Un r\u00e8glement qui devrait entrer en vigueur en juin 2026 ou plus t\u00f4t permettra aux gouvernements de d\u00e9clarer des pays \u00ab\u00a0s\u00fbrs\u00a0\u00bb avec certaines exceptions, s&rsquo;alignant ainsi plus \u00e9troitement sur l&rsquo;approche de l&rsquo;Italie.<\/p>\n<p>La Commission europ\u00e9enne a \u00e9galement <a href=\"https:\/\/ec.europa.eu\/commission\/presscorner\/detail\/en\/ip_25_1070\" target=\"_blank\" rel=\"noreferrer noopener\"><strong>propos\u00e9<\/strong><\/a> sa propre liste non contraignante de pays s\u00fbrs, dont l&rsquo;\u00c9gypte et le Bangladesh. \u00c0 l&rsquo;heure actuelle, les centres italiens pour l&rsquo;Albanie n&rsquo;accueillent que quelques dizaines de personnes, alors que l&rsquo;objectif est de 3 000 personnes par mois.<\/p>\n<p>Ils sont \u00e9galement co\u00fbteux : chaque place en Albanie co\u00fbte plus de 153 000 euros, contre seulement 21 000 euros dans des centres similaires en Sicile, selon une <a href=\"https:\/\/www.uniba.it\/it\/ateneo\/rettorato\/ufficio-stampa\/comunicati-stampa\/anno-2025\/actionaid-e-unibari-rimpatri-ai-minimi-storici-costi-altissimi-della-detenzione\" target=\"_blank\" rel=\"noreferrer noopener\"><strong>\u00e9tude r\u00e9cente<\/strong><\/a> de l&rsquo;universit\u00e9 Aldo Moro de Bari.<\/p>\n","protected":false},"excerpt":{"rendered":"PUBLICIT\u00c9 La Cour de justice des Communaut\u00e9s europ\u00e9ennes (CJCE) s&rsquo;est rang\u00e9e du c\u00f4t\u00e9 d&rsquo;un tribunal italien qui avait&hellip;\n","protected":false},"author":2,"featured_media":290327,"comment_status":"","ping_status":"","sticky":false,"template":"","format":"standard","meta":{"footnotes":""},"categories":[1586],"tags":[11,5230,24917,1777,674,1779,1011,27,452,12,25,1778,364],"class_list":{"0":"post-290326","1":"post","2":"type-post","3":"status-publish","4":"format-standard","5":"has-post-thumbnail","7":"category-europe","8":"tag-actualites","9":"tag-albanie","10":"tag-crise-migratoire","11":"tag-eu","12":"tag-europe","13":"tag-european-union","14":"tag-fr","15":"tag-france","16":"tag-italie","17":"tag-news","18":"tag-republique-francaise","19":"tag-ue","20":"tag-union-europeenne"},"share_on_mastodon":{"url":"https:\/\/pubeurope.com\/@fr\/114956682136180980","error":""},"_links":{"self":[{"href":"https:\/\/www.europesays.com\/fr\/wp-json\/wp\/v2\/posts\/290326","targetHints":{"allow":["GET"]}}],"collection":[{"href":"https:\/\/www.europesays.com\/fr\/wp-json\/wp\/v2\/posts"}],"about":[{"href":"https:\/\/www.europesays.com\/fr\/wp-json\/wp\/v2\/types\/post"}],"author":[{"embeddable":true,"href":"https:\/\/www.europesays.com\/fr\/wp-json\/wp\/v2\/users\/2"}],"replies":[{"embeddable":true,"href":"https:\/\/www.europesays.com\/fr\/wp-json\/wp\/v2\/comments?post=290326"}],"version-history":[{"count":0,"href":"https:\/\/www.europesays.com\/fr\/wp-json\/wp\/v2\/posts\/290326\/revisions"}],"wp:featuredmedia":[{"embeddable":true,"href":"https:\/\/www.europesays.com\/fr\/wp-json\/wp\/v2\/media\/290327"}],"wp:attachment":[{"href":"https:\/\/www.europesays.com\/fr\/wp-json\/wp\/v2\/media?parent=290326"}],"wp:term":[{"taxonomy":"category","embeddable":true,"href":"https:\/\/www.europesays.com\/fr\/wp-json\/wp\/v2\/categories?post=290326"},{"taxonomy":"post_tag","embeddable":true,"href":"https:\/\/www.europesays.com\/fr\/wp-json\/wp\/v2\/tags?post=290326"}],"curies":[{"name":"wp","href":"https:\/\/api.w.org\/{rel}","templated":true}]}}