{"id":290330,"date":"2025-08-02T01:56:19","date_gmt":"2025-08-02T01:56:19","guid":{"rendered":"https:\/\/www.europesays.com\/fr\/290330\/"},"modified":"2025-08-02T01:56:19","modified_gmt":"2025-08-02T01:56:19","slug":"le-chauffeur-a-ete-mis-en-examen-et-place-sous-controle-judiciaire","status":"publish","type":"post","link":"https:\/\/www.europesays.com\/fr\/290330\/","title":{"rendered":"le chauffeur a \u00e9t\u00e9 mis en examen et plac\u00e9 sous contr\u00f4le judiciaire"},"content":{"rendered":"<p>Dix-huit personnes sont encore hospitalis\u00e9es. Au lendemain de <a href=\"https:\/\/www.20minutes.fr\/faits_divers\/4166107-20250731-ajaccio-accident-petit-train-fait-12-blesses-dont-quatre-graves-parmi-lesquels-enfant\" class=\"color-ultramarine c-link\" target=\"_blank\" rel=\"noopener\">l\u2019accident du petit train d\u2019Ajaccio<\/a> en<a href=\"https:\/\/www.20minutes.fr\/dossier\/corse\" class=\"color-ultramarine c-link\" target=\"_blank\" rel=\"noopener\"> Corse<\/a>, le chauffeur, \u00e2g\u00e9 de 70 ans, a \u00e9t\u00e9 mis en examen vendredi apr\u00e8s-midi pour blessures involontaires, a annonc\u00e9 le procureur de la R\u00e9publique <a href=\"https:\/\/www.20minutes.fr\/dossier\/ajaccio\" class=\"color-ultramarine c-link\" target=\"_blank\" rel=\"noopener\">d\u2019Ajaccio<\/a> dans un communiqu\u00e9. Il a \u00e9galement \u00e9t\u00e9 plac\u00e9 sous contr\u00f4le judiciaire avec interdiction de conduire tout v\u00e9hicule terrestre \u00e0 moteur.<\/p>\n<p>Selon les premiers \u00e9l\u00e9ments de l\u2019enqu\u00eate, le chauffeur, qui conduisait le train depuis\u00a02016 pendant la saison touristique, \u00ab\u00a0disposait de l\u2019ensemble des permis n\u00e9cessaires \u00e0 la conduite de cet ensemble routier brid\u00e9 \u00e0 la vitesse de 40\u00a0km\/h\u00a0\u00bb, a indiqu\u00e9 vendredi le procureur Nicolas Septe. <a href=\"https:\/\/www.20minutes.fr\/faits_divers\/4166268-20250801-accident-petit-train-ajaccio-18-passagers-hospitalises-ni-alcool-ni-drogue-analyses-conducteur\" class=\"color-ultramarine c-link\" target=\"_blank\" rel=\"noopener\">Les d\u00e9pistages alcool et stup\u00e9fiants se sont \u00e9galement av\u00e9r\u00e9s n\u00e9gatifs.<\/a><\/p>\n<p>Le septuag\u00e9naire lui-m\u00eame \u00ab\u00a0ne s\u2019explique pas les causes de l\u2019accident\u00a0\u00bb et a indiqu\u00e9 \u00ab\u00a0n\u2019avoir rencontr\u00e9 aucun probl\u00e8me m\u00e9canique particulier lors de sa rotation\u00a0\u00bb, a ajout\u00e9 le magistrat. La veille, des t\u00e9moignages de passagers \u00e9voquaient une vitesse \u00e9lev\u00e9e.<\/p>\n<\/p>\n<p>Cinq en \u00ab\u00a0urgence absolue\u00a0\u00bb<\/p>\n<p>L\u2019accident a eu lieu jeudi \u00e0 la mi-journ\u00e9e. Alors que 58 personnes \u00e9taient \u00e0 bord, le dernier wagon du petit train touristique s\u2019est renvers\u00e9 au niveau d\u2019un rond-point sur la route des Sanguinaires qui longe la mer \u00e0 Ajaccio. Vendredi, 18 personnes restaient hospitalis\u00e9es, dont cinq \u00ab\u00a0en urgence absolue\u00a0\u00bb mais dont \u00ab\u00a0le pronostic vital n\u2019est pas engag\u00e9 \u00e0 ce stade\u00a0\u00bb, a pr\u00e9cis\u00e9 le procureur.<\/p>\n<p><a href=\"https:\/\/www.20minutes.fr\/dossier\/corse\" class=\"c-link c-btn c-btn--primary\" target=\"_blank\" rel=\"noopener\">Retrouvez ici tous nos articles sur l&rsquo;actualit\u00e9 en Corse<\/a><\/p>\n<p>Parmi les bless\u00e9s figurent cinq Britanniques mais aussi des Fran\u00e7ais et des N\u00e9erlandais, certains \u00e9tant <a href=\"https:\/\/www.20minutes.fr\/societe\/4164335-20250721-tourisme-passager-croisiere-ennemi-numero-1\" class=\"color-ultramarine c-link\" target=\"_blank\" rel=\"noopener\">des croisi\u00e9ristes<\/a>, avait pr\u00e9cis\u00e9 jeudi \u00e0 l\u2019AFP la pr\u00e9fecture de Corse-du-Sud. Le directeur de cabinet du pr\u00e9fet, Florian Straser, avait indiqu\u00e9 que les blessures \u00e9taient principalement des \u00ab\u00a0\u00e9crasements de membres\u00a0\u00bb.<\/p>\n","protected":false},"excerpt":{"rendered":"Dix-huit personnes sont encore hospitalis\u00e9es. Au lendemain de l\u2019accident du petit train d\u2019Ajaccio en Corse, le chauffeur, \u00e2g\u00e9&hellip;\n","protected":false},"author":2,"featured_media":290331,"comment_status":"","ping_status":"","sticky":false,"template":"","format":"standard","meta":{"footnotes":""},"categories":[2],"tags":[119,4376,47,11,5622,2517,38192,118,1011,27,12,25,2453],"class_list":{"0":"post-290330","1":"post","2":"type-post","3":"status-publish","4":"format-standard","5":"has-post-thumbnail","7":"category-actualites","8":"tag-accident","9":"tag-accident-de-la-route","10":"tag-actualite","11":"tag-actualites","12":"tag-ajaccio","13":"tag-corse","14":"tag-corse-du-sud","15":"tag-faits-divers","16":"tag-fr","17":"tag-france","18":"tag-news","19":"tag-republique-francaise","20":"tag-vacances-dete"},"share_on_mastodon":{"url":"https:\/\/pubeurope.com\/@fr\/114956689992751698","error":""},"_links":{"self":[{"href":"https:\/\/www.europesays.com\/fr\/wp-json\/wp\/v2\/posts\/290330","targetHints":{"allow":["GET"]}}],"collection":[{"href":"https:\/\/www.europesays.com\/fr\/wp-json\/wp\/v2\/posts"}],"about":[{"href":"https:\/\/www.europesays.com\/fr\/wp-json\/wp\/v2\/types\/post"}],"author":[{"embeddable":true,"href":"https:\/\/www.europesays.com\/fr\/wp-json\/wp\/v2\/users\/2"}],"replies":[{"embeddable":true,"href":"https:\/\/www.europesays.com\/fr\/wp-json\/wp\/v2\/comments?post=290330"}],"version-history":[{"count":0,"href":"https:\/\/www.europesays.com\/fr\/wp-json\/wp\/v2\/posts\/290330\/revisions"}],"wp:featuredmedia":[{"embeddable":true,"href":"https:\/\/www.europesays.com\/fr\/wp-json\/wp\/v2\/media\/290331"}],"wp:attachment":[{"href":"https:\/\/www.europesays.com\/fr\/wp-json\/wp\/v2\/media?parent=290330"}],"wp:term":[{"taxonomy":"category","embeddable":true,"href":"https:\/\/www.europesays.com\/fr\/wp-json\/wp\/v2\/categories?post=290330"},{"taxonomy":"post_tag","embeddable":true,"href":"https:\/\/www.europesays.com\/fr\/wp-json\/wp\/v2\/tags?post=290330"}],"curies":[{"name":"wp","href":"https:\/\/api.w.org\/{rel}","templated":true}]}}