{"id":290343,"date":"2025-08-02T02:05:11","date_gmt":"2025-08-02T02:05:11","guid":{"rendered":"https:\/\/www.europesays.com\/fr\/290343\/"},"modified":"2025-08-02T02:05:11","modified_gmt":"2025-08-02T02:05:11","slug":"maeva-squiban-peut-elle-gagner-un-jour-le-tour-de-france-femmes","status":"publish","type":"post","link":"https:\/\/www.europesays.com\/fr\/290343\/","title":{"rendered":"Ma\u00ebva Squiban peut-elle gagner un jour le Tour de France Femmes\u00a0?"},"content":{"rendered":"<p>Tour de France Femmes<\/p>\n<p>En l\u2019espace de deux jours, la Brestoise Ma\u00ebva Squiban est entr\u00e9e avec fracas dans une nouvelle caste. Celle des stars de son sport. Avec son coup de p\u00e9dale d\u2019une incroyable fluidit\u00e9 et son style tout en l\u00e9g\u00e8ret\u00e9, elle a crev\u00e9 l\u2019\u00e9cran en montagne, dans les cols, domaine r\u00e9serv\u00e9 aux championnes. Au bout,<a href=\"https:\/\/www.letelegramme.fr\/sports\/cyclisme\/tour-de-france\/tour-de-france-femmes-incroyable-maeva-squiban-recidive-a-chambery-6865499.php\" target=\"_blank\" rel=\"noopener\"> deux incroyables victoires<\/a> sur le Tour de France Femmes. \u00c0 la suite, qui plus est.<\/p>\n<p>Une premi\u00e8re cons\u00e9cration pour la grimpeuse de 23 ans, membre de la formation UAE Team ADQ, qui se place \u00e9galement comme une concurrente s\u00e9rieuse dans la course au maillot \u00e0 pois. Mais apr\u00e8s avoir perdu \u00e9norm\u00e9ment de temps lors de la premi\u00e8re \u00e9tape \u00e0 Plumelec (\u00e0 cause d\u2019une chute), le Maillot jaune, lui, est \u00e0 oublier. Squiban pointe actuellement en 16e place du g\u00e9n\u00e9ral, \u00e0 7\u2019 de la premi\u00e8re place et \u00e0 plus de cinq du top 10. Trop loin pour y croire. Pour cette ann\u00e9e seulement ? \u00ab Lorsqu\u2019on est capable de r\u00e9aliser cela en moyenne montagne, on peut viser haut. Je la vois aller tr\u00e8s loin \u00bb, assure ainsi Paul Brousse, le s\u00e9lectionneur de l\u2019\u00e9quipe de France f\u00e9minine.<\/p>\n<p>\u00ab Elle a le niveau pour gagner le Tour de France \u00bb<\/p>\n<p>\u00ab Intouchable en \u00e9lectron libre \u00bb \u00e0 la poursuite des victoires d\u2019\u00e9tapes, selon le Breton Ga\u00ebl Le Bellec, qui a entra\u00een\u00e9 Squiban chez les cadettes puis a \u00e9t\u00e9 son directeur sportif \u00e0 la Breizh Ladies, au Stade Rochelais et chez Ark\u00e9a-B&amp;B Hotels, la Bretonne \u00ab pourra jouer un classement g\u00e9n\u00e9ral de Grand Tour assez rapidement \u00bb, s\u2019avance Paul Brousse.<\/p>\n<p>Alors, Ma\u00ebva Squiban concurrente de Demi Vollering, Kasia Niewiadoma ou Pauline Ferrand-Pr\u00e9vot sur le Tour de France les prochaines ann\u00e9es ? \u00ab Je ne sais pas si elle peut le gagner, mais elle a le niveau pour essayer de le gagner \u00bb, assure Audrey Cordon-Ragot. \u00ab Elle a le niveau physique pour gagner le Tour de France ! \u00bb, tonne de son c\u00f4t\u00e9 Ga\u00ebl Le Bellec, qui s\u2019interroge toutefois sur sa capacit\u00e9 \u00e0 endosser, \u00e0 l\u2019avenir, un r\u00f4le de leader. Et toute la pression qui va avec\u2026 \u00ab Moi, en tout cas, j\u2019ai tr\u00e8s envie de la voir leader. Quand on voit ses aptitudes\u2026 \u00bb<\/p>\n","protected":false},"excerpt":{"rendered":"Tour de France Femmes En l\u2019espace de deux jours, la Brestoise Ma\u00ebva Squiban est entr\u00e9e avec fracas dans&hellip;\n","protected":false},"author":2,"featured_media":290344,"comment_status":"","ping_status":"","sticky":false,"template":"","format":"standard","meta":{"footnotes":""},"categories":[1411],"tags":[11,3450,1154,207,11097,3166,1011,27,60,210,11098],"class_list":{"0":"post-290343","1":"post","2":"type-post","3":"status-publish","4":"format-standard","5":"has-post-thumbnail","7":"category-cyclisme","8":"tag-actualites","9":"tag-brest","10":"tag-cycling","11":"tag-cyclisme","12":"tag-cyclisme-feminin","13":"tag-en-continu-sports","14":"tag-fr","15":"tag-france","16":"tag-sports","17":"tag-tour-de-france","18":"tag-tour-de-france-femmes"},"share_on_mastodon":{"url":"https:\/\/pubeurope.com\/@fr\/114956725338996128","error":""},"_links":{"self":[{"href":"https:\/\/www.europesays.com\/fr\/wp-json\/wp\/v2\/posts\/290343","targetHints":{"allow":["GET"]}}],"collection":[{"href":"https:\/\/www.europesays.com\/fr\/wp-json\/wp\/v2\/posts"}],"about":[{"href":"https:\/\/www.europesays.com\/fr\/wp-json\/wp\/v2\/types\/post"}],"author":[{"embeddable":true,"href":"https:\/\/www.europesays.com\/fr\/wp-json\/wp\/v2\/users\/2"}],"replies":[{"embeddable":true,"href":"https:\/\/www.europesays.com\/fr\/wp-json\/wp\/v2\/comments?post=290343"}],"version-history":[{"count":0,"href":"https:\/\/www.europesays.com\/fr\/wp-json\/wp\/v2\/posts\/290343\/revisions"}],"wp:featuredmedia":[{"embeddable":true,"href":"https:\/\/www.europesays.com\/fr\/wp-json\/wp\/v2\/media\/290344"}],"wp:attachment":[{"href":"https:\/\/www.europesays.com\/fr\/wp-json\/wp\/v2\/media?parent=290343"}],"wp:term":[{"taxonomy":"category","embeddable":true,"href":"https:\/\/www.europesays.com\/fr\/wp-json\/wp\/v2\/categories?post=290343"},{"taxonomy":"post_tag","embeddable":true,"href":"https:\/\/www.europesays.com\/fr\/wp-json\/wp\/v2\/tags?post=290343"}],"curies":[{"name":"wp","href":"https:\/\/api.w.org\/{rel}","templated":true}]}}