{"id":290349,"date":"2025-08-02T02:08:15","date_gmt":"2025-08-02T02:08:15","guid":{"rendered":"https:\/\/www.europesays.com\/fr\/290349\/"},"modified":"2025-08-02T02:08:15","modified_gmt":"2025-08-02T02:08:15","slug":"je-joue-ma-vie-a-chaque-photo","status":"publish","type":"post","link":"https:\/\/www.europesays.com\/fr\/290349\/","title":{"rendered":"\u00ab\u00a0Je joue ma vie \u00e0 chaque photo\u00a0\u00bb"},"content":{"rendered":"<p>Mois de juillet sportif. Pas possible de faire reposer l\u2019objectif. Sportif et m\u00eame un poil \u00e9touffant. Vague de chaleur, vague de labeur. De La Grave au Nord, d\u2019Intervilles au fait divers, on imagine Thibaut, l\u2019homme de la photo, se dire \u00ab\u00a0l\u00e2che pas le morceau\u00a0!\u00a0\u00bb. Le\u2002sourire, toujours, mais en serrant un peu les dents. C\u2019est \u00e0 se demander si sa nouvelle s\u00e9rie n\u2019est pas un peu impr\u00e9gn\u00e9e de cette cadence effr\u00e9n\u00e9e de juillet\u00a0; avec un petit suppl\u00e9ment de duret\u00e9 dans le clich\u00e9.<\/p>\n<p>Illustration \u00e0 La Grave avec cette image qui donne \u00e0 voir des Haut-Alpins \u00e2g\u00e9s dont les soins d\u00e9pendent d\u2019un infirmier, d\u2019un sauveur venu d\u2019ailleurs.<a href=\"https:\/\/www.ledauphine.com\/edition-hautes-alpes-alpes-de-haute-provence\/la-grave\" target=\"_blank\" rel=\"noopener\"> La Grave<\/a> toujours. Depuis le cimeti\u00e8re, Thibaut Durand illustre deux faces de La Meije, si belle et mortelle. M\u00eame la photo sportive, ce mois-ci, se veut plus incisive. Brian\u00e7on, mont\u00e9e verticale pendant la Coupe du monde de course en montagne\u00a0: pas d\u2019explosion de joie, pas de sourire qui fend la poire, mais un trailer au bout de lui-m\u00eame qui s\u2019\u00e9croule sous la douleur. Puy-Saint-Vincent, championnats de France de\u2002VTT\u00a0: \u00ab\u00a0La r\u00e9alit\u00e9, c\u2019est \u00e7a, pose Thibaut Durand. La poussi\u00e8re, les uns contre les autres. C\u2019\u00e9tait vraiment dur. M\u00eame impressionnant de voir autant de souffrance.\u00a0\u00bb<\/p>\n<p>Autre r\u00e9alit\u00e9 photographi\u00e9e en juillet, celle d\u2019\u00e9leveurs m\u00e9contents, avec un slogan affich\u00e9 dans le dos, qui esp\u00e8rent des r\u00e9ponses de leur ministre. \u00ab\u00a0Je n\u2019aime pas trop prendre des \u00e9crits politiques en photo mais ils en avaient gros sur la patate. Ce sont des gens qui se battent pour leur cause\u00a0\u00bb, explicite le photojournaliste du\u2002Dauphin\u00e9 Lib\u00e9r\u00e9. Alors que vient faire dans cette gal\u00e8re un Nagui tout sourire, venant tout juste de couronner<a href=\"https:\/\/www.ledauphine.com\/societe\/2025\/07\/24\/intervilles-gap-peut-elle-remporter-l-edition-2025-du-jeu-televise\" target=\"_blank\" rel=\"noopener\"> les Gapen\u00e7ais rois d\u2019Intervilles<\/a> \u00e0 Wallers-Arenberg\u00a0? Lui aussi \u00ab\u00a0se bat vraiment, il\u2002est impressionnant dans la performance et l\u2019\u00e9nergie qu\u2019il donne\u00a0\u00bb.<\/p>\n<p>  \u00ab\u00a0C\u2019est l\u2019\u00e9nergie de vouloir faire le mieux possible\u00a0\u00bb<\/p>\n<p>Si ce n\u2019est pas de la duret\u00e9 alors c\u2019est peut-\u00eatre l\u2019expression d\u2019une combativit\u00e9 qui transpara\u00eet, de celle qu\u2019il a fallu mobiliser en juillet pour ramener ces images. De celle qu\u2019il faut montrer chaque jour pour t\u00e9moigner, par le texte ou la photo. Parce qu\u2019\u00e0 pied dans les Alpes du Sud, en voiture ou en train \u00e0 travers la France, \u00ab\u00a0il\u2002faut d\u00e9ployer une \u00e9nergie pour chercher ces clich\u00e9s, rappelle le principal int\u00e9ress\u00e9. C\u2019est l\u2019\u00e9nergie de vouloir faire le mieux possible. C\u2019est le moteur. Je joue ma vie \u00e0 chaque photo.\u00a0\u00bb<\/p>\n","protected":false},"excerpt":{"rendered":"Mois de juillet sportif. Pas possible de faire reposer l\u2019objectif. Sportif et m\u00eame un poil \u00e9touffant. Vague de&hellip;\n","protected":false},"author":2,"featured_media":290350,"comment_status":"","ping_status":"","sticky":false,"template":"","format":"standard","meta":{"footnotes":""},"categories":[1358],"tags":[327,1348,1384,1385,6698,1687,1386,58,33,4521,59,436,13717,1011,27,2798,881,316],"class_list":{"0":"post-290349","1":"post","2":"type-post","3":"status-publish","4":"format-standard","5":"has-post-thumbnail","7":"category-arts-et-design","8":"tag-agriculture","9":"tag-arts","10":"tag-arts-and-design","11":"tag-arts-et-design","12":"tag-canicule","13":"tag-culture-loisirs","14":"tag-design","15":"tag-divertissement","16":"tag-economie","17":"tag-edition-hautes-alpes-alpes-de-haute-provence","18":"tag-entertainment","19":"tag-environnement","20":"tag-format","21":"tag-fr","22":"tag-france","23":"tag-galerie-photo","24":"tag-hautes-alpes","25":"tag-politique"},"share_on_mastodon":{"url":"https:\/\/pubeurope.com\/@fr\/114956737371571386","error":""},"_links":{"self":[{"href":"https:\/\/www.europesays.com\/fr\/wp-json\/wp\/v2\/posts\/290349","targetHints":{"allow":["GET"]}}],"collection":[{"href":"https:\/\/www.europesays.com\/fr\/wp-json\/wp\/v2\/posts"}],"about":[{"href":"https:\/\/www.europesays.com\/fr\/wp-json\/wp\/v2\/types\/post"}],"author":[{"embeddable":true,"href":"https:\/\/www.europesays.com\/fr\/wp-json\/wp\/v2\/users\/2"}],"replies":[{"embeddable":true,"href":"https:\/\/www.europesays.com\/fr\/wp-json\/wp\/v2\/comments?post=290349"}],"version-history":[{"count":0,"href":"https:\/\/www.europesays.com\/fr\/wp-json\/wp\/v2\/posts\/290349\/revisions"}],"wp:featuredmedia":[{"embeddable":true,"href":"https:\/\/www.europesays.com\/fr\/wp-json\/wp\/v2\/media\/290350"}],"wp:attachment":[{"href":"https:\/\/www.europesays.com\/fr\/wp-json\/wp\/v2\/media?parent=290349"}],"wp:term":[{"taxonomy":"category","embeddable":true,"href":"https:\/\/www.europesays.com\/fr\/wp-json\/wp\/v2\/categories?post=290349"},{"taxonomy":"post_tag","embeddable":true,"href":"https:\/\/www.europesays.com\/fr\/wp-json\/wp\/v2\/tags?post=290349"}],"curies":[{"name":"wp","href":"https:\/\/api.w.org\/{rel}","templated":true}]}}