{"id":290361,"date":"2025-08-02T02:15:18","date_gmt":"2025-08-02T02:15:18","guid":{"rendered":"https:\/\/www.europesays.com\/fr\/290361\/"},"modified":"2025-08-02T02:15:18","modified_gmt":"2025-08-02T02:15:18","slug":"paris-jackson-rompt-brutalement-ses-fiancailles-avec-justin-long","status":"publish","type":"post","link":"https:\/\/www.europesays.com\/fr\/290361\/","title":{"rendered":"Paris Jackson rompt brutalement ses fian\u00e7ailles avec Justin Long"},"content":{"rendered":"<p>Apr\u00e8s huit mois de fian\u00e7ailles avec le producteur, la fille de Michael Jackson a annonc\u00e9 ce 31 juillet la fin de la relation apr\u00e8s leurs fian\u00e7ailles en d\u00e9cembre dernier.<\/p>\n<p class=\"fig-paragraph\">Mieux vaut pr\u00e9venir que gu\u00e9rir. Huit mois apr\u00e8s ses fian\u00e7ailles avec le producteur Justin Long, l\u2019actrice am\u00e9ricaine\u00a0<a href=\"https:\/\/madame.lefigaro.fr\/tag\/paris-jackson\" target=\"_blank\" data-fig-type=\"Keyword\" rel=\"sponsored noopener nofollow\" data-gtm-custom-categorie=\"navigation\" data-gtm-custom-action=\"crossclick\" data-gtm-custom-label=\"Contextuel\" data-gtm-event=\"customEventSPE\" data-fig-domain=\"MADAME\">Paris Jackson<\/a>\u00a0vient de confirmer la rupture de son engagement ce 31 juillet. C\u2019est via son compte X que la fille de Michael Jackson vient officiellement de mettre un terme \u00e0 sa relation en r\u00e9agissant \u00e0 des photos d\u2019elle en pleurs que le\u00a0<a href=\"https:\/\/www.dailymail.co.uk\/tvshowbiz\/article-14934599\/Paris-Jackson-sparks-concern-cry-Malibu-Michael-death-anniversary.html\" target=\"_blank\" rel=\"sponsored noopener nofollow\" data-gtm-custom-categorie=\"navigation\" data-gtm-custom-action=\"crossclick\" data-gtm-custom-label=\"Contextuel\" data-gtm-event=\"customEventSPE\">Daily Mail<\/a> \u00a0a publi\u00e9es le 24 juillet et dans lesquelles il \u00e9tait question \u00abdes inqui\u00e9tudes\u00bb autour de son \u00e9tat, quelques semaines apr\u00e8s l\u2019anniversaire de la mort de son p\u00e8re. \u00abCe sont des larmes de rupture\u00bb, tacle donc la jeune femme de 27 ans.<\/p>\n<p class=\"fig-paragraph\">La nouvelle a surpris de nombreux fans, d\u2019autant que le 18 juillet encore, la chanteuse et actrice partageait sur Instagram des clich\u00e9s complices avec son compagnon. Le couple avait officialis\u00e9 ses fian\u00e7ailles le 6 d\u00e9cembre 2024, \u00e9galement via les r\u00e9seaux sociaux, apr\u00e8s une relation entam\u00e9e en 2022.<\/p>\n<p>                                    <a class=\"fig-a11y-skip a11y-hidden\" href=\"#fig-a11y-skip-main-inarticle\"><br \/>\n        Passer la publicit\u00e9<br \/>\n    <\/a><\/p>\n<p>Un c\u0153ur \u00e0 prendre<\/p>\n<p class=\"fig-paragraph\">Malgr\u00e9 une certaine discr\u00e9tion autour de sa vie amoureuse, plusieurs de ses relations ont marqu\u00e9 les esprits. En 2015, elle s\u2019\u00e9tait rapproch\u00e9e du footballeur allemand Christopher Hanke, avant de vivre une histoire avec le batteur Michael Snoddy l\u2019ann\u00e9e suivante.<\/p>\n<p class=\"fig-paragraph\">Puis rien de tr\u00e8s concret jusqu\u2019\u00e0 l\u2019\u00e9t\u00e9 2018, au cours duquel elle a fait publiquement son coming out bisexuel en \u00e9voquant une liaison pass\u00e9e avec la mannequin Cara Delevingne. Dans un ancien post-publi\u00e9 sur Facebook, elle confiait d\u2019ailleurs\u00a0: \u00abJe pensais que j\u2019allais \u00e9pouser une femme. J\u2019ai eu plus de relations avec des femmes qu\u2019avec des hommes. Mais le public ne conna\u00eet que trois de mes relations s\u00e9rieuses, toutes avec des hommes\u00bb.<\/p>\n","protected":false},"excerpt":{"rendered":"Apr\u00e8s huit mois de fian\u00e7ailles avec le producteur, la fille de Michael Jackson a annonc\u00e9 ce 31 juillet&hellip;\n","protected":false},"author":2,"featured_media":290362,"comment_status":"","ping_status":"","sticky":false,"template":"","format":"standard","meta":{"footnotes":""},"categories":[8],"tags":[58,59,1011,27,1930,42953],"class_list":{"0":"post-290361","1":"post","2":"type-post","3":"status-publish","4":"format-standard","5":"has-post-thumbnail","7":"category-divertissement","8":"tag-divertissement","9":"tag-entertainment","10":"tag-fr","11":"tag-france","12":"tag-mariage","13":"tag-paris-jackson"},"share_on_mastodon":{"url":"https:\/\/pubeurope.com\/@fr\/114956764635162135","error":""},"_links":{"self":[{"href":"https:\/\/www.europesays.com\/fr\/wp-json\/wp\/v2\/posts\/290361","targetHints":{"allow":["GET"]}}],"collection":[{"href":"https:\/\/www.europesays.com\/fr\/wp-json\/wp\/v2\/posts"}],"about":[{"href":"https:\/\/www.europesays.com\/fr\/wp-json\/wp\/v2\/types\/post"}],"author":[{"embeddable":true,"href":"https:\/\/www.europesays.com\/fr\/wp-json\/wp\/v2\/users\/2"}],"replies":[{"embeddable":true,"href":"https:\/\/www.europesays.com\/fr\/wp-json\/wp\/v2\/comments?post=290361"}],"version-history":[{"count":0,"href":"https:\/\/www.europesays.com\/fr\/wp-json\/wp\/v2\/posts\/290361\/revisions"}],"wp:featuredmedia":[{"embeddable":true,"href":"https:\/\/www.europesays.com\/fr\/wp-json\/wp\/v2\/media\/290362"}],"wp:attachment":[{"href":"https:\/\/www.europesays.com\/fr\/wp-json\/wp\/v2\/media?parent=290361"}],"wp:term":[{"taxonomy":"category","embeddable":true,"href":"https:\/\/www.europesays.com\/fr\/wp-json\/wp\/v2\/categories?post=290361"},{"taxonomy":"post_tag","embeddable":true,"href":"https:\/\/www.europesays.com\/fr\/wp-json\/wp\/v2\/tags?post=290361"}],"curies":[{"name":"wp","href":"https:\/\/api.w.org\/{rel}","templated":true}]}}