{"id":290386,"date":"2025-08-02T02:38:16","date_gmt":"2025-08-02T02:38:16","guid":{"rendered":"https:\/\/www.europesays.com\/fr\/290386\/"},"modified":"2025-08-02T02:38:16","modified_gmt":"2025-08-02T02:38:16","slug":"cest-quoi-ce-mercato-de-zinzin-a-strasbourg-france-strasbourg","status":"publish","type":"post","link":"https:\/\/www.europesays.com\/fr\/290386\/","title":{"rendered":"C\u2019est quoi ce mercato de zinzin \u00e0 Strasbourg\u00a0? &#8211; France &#8211; Strasbourg"},"content":{"rendered":"<p>Selon l\u2019ancien international \u00e9quatorien <a target=\"_blank\" href=\"https:\/\/www.sofoot.com\/breves\/carlos-tenorio-lequateur-peut-atteindre-les-quarts-de-finale\" rel=\"nofollow noopener\">Carlos Tenorio<\/a>, Kendry P\u00e1ez (18 ans) <a target=\"_blank\" href=\"https:\/\/www.lequipe.fr\/Football\/Article\/Top-30-de-la-generation-2007-30e-21e-la-revelation-kader-meite-les-argentins-ian-subiabre-et-alvaro-montoro-se-montrent\/1567552\" rel=\"nofollow noopener\">\u00ab\u00a0a le potentiel pour devenir meilleur que Messi ou Neymar\u00a0\u00bb<\/a>. Rien que \u00e7a. Si l\u2019on choisit de le croire sur parole, nul doute que les supporters du Racing Club de Strasbourg doivent avoir des papillons dans le ventre, au moins autant que leurs homologues palois, \u00e0 l\u2019\u00e9poque o\u00f9 <a target=\"_blank\" href=\"https:\/\/www.sofoot.com\/articles\/nguyen-quang-hai-folie-vietnamienne-a-la-sauce-bearnaise-france-pau\" rel=\"nofollow noopener\">le Pau FC avait annonc\u00e9 en grande pompe la signature<\/a> de Nguy\u1ec5n Quang H\u1ea3i, surnomm\u00e9 pour sa part comme \u00e9tant <a target=\"_blank\" href=\"https:\/\/www.sofoot.com\/articles\/nguyen-quang-hai-ca-va-faire-mal-international-vietnam\" rel=\"nofollow noopener\">\u00ab\u00a0le Messi vietnamien\u00a0\u00bb<\/a>.<\/p>\n<blockquote class=\"twitter-tweet-lazy\" data-width=\"500\" data-dnt=\"true\">\n<p lang=\"fr\" dir=\"ltr\">48\u00b027\u203214\u2033N, 7\u00b045\u203215\u2033E \ud83e\udded<\/p>\n<p>\ud835\udc0d\ud835\udc28\ud835\udc2e\ud835\udc2c, sur l&rsquo;eau. <a target=\"_blank\" href=\"https:\/\/t.co\/zxjDJReXJx\" rel=\"nofollow\">pic.twitter.com\/zxjDJReXJx<\/a><\/p>\n<p>\u2014 Racing Club de Strasbourg Alsace (@RCSA) <a target=\"_blank\" href=\"https:\/\/twitter.com\/RCSA\/status\/1950889181300797758?ref_src=twsrc%5Etfw\" rel=\"nofollow noopener\">July 31, 2025<\/a><\/p>\n<\/blockquote>\n<p>Le milieu offensif, qui arrive de l\u2019Independiente del Valle, <a target=\"_blank\" href=\"https:\/\/www.sofoot.com\/breves\/mercato-incroyable-mais-vrai-le-rc-strasbourg-signe-un-joueur-de-chelsea-en-pret\" rel=\"nofollow noopener\">est engag\u00e9 depuis 2023 avec Chelsea<\/a> \u2013 avec une arriv\u00e9e effective pour ses 18 ans, cette ann\u00e9e donc \u2013 et s\u2019entra\u00eenait avec le Racing depuis avril dernier. Sa pige en Alsace est cens\u00e9e le familiariser avec le niveau du football europ\u00e9en, dans un club qui, apr\u00e8s avoir termin\u00e9 septi\u00e8me de Ligue 1, a remport\u00e9 le droit de disputer les barrages de la Ligue Conf\u00e9rence. Mais P\u00e1ez, venu \u00ab\u00a0pour cr\u00e9er, inspirer et cr\u00e9er l\u2019ouverture\u00a0\u00bb, n\u2019est pas le seul joueur des Blues \u00e0 faire les frais de la relation privil\u00e9gi\u00e9e qui existe depuis deux ans entre Chelsea et Strasbourg. Avant lui, c\u2019est le lat\u00e9ral anglais <a target=\"_blank\" href=\"https:\/\/www.sofoot.com\/breves\/mercato-le-rc-strasbourg-pioche-un-lateral-gauche-chez-un-club-de-premier-league-inattendu#goog_rewarded\" rel=\"nofollow noopener\">Ish\u00e9 Samuels-Smith<\/a> (7,5 millions, contrat de cinq ans), le milieu fran\u00e7ais <a target=\"_blank\" href=\"https:\/\/www.sofoot.com\/breves\/mercato-mathis-amougou-va-quitter-chelsea-pour-debarquer-a-strasbourg\" rel=\"nofollow noopener\">Mathis Amougou<\/a> (14,5 millions, idem) et le gardien belge <a target=\"_blank\" href=\"https:\/\/www.sofoot.com\/breves\/mercato-strasbourg-fait-ses-emplettes-a-chelsea-pour-son-nouveau-gardien\" rel=\"nofollow noopener\">Mike Penders<\/a> (pr\u00eat d\u2019un an) ont fait leurs valises pour emm\u00e9nager \u00e0 la Meinau. Ce vendredi, c\u2019est le d\u00e9fenseur Mamadou Sarr, vendu en juin par les Cigognes aux Blues, qui <a target=\"_blank\" href=\"https:\/\/www.sofoot.com\/breves\/strasbourg-recupere-mamadou-sarr-quil-avait-vendu-a-chelsea\" rel=\"nofollow noopener\">retrouve le club du Bas-Rhin en pr\u00eat<\/a>.<\/p>\n<p><strong>BlueCo d\u00e9pendance, mais pas que<\/strong><\/p>\n<p>Ces cinq noms illustrent presque \u00e0 eux seuls la fr\u00e9n\u00e9sie qui agite le Racing pendant ce mercato. Avec 87 millions d\u2019euros d\u00e9pens\u00e9s \u00e0 ce jour (contre 50,70 millions de ventes, dont les deux tiers pour celle du capitaine <a target=\"_blank\" href=\"https:\/\/www.sofoot.com\/breves\/mercato-strasbourg-vend-officiellement-habib-diarra-a-sunderland-en-echange-de-37-millions-deuros\" rel=\"nofollow noopener\">Habib Diarra \u00e0 Sunderland<\/a>, soit un d\u00e9ficit de 36,30 millions), Strabourg est en effet le seul club fran\u00e7ais pr\u00e9sent dans le Top 20 des \u00e9curies ayant le plus claqu\u00e9 \u00e0 l\u2019\u00e9chelle mondiale. Avec parfois des paris parfois os\u00e9s, \u00e0 l\u2019image de l\u2019Argentin <a target=\"_blank\" href=\"https:\/\/www.sofoot.com\/breves\/mercato-le-rc-strasbourg-soffre-lattaquant-argentin-joaquin-panichelli-mirandes-alaves-pour-20-millions-deuros\" rel=\"nofollow noopener\">Joaquin Panichelli<\/a>, recrut\u00e9 pour cinq ans contre 16,5 millions au Deportivo Alav\u00e9s (D2 espagnole), qu\u2019on attend d\u00e9sormais en paire avec le n\u00e9o-capitaine <a target=\"_blank\" href=\"https:\/\/www.sofoot.com\/articles\/emanuel-emegha-symbole-dun-strasbourg-sur-de-lui\" rel=\"nofollow noopener\">Emanuel Emegha<\/a> sur le front de l\u2019attaque.<\/p>\n<p>Un nom cens\u00e9 prouver que la cellule de recrutement (<a target=\"_blank\" href=\"https:\/\/www.sofoot.com\/breves\/gregory-thil-est-le-nouveau-directeur-du-recrutement-de-strasbourg\" rel=\"nofollow noopener\">dirig\u00e9e par Gr\u00e9gory Thil<\/a> depuis le mois de juin) n\u2019est pas compl\u00e8tement d\u00e9pendante de Chelsea, comme en t\u00e9moignent les arriv\u00e9es successives d\u2019Andrew Omobamidele (Nottingham Forest), Valentin Barco (Brighton), Souma\u00efla Coulibaly (Borussia Dortmund), Papa Demba Diop (Zulte Waregem), Samuel Amo-Ameyaw (Southampton) et Maxi Oyedele (Legia Varsovie), tous recrut\u00e9s entre 6 et 10 millions d\u2019euros.<\/p>\n<p><strong>Quel est le projet\u00a0?<\/strong><\/p>\n<p>Cependant l\u2019influence (et les moyens financiers) de Chelsea version BlueCo se fait sentir au vue de la provenance et de la nationalit\u00e9 de la plupart des recrues (on l\u2019aura devin\u00e9 : l\u2019Angleterre). De quoi supposer que leur bail en Alsace ne s\u2019inscrira pas forc\u00e9ment dans la dur\u00e9e, surtout en cas d\u2019\u00e9limination pr\u00e9matur\u00e9e en Europe et, surtout, si Strasbourg ne parvient pas \u00e0 surfer sur la premi\u00e8re bonne saison conclue par Liam Rosenior, lequel a r\u00e9cemment <a target=\"_blank\" href=\"https:\/\/www.sofoot.com\/breves\/ligue-1-lentraineur-liam-rosenior-prolonge-avec-strasbourg\" rel=\"nofollow noopener\">prolong\u00e9 son contrat jusqu\u2019en 2028<\/a>. \u00ab\u202fOn n\u2019est pas oblig\u00e9 de c\u00e9der des joueurs, m\u00eame ceux d\u00e9j\u00e0 partis. Pas un joueur n\u2019est vendu sans mon accord \u00bb, affirmait l\u2019entra\u00eeneur anglais, <a target=\"_blank\" href=\"https:\/\/www.sofoot.com\/breves\/liam-rosenior-confiant-pour-la-saison-de-son-racing-club-de-strasbourg\" rel=\"nofollow noopener\">confiant pour la saison \u00e0 venir<\/a>. \u00ab\u202fLe vrai changement, c\u2019est que j\u2019ai toute la pr\u00e9-saison pour travailler avec l\u2019\u00e9quipe.\u00a0Aujourd\u2019hui,\u00a0les joueurs connaissent le syst\u00e8me, mes principes de jeu, donc il y a de tr\u00e8s bonnes bases par rapport \u00e0 l\u2019an dernier quand je suis arriv\u00e9.\u202f\u00bb<\/p>\n<p>Reste \u00e0 int\u00e9grer ce paquet de petits nouveaux. Pour l\u2019instant, les premiers amicaux du Racing ont un go\u00fbt de trop peu (victoire contre Nancy, d\u00e9faites contre Galatasaray et l\u2019Udinese). Il en reste trois (Heidenheim ce samedi, le Sturm Graz le 6 ao\u00fbt et Mayence le 9), en plus d\u2019un choc d\u2019entr\u00e9e de jeu en Ligue 1 face \u00e0 Metz, pour envoyer un signal positif avant les barrages de Ligue Conf\u00e9rence (dont le tirage aura lieu lundi prochain). \u00c0 Strasbourg, l\u2019exercice 2025-2026 commence par une double-finale, dont l\u2019issue pourrait grandement peser sur la suite de la saison.<\/p>\n<p>\t\t\t\t\t\t\t\t\t\t<a class=\"lien-connexe\" href=\"https:\/\/www.sofoot.com\/breves\/mercato-incroyable-mais-vrai-le-rc-strasbourg-signe-un-joueur-de-chelsea-en-pret\" rel=\"nofollow noopener\" target=\"_blank\">Incroyable mais vrai\u202f: le RC Strasbourg signe un joueur de Chelsea en pr\u00eat<\/a>\t\t\t\t\t<script async src=\"https:\/\/platform.twitter.com\/widgets.js\" charset=\"utf-8\"><\/script><\/p>\n","protected":false},"excerpt":{"rendered":"Selon l\u2019ancien international \u00e9quatorien Carlos Tenorio, Kendry P\u00e1ez (18 ans) \u00ab\u00a0a le potentiel pour devenir meilleur que Messi&hellip;\n","protected":false},"author":2,"featured_media":290387,"comment_status":"","ping_status":"","sticky":false,"template":"","format":"standard","meta":{"footnotes":""},"categories":[2820],"tags":[1111,47,11,61,69,65,64,1777,674,63,1011,27,775,68,66,12,62,70,25,67,640],"class_list":{"0":"post-290386","1":"post","2":"type-post","3":"status-publish","4":"format-standard","5":"has-post-thumbnail","7":"category-strasbourg","8":"tag-actu","9":"tag-actualite","10":"tag-actualites","11":"tag-actus-football","12":"tag-bundesliga","13":"tag-championnats-europeens","14":"tag-equipe-de-france","15":"tag-eu","16":"tag-europe","17":"tag-football","18":"tag-fr","19":"tag-france","20":"tag-grand-est","21":"tag-ligua","22":"tag-ligue-1","23":"tag-news","24":"tag-news-foot","25":"tag-premier-league","26":"tag-republique-francaise","27":"tag-serie-a","28":"tag-strasbourg"},"share_on_mastodon":{"url":"https:\/\/pubeurope.com\/@fr\/114956855124883315","error":""},"_links":{"self":[{"href":"https:\/\/www.europesays.com\/fr\/wp-json\/wp\/v2\/posts\/290386","targetHints":{"allow":["GET"]}}],"collection":[{"href":"https:\/\/www.europesays.com\/fr\/wp-json\/wp\/v2\/posts"}],"about":[{"href":"https:\/\/www.europesays.com\/fr\/wp-json\/wp\/v2\/types\/post"}],"author":[{"embeddable":true,"href":"https:\/\/www.europesays.com\/fr\/wp-json\/wp\/v2\/users\/2"}],"replies":[{"embeddable":true,"href":"https:\/\/www.europesays.com\/fr\/wp-json\/wp\/v2\/comments?post=290386"}],"version-history":[{"count":0,"href":"https:\/\/www.europesays.com\/fr\/wp-json\/wp\/v2\/posts\/290386\/revisions"}],"wp:featuredmedia":[{"embeddable":true,"href":"https:\/\/www.europesays.com\/fr\/wp-json\/wp\/v2\/media\/290387"}],"wp:attachment":[{"href":"https:\/\/www.europesays.com\/fr\/wp-json\/wp\/v2\/media?parent=290386"}],"wp:term":[{"taxonomy":"category","embeddable":true,"href":"https:\/\/www.europesays.com\/fr\/wp-json\/wp\/v2\/categories?post=290386"},{"taxonomy":"post_tag","embeddable":true,"href":"https:\/\/www.europesays.com\/fr\/wp-json\/wp\/v2\/tags?post=290386"}],"curies":[{"name":"wp","href":"https:\/\/api.w.org\/{rel}","templated":true}]}}