{"id":290392,"date":"2025-08-02T02:41:13","date_gmt":"2025-08-02T02:41:13","guid":{"rendered":"https:\/\/www.europesays.com\/fr\/290392\/"},"modified":"2025-08-02T02:41:13","modified_gmt":"2025-08-02T02:41:13","slug":"la-cheffe-de-file-nantaise-des-insoumis-a-ete-suspendue","status":"publish","type":"post","link":"https:\/\/www.europesays.com\/fr\/290392\/","title":{"rendered":"La cheffe de file nantaise des insoumis a \u00e9t\u00e9 suspendue"},"content":{"rendered":"<p>Est-ce que cette sanction \u00e9teindra le feu allum\u00e9 chez les insoumis nantais\u00a0? \u00c0 quelques mois des prochaines \u00e9lections municipales, le parti devra trouver une autre leader pour mener une \u00e9ventuelle campagne \u00e0 Nantes. Marina Ferreruela, investie comme cheffe de file pour 2026, au c\u00f4t\u00e9 de William Aucant, a \u00e9t\u00e9 suspendue, ce vendredi 1er\u00a0ao\u00fbt, de tous ses mandats.<\/p>\n<p><a href=\"https:\/\/nantes.maville.com\/actu\/actudet_-municipales-2026-a-nantes.-les-insoumis-s-enlisent-dans-une-crise-interne-_8-6884143_actu.Htm?utm_source=troove&amp;utm_medium=site\" target=\"_self\" rel=\"noopener\">\u00c0 l\u2019origine de l\u2019affaire se trouve une crise, comme le r\u00e9v\u00e9lait Ouest-France, le 25\u00a0juin\u00a0: Marina Ferreruela est mise en cause pour avoir couvert une accusation de viol faite par une ancienne sympathisante, au sein de la section nantaise.<\/a><\/p>\n<p>Col\u00e8re, incompr\u00e9hension, r\u00e9union de crises. Comme le rapportait M\u00e9diacit\u00e9s, une d\u00e9l\u00e9gation nationale de la France insoumise \u00e9tait m\u00eame descendue pour entendre des animateurs des cellules locales, avant de prendre cette d\u00e9cision, qui vient donc de tomber.<strong>\u00a0<\/strong><\/p>\n<p>Il s\u2019agit d\u2019une<strong> \u00ab\u00a0r\u00e9ponse claire et transparente dans le respect des victimes\u00a0\u00bb,<\/strong> indique dans un communiqu\u00e9 ce soir, le mouvement. <strong>\u00ab\u00a0Les violences faites aux femmes sont une priorit\u00e9 absolue. Le militant accus\u00e9 d\u2019agression sexuelle a \u00e9t\u00e9 exclu en avril. Marina Ferreruela vient d\u2019\u00eatre suspendue de tous ses mandats et n\u2019est plus autoris\u00e9e \u00e0 se pr\u00e9valoir de son appartenance \u00e0 la France insoumise. Au\u00a0niveau local, cette situation a suscit\u00e9 une prise de conscience collective.\u00a0\u00bb<\/strong><\/p>\n<p><strong>Image ternie<\/strong><\/p>\n<p>Comment William Aucant, le chef de file nantais, vit-il cette nouvelle configuration\u00a0? Lui qui avait exprim\u00e9 tr\u00e8s clairement son soutien \u00e0 la victime ne nous a pas r\u00e9pondu ce vendredi soir. Marina Ferreruela non plus. Elle avait contest\u00e9 ces accusations et d\u00e9nonc\u00e9 des man\u0153uvres politiques.<\/p>\n<p>Cette nouvelle affaire ternit encore un peu plus l\u2019image de LFI. Elle intervient apr\u00e8s celle d\u2019Andy Kerbrat, d\u00e9put\u00e9 de la deuxi\u00e8me circonscription (Nantes sud), interpell\u00e9 alors qu\u2019il achetait de la drogue de synth\u00e8se \u00e0 Paris, en octobre\u00a02024. Qui m\u00e8nera les prochaines municipales en cas de candidature du parti de Jean-Luc M\u00e9lenchon \u00e0 Nantes\u00a0? Les d\u00e9s sont relanc\u00e9s.<\/p>\n<p>\u00a0<\/p>\n","protected":false},"excerpt":{"rendered":"Est-ce que cette sanction \u00e9teindra le feu allum\u00e9 chez les insoumis nantais\u00a0? \u00c0 quelques mois des prochaines \u00e9lections&hellip;\n","protected":false},"author":2,"featured_media":290393,"comment_status":"","ping_status":"","sticky":false,"template":"","format":"standard","meta":{"footnotes":""},"categories":[2818],"tags":[1111,11,17207,2883,1777,674,14676,1011,27,31899,7127,766,12,2636,25,16308],"class_list":{"0":"post-290392","1":"post","2":"type-post","3":"status-publish","4":"format-standard","5":"has-post-thumbnail","7":"category-nantes","8":"tag-actu","9":"tag-actualites","10":"tag-cheffe","11":"tag-ete","12":"tag-eu","13":"tag-europe","14":"tag-file","15":"tag-fr","16":"tag-france","17":"tag-insoumis","18":"tag-nantaise","19":"tag-nantes","20":"tag-news","21":"tag-pays-de-la-loire","22":"tag-republique-francaise","23":"tag-suspendue"},"share_on_mastodon":{"url":"https:\/\/pubeurope.com\/@fr\/114956866982589125","error":""},"_links":{"self":[{"href":"https:\/\/www.europesays.com\/fr\/wp-json\/wp\/v2\/posts\/290392","targetHints":{"allow":["GET"]}}],"collection":[{"href":"https:\/\/www.europesays.com\/fr\/wp-json\/wp\/v2\/posts"}],"about":[{"href":"https:\/\/www.europesays.com\/fr\/wp-json\/wp\/v2\/types\/post"}],"author":[{"embeddable":true,"href":"https:\/\/www.europesays.com\/fr\/wp-json\/wp\/v2\/users\/2"}],"replies":[{"embeddable":true,"href":"https:\/\/www.europesays.com\/fr\/wp-json\/wp\/v2\/comments?post=290392"}],"version-history":[{"count":0,"href":"https:\/\/www.europesays.com\/fr\/wp-json\/wp\/v2\/posts\/290392\/revisions"}],"wp:featuredmedia":[{"embeddable":true,"href":"https:\/\/www.europesays.com\/fr\/wp-json\/wp\/v2\/media\/290393"}],"wp:attachment":[{"href":"https:\/\/www.europesays.com\/fr\/wp-json\/wp\/v2\/media?parent=290392"}],"wp:term":[{"taxonomy":"category","embeddable":true,"href":"https:\/\/www.europesays.com\/fr\/wp-json\/wp\/v2\/categories?post=290392"},{"taxonomy":"post_tag","embeddable":true,"href":"https:\/\/www.europesays.com\/fr\/wp-json\/wp\/v2\/tags?post=290392"}],"curies":[{"name":"wp","href":"https:\/\/api.w.org\/{rel}","templated":true}]}}