{"id":290399,"date":"2025-08-02T02:46:13","date_gmt":"2025-08-02T02:46:13","guid":{"rendered":"https:\/\/www.europesays.com\/fr\/290399\/"},"modified":"2025-08-02T02:46:13","modified_gmt":"2025-08-02T02:46:13","slug":"aerogare-de-toulouse-blagnac-voici-a-quoi-ressemblera-le-terminus-de-la-future-ligne-aeroport-express","status":"publish","type":"post","link":"https:\/\/www.europesays.com\/fr\/290399\/","title":{"rendered":"A\u00e9rogare de Toulouse-Blagnac. Voici \u00e0 quoi ressemblera le terminus de la future ligne A\u00e9roport express"},"content":{"rendered":"<p>            Par<br \/>\n        <strong><br \/>\n            <a href=\"https:\/\/actu.fr\/auteur\/lucie-2\" title=\"Consulter tous les articles de Lucie Fraisse\" target=\"_blank\" rel=\"noopener\">Lucie Fraisse<\/a><br \/>\n        <\/strong><\/p>\n<p>        Publi\u00e9 le<\/p>\n<p>            1 ao\u00fbt 2025 \u00e0 17h19        <\/p>\n<p>Cela fait <a href=\"https:\/\/actu.fr\/occitanie\/blagnac_31069\/l-une-des-deux-lignes-de-tramway-de-toulouse-s-arrete-pour-trois-ans-des-ce-lundi-voici-pourquoi_59683537.html\" target=\"_blank\" rel=\"noopener\">plus de deux ans que la ligne de tramway<\/a> qui ralliait l\u2019<strong>a\u00e9roport de Toulouse-Blagnac<\/strong> est \u00e0 l\u2019arr\u00eat complet entre la station Jean-Maga et l\u2019a\u00e9roport. La ligne T2 va en effet servir \u00e0 la future ligne A\u00e9roport Express. La mise en service de cette \u00ab\u00a0navette-tramway\u00a0\u00bb sur les rails de l\u2019ancienne Ligne T2 doit avoir lieu \u00e0 la fin de l\u2019ann\u00e9e 2026.\u00a0<\/p>\n<p>Une ligne haute fr\u00e9quence\u00a0<\/p>\n<p class=\" wall-content\">\u00ab\u00a0Cette ligne \u2018haute fr\u00e9quence\u2019 permettra de rejoindre l\u2019a\u00e9roport en sept minutes et circulera sur les rails du tram T2 existant\u00a0\u00bb, indique Tiss\u00e9o dans un communiqu\u00e9. Sur cette ligne a\u00e9roport longue de 2,5 km, <strong>une rame circulera toutes les cinq minutes<\/strong> (au lieu d\u2019une rame toutes les quinze minutes pour l\u2019ancienne ligne T2).<\/p>\n<p class=\" wall-content\">Quand la ligne C sera mise en service, fin 2028, cette ligne A\u00e9roport-express permettra de rejoindre le m\u00e9tro et le tram \u00e0 la future station Blagnac, situ\u00e9e \u00e0 proximit\u00e9 du rond-pont Jean-Maga.<\/p>\n<p>Les travaux d\u00e9butent en septembre\u00a0<\/p>\n<p class=\" wall-content\">D\u2019ici l\u00e0, le <strong>terminus A\u00e9roport Toulouse Blagnac<\/strong> va faire l\u2019objet de travaux, sur le site de l\u2019a\u00e9rogare.\u00a0<\/p>\n<p class=\" wall-content\">La station de tramway va \u00eatre recul\u00e9e d\u2019une quinzaine de m\u00e8tres : <strong>un parvis sera ainsi cr\u00e9\u00e9<\/strong> devant l\u2019a\u00e9rogare. Une ligne de contr\u00f4le des titres de transport et un auvent seront positionn\u00e9s devant cette nouvelle station.<\/p>\n<p class=\" wall-content\">Une cl\u00f4ture vitr\u00e9e ceinturera les contours de la station et une signal\u00e9tique permettra d\u2019identifier les am\u00e9nagements.\u00a0<\/p>\n<p class=\" wall-content\">Les travaux doivent d\u00e9buter au mois de septembre 2025. Le co\u00fbt de cette ligne A\u00e9roport express est estim\u00e9 \u00e0 <b>31, 1 millions d\u2019euros.<\/b><\/p>\n<p>Des travaux pour  la Ligne T1<\/p>\n<p>Des travaux vont aussi avoir lieu sur la Ligne de tram T1, avec l&rsquo;agrandissement du site de remisage de Garossos qui pourra accueillir 38 rames de 32m au lieu de 26 aujourd&rsquo;hui. La cr\u00e9ation des douze nouveaux emplacements est en cours et ils doivent \u00eatre utilisables \u00e0 partir de d\u00e9cembre 2025.<br \/>Au premier trimestre 2026, le parking P+R A\u00e9roconstellation sera partiellement reconfigur\u00e9, avec la mise en place de rev\u00eatement alv\u00e9olaire engazonn\u00e9.<\/p>\n<p class=\" wall-content\">Suivez toute l\u2019actualit\u00e9 de vos villes et m\u00e9dias favoris en vous inscrivant \u00e0 <a href=\"https:\/\/moncompte.actu.fr\" title=\"D\u00e9couvez Mon Actu\" rel=\"nofollow noopener\" data-trk=\"{&quot;cta&quot;:{&quot;action&quot;:&quot;https:\\\/\\\/moncompte.actu.fr&quot;,&quot;category&quot;:&quot;mon compte&quot;,&quot;from&quot;:&quot;article footer&quot;,&quot;name&quot;:&quot;Mon actu&quot;,&quot;type&quot;:&quot;cta&quot;}}\" target=\"_blank\">Mon Actu<\/a>.<\/p>\n","protected":false},"excerpt":{"rendered":"Par Lucie Fraisse Publi\u00e9 le 1 ao\u00fbt 2025 \u00e0 17h19 Cela fait plus de deux ans que la&hellip;\n","protected":false},"author":2,"featured_media":290400,"comment_status":"","ping_status":"","sticky":false,"template":"","format":"standard","meta":{"footnotes":""},"categories":[2816],"tags":[1111,11,103,1777,674,1011,27,12,2680,25,104,5400,2312,2803],"class_list":{"0":"post-290399","1":"post","2":"type-post","3":"status-publish","4":"format-standard","5":"has-post-thumbnail","7":"category-toulouse","8":"tag-actu","9":"tag-actualites","10":"tag-aeroport-toulouse-blagnac","11":"tag-eu","12":"tag-europe","13":"tag-fr","14":"tag-france","15":"tag-news","16":"tag-occitanie","17":"tag-republique-francaise","18":"tag-societe","19":"tag-tisseo","20":"tag-toulouse","21":"tag-transport"},"share_on_mastodon":{"url":"https:\/\/pubeurope.com\/@fr\/114956886526322165","error":""},"_links":{"self":[{"href":"https:\/\/www.europesays.com\/fr\/wp-json\/wp\/v2\/posts\/290399","targetHints":{"allow":["GET"]}}],"collection":[{"href":"https:\/\/www.europesays.com\/fr\/wp-json\/wp\/v2\/posts"}],"about":[{"href":"https:\/\/www.europesays.com\/fr\/wp-json\/wp\/v2\/types\/post"}],"author":[{"embeddable":true,"href":"https:\/\/www.europesays.com\/fr\/wp-json\/wp\/v2\/users\/2"}],"replies":[{"embeddable":true,"href":"https:\/\/www.europesays.com\/fr\/wp-json\/wp\/v2\/comments?post=290399"}],"version-history":[{"count":0,"href":"https:\/\/www.europesays.com\/fr\/wp-json\/wp\/v2\/posts\/290399\/revisions"}],"wp:featuredmedia":[{"embeddable":true,"href":"https:\/\/www.europesays.com\/fr\/wp-json\/wp\/v2\/media\/290400"}],"wp:attachment":[{"href":"https:\/\/www.europesays.com\/fr\/wp-json\/wp\/v2\/media?parent=290399"}],"wp:term":[{"taxonomy":"category","embeddable":true,"href":"https:\/\/www.europesays.com\/fr\/wp-json\/wp\/v2\/categories?post=290399"},{"taxonomy":"post_tag","embeddable":true,"href":"https:\/\/www.europesays.com\/fr\/wp-json\/wp\/v2\/tags?post=290399"}],"curies":[{"name":"wp","href":"https:\/\/api.w.org\/{rel}","templated":true}]}}