{"id":290410,"date":"2025-08-02T02:56:12","date_gmt":"2025-08-02T02:56:12","guid":{"rendered":"https:\/\/www.europesays.com\/fr\/290410\/"},"modified":"2025-08-02T02:56:12","modified_gmt":"2025-08-02T02:56:12","slug":"je-suis-embarrasse-des-dates-de-concert-en-suspens","status":"publish","type":"post","link":"https:\/\/www.europesays.com\/fr\/290410\/","title":{"rendered":"\u00ab\u00a0je suis embarrass\u00e9\u00a0\u00bb, des dates de concert en suspens"},"content":{"rendered":"<p class=\"article__intro\">Le c\u00e9l\u00e8bre chanteur \u00ab\u00a0des sardines\u00a0\u00bb, Patrick S\u00e9bastien, est-il encore le bienvenu sur sc\u00e8ne apr\u00e8s l&rsquo;affaire du Cap d&rsquo;Agde ? Des dates sont sujettes \u00e0 d\u00e9bat dans sa tourn\u00e9e d&rsquo;\u00e9t\u00e9 en PACA : dans un village des Alpes-de-Haute-Provence et \u00e0 Roquebrune-Cap-Martin dans les Alpes-Maritimes.<\/p>\n<p>\n      La Quotidienne Soci\u00e9t\u00e9\n    <\/p>\n<p>\n      De la vie quotidienne aux grands enjeux, recevez tous les jours les sujets qui font la soci\u00e9t\u00e9 locale, comme la justice, l\u2019\u00e9ducation, la sant\u00e9 et la famille.\n    <\/p>\n<p>    France T\u00e9l\u00e9visions utilise votre adresse e-mail afin de vous envoyer la newsletter \u00ab\u00a0La Quotidienne Soci\u00e9t\u00e9\u00a0\u00bb. Vous pouvez vous d\u00e9sinscrire \u00e0 tout moment via le lien en bas de cette newsletter. <a target=\"_blank\" href=\"https:\/\/www.francetelevisions.fr\/groupe\/confidentialite\/politique-de-confidentialite\/politique-de-confidentialite-de-france-televisions-6503\" rel=\"nofollow noopener\">Notre politique de confidentialit\u00e9<\/a><\/p>\n<p>Une sc\u00e8ne, des musiciens, des danseuses et Patrick S\u00e9bastien. <a target=\"_blank\" rel=\"noopener nofollow\" href=\"https:\/\/www.franceinfo.fr\/culture\/polemique-apres-une-scene-de-fellation-dans-un-camping-patrick-sebastien-se-defend-et-parle-de-scene-mimee_7408372.html\">Le spectacle est jou\u00e9 devant 2000 personnes, au Cap d&rsquo;Agde, ce 22 juillet, dans un camping naturist<\/a>e. Depuis, l&rsquo;histoire fait grand bruit et certaines communes d\u00e9cident d&rsquo;annuler le spectacle.<\/p>\n<p>Pendant la chanson \u00ab\u00a0les sardines\u00a0\u00bb, plusieurs spectatrices sont invit\u00e9es sur sc\u00e8ne.\u00a0Selon <a target=\"_blank\" rel=\"noopener nofollow\" href=\"https:\/\/www.mediapart.fr\/journal\/france\/290725\/au-cap-d-agde-devant-des-familles-patrick-sebastien-offre-une-fellation-en-guise-de\">M\u00e9diapart<\/a>, qui a r\u00e9v\u00e9l\u00e9 cette affaire, l&rsquo;une de ces femmes s&rsquo;est agenouill\u00e9e devant le chanteur pour lui faire une fellation d&rsquo;environ 10 secondes devant plus de 2000 personnes. Dix secondes de trop, selon certains spectateurs. <a target=\"_blank\" rel=\"noopener nofollow\" href=\"https:\/\/www.franceinfo.fr\/faits-divers\/concert-de-patrick-sebastien-le-directeur-du-camping-du-cap-d-agde-denonce-des-amalgames-injustes-entre-le-naturisme-et-des-comportements-sexuels_7409512.html\">La vid\u00e9o <\/a>circule abondamment sur le Net.<\/p>\n<p>La Motte-du-Caire, village de 600 habitants dans les Alpes-de-Haute-Provence, pr\u00e9pare l&rsquo;\u00e9v\u00e9nement pour accueillir Patrick S\u00e9bastien le 20 ao\u00fbt. Annuler ? Maintenir ? La d\u00e9cision est difficile pour le maire, J\u00e9r\u00f4me Fracou. 1500 places ont d\u00e9j\u00e0 \u00e9t\u00e9 vendues, des publicit\u00e9s sont visibles dans son d\u00e9partement et celui des Hautes-Alpes \u00ab\u00a0Et m\u00eame des affiches de 2 m\u00e8tres sur 2.\u00a0\u00bb\u00a0<\/p>\n<p><a data-article-figure=\"\" href=\"https:\/\/france3-regions.franceinfo.fr\/image\/wUkbG-v9Nm7xKr2BGfs_L7vkyhg\/1170x1515\/regions\/2025\/08\/01\/affiche-688cdcdab6412716113320.jpg\" data-pswp-width=\"1170\" data-pswp-height=\"1515\" target=\"_blank\" rel=\"nofollow noopener\"><\/p>\n<p>          <img width=\"600\" height=\"400\" class=\"article-image lazy\" data-src=\"https:\/\/www.europesays.com\/fr\/wp-content\/uploads\/2025\/08\/affiche-688cdcdab6412716113320.jpg\" alt=\"\" fetchpriority=\"high\" as=\"image\"\/><\/p>\n<p><\/a><\/p>\n<p>L&rsquo;humoriste-animateur avait propos\u00e9 son spectacle \u00e0 des conditions tr\u00e8s favorables parce qu&rsquo;il conna\u00eet bien l&rsquo;un des villageois. Ceci \u00e9tant dit, le maire se sent \u00ab\u00a0g\u00ean\u00e9\u00a0\u00bb depuis le 22 juillet.\u00a0\u00bbJe suis embarrass\u00e9, je pense qu&rsquo;il aurait d\u00fb intervenir avant, pas au bout de 10 secondes\u00a0\u00bb.<\/p>\n<p>Les habitants lui en parlent \u00e0 peine, il a d\u00e9cid\u00e9 de r\u00e9fl\u00e9chir encore un peu. Lundi 4 ao\u00fbt, le comit\u00e9 des f\u00eates et la mairie prendront leur d\u00e9cision : Patrick S\u00e9bastien ou pas.\u00a0<\/p>\n<p>Patrick S\u00e9bastien devait \u00e9galement se produire \u00e0 Roquebrune-Cap-Martin, dans les Alpes-Maritimes. Mais le spectacle, pr\u00e9vu le 8 ao\u00fbt prochain en cl\u00f4ture du 50e festival de th\u00e9\u00e2tre, n&rsquo;aura pas lieu. Officiellement, \u00ab\u00a0pour des raisons techniques et logistiques\u00a0\u00bb, r\u00e9pond sans plus de pr\u00e9cision Chantal Martinot, la pr\u00e9sidente du festival.<\/p>\n<p>\u00ab\u00a0Hommages et dessert\u00a0\u00bb est le titre du nouveau spectacle de l&rsquo;animateur. Il devait rendre hommage aux grands artistes fran\u00e7ais : Gainsbourg, Coluche, Nougaro&#8230; 300 des 500 places avaient d\u00e9j\u00e0 \u00e9t\u00e9 vendues. Elles seront rembours\u00e9es.<\/p>\n","protected":false},"excerpt":{"rendered":"Le c\u00e9l\u00e8bre chanteur \u00ab\u00a0des sardines\u00a0\u00bb, Patrick S\u00e9bastien, est-il encore le bienvenu sur sc\u00e8ne apr\u00e8s l&rsquo;affaire du Cap d&rsquo;Agde&hellip;\n","protected":false},"author":2,"featured_media":290411,"comment_status":"","ping_status":"","sticky":false,"template":"","format":"standard","meta":{"footnotes":""},"categories":[1888],"tags":[1111,1928,11,1927,1777,674,1011,27,12,1926,626,1925,25],"class_list":{"0":"post-290410","1":"post","2":"type-post","3":"status-publish","4":"format-standard","5":"has-post-thumbnail","7":"category-paris","8":"tag-actu","9":"tag-actu-paris","10":"tag-actualites","11":"tag-actualites-paris","12":"tag-eu","13":"tag-europe","14":"tag-fr","15":"tag-france","16":"tag-news","17":"tag-news-paris","18":"tag-paris","19":"tag-paris-news","20":"tag-republique-francaise"},"share_on_mastodon":{"url":"https:\/\/pubeurope.com\/@fr\/114956926007336024","error":""},"_links":{"self":[{"href":"https:\/\/www.europesays.com\/fr\/wp-json\/wp\/v2\/posts\/290410","targetHints":{"allow":["GET"]}}],"collection":[{"href":"https:\/\/www.europesays.com\/fr\/wp-json\/wp\/v2\/posts"}],"about":[{"href":"https:\/\/www.europesays.com\/fr\/wp-json\/wp\/v2\/types\/post"}],"author":[{"embeddable":true,"href":"https:\/\/www.europesays.com\/fr\/wp-json\/wp\/v2\/users\/2"}],"replies":[{"embeddable":true,"href":"https:\/\/www.europesays.com\/fr\/wp-json\/wp\/v2\/comments?post=290410"}],"version-history":[{"count":0,"href":"https:\/\/www.europesays.com\/fr\/wp-json\/wp\/v2\/posts\/290410\/revisions"}],"wp:featuredmedia":[{"embeddable":true,"href":"https:\/\/www.europesays.com\/fr\/wp-json\/wp\/v2\/media\/290411"}],"wp:attachment":[{"href":"https:\/\/www.europesays.com\/fr\/wp-json\/wp\/v2\/media?parent=290410"}],"wp:term":[{"taxonomy":"category","embeddable":true,"href":"https:\/\/www.europesays.com\/fr\/wp-json\/wp\/v2\/categories?post=290410"},{"taxonomy":"post_tag","embeddable":true,"href":"https:\/\/www.europesays.com\/fr\/wp-json\/wp\/v2\/tags?post=290410"}],"curies":[{"name":"wp","href":"https:\/\/api.w.org\/{rel}","templated":true}]}}