{"id":290412,"date":"2025-08-02T02:57:42","date_gmt":"2025-08-02T02:57:42","guid":{"rendered":"https:\/\/www.europesays.com\/fr\/290412\/"},"modified":"2025-08-02T02:57:42","modified_gmt":"2025-08-02T02:57:42","slug":"zabarnyi-tout-proche-du-psg-la-juve-insiste-pour-kolo-muani-lol-abandonne-la-piste-lees-melou-les-5-infos-mercato-du-jour","status":"publish","type":"post","link":"https:\/\/www.europesays.com\/fr\/290412\/","title":{"rendered":"Zabarnyi (tout) proche du PSG, la Juve insiste pour Kolo Muani, l\u2019OL abandonne la piste Lees-Melou&#8230;Les 5 infos mercato du jour"},"content":{"rendered":"<p>Ilya Zabarnyi vers le Paris SG, Randal Kolo\u00a0Muani se rapproche de la Juventus Turin ou encore l\u2019Olympique lyonnais qui renonce \u00e0 Pierre Lees-Melou&#8230;Retrouvez toutes les infos mercato de ce vendredi.<\/p>\n<p>Le Paris SG tout proche d\u2019un accord pour Ilya Zabarnyi<\/p>\n<p class=\"fig-paragraph\">Le\u00a0<a href=\"http:\/\/www.lefigaro.fr\/sports\/football\/ligue-1\/mercato-marquinhos-parti-pour-rester-au-psg-20250731\" data-fig-type=\"NewsFlash\" data-gtm-custom-categorie=\"navigation\" data-gtm-custom-action=\"crossclick\" data-gtm-custom-label=\"Contextuel\" data-gtm-event=\"customEventSPE\" data-fig-domain=\"LEFIGARO\" target=\"_blank\" rel=\"noopener\">Paris SG<\/a>\u00a0passe (enfin) \u00e0 l\u2019action dans ce mercato estival. Apr\u00e8s plusieurs semaines tr\u00e8s calmes \u2013 aussi bien dans le sens des arriv\u00e9es que dans celui des d\u00e9parts \u2013, les Rouge et Bleu seraient sur le point de boucler l\u2019arriv\u00e9e d\u2019<a href=\"http:\/\/www.lefigaro.fr\/sports\/football\/transferts\/le-psg-accelere-sur-zabarnyi-lyon-cible-un-nouveau-gardien-les-5-infos-mercato-de-ce-mardi-20250729\" data-fig-type=\"NewsFlash\" data-gtm-custom-categorie=\"navigation\" data-gtm-custom-action=\"crossclick\" data-gtm-custom-label=\"Contextuel\" data-gtm-event=\"customEventSPE\" data-fig-domain=\"LEFIGARO\" target=\"_blank\" rel=\"noopener\">Ilya Zabarnyi<\/a>\u00a0(22 ans). Fabrizio Romano annonce, en effet, que les discussions avec l\u2019AFC Bournemouth seraient positives et qu\u2019il ne manquerait plus que quelques d\u00e9tails \u00e0 r\u00e9gler pour conclure l\u2019op\u00e9ration. Le transfert devrait s\u2019\u00e9lever aux alentours des 60 M\u20ac, hors bonus. L\u2019Ukrainien devrait s\u2019engager avec les champions d\u2019Europe pour les cinq prochaines saisons, soit jusqu\u2019en juin 2030, comme l\u2019a rapport\u00e9\u00a0<a href=\"https:\/\/rmcsport.bfmtv.com\/football\/clubs\/paris-saint-germain\/psg-zabarnyi-veut-paris-les-negociations-continuent-avec-bournemouth_AV-202507300291.html\" target=\"_blank\" rel=\"sponsored noopener\" data-gtm-custom-categorie=\"navigation\" data-gtm-custom-action=\"crossclick\" data-gtm-custom-label=\"Contextuel\" data-gtm-event=\"customEventSPE\">RMC Sport<\/a> .<\/p>\n<p>Randal Kolo Muani se rapproche de la Juventus Turin<\/p>\n<p class=\"fig-paragraph\">Vers un retour en Italie. Le Paris SG et la\u00a0<a href=\"http:\/\/www.lefigaro.fr\/sports\/football\/transferts\/mercato-francisco-conceicao-s-engage-avec-la-juventus-20250722\" data-fig-type=\"NewsFlash\" data-gtm-custom-categorie=\"navigation\" data-gtm-custom-action=\"crossclick\" data-gtm-custom-label=\"Contextuel\" data-gtm-event=\"customEventSPE\" data-fig-domain=\"LEFIGARO\" target=\"_blank\" rel=\"noopener\">Juventus Turin<\/a>\u00a0se rapprocheraient d\u2019un accord pour\u00a0<a href=\"http:\/\/www.lefigaro.fr\/sports\/football\/transferts\/le-psg-fixe-le-prix-de-kolo-muani-verratti-change-de-club-un-gardien-a-lens-les-5-infos-mercato-de-ce-mardi-20250708\" data-fig-type=\"NewsFlash\" data-gtm-custom-categorie=\"navigation\" data-gtm-custom-action=\"crossclick\" data-gtm-custom-label=\"Contextuel\" data-gtm-event=\"customEventSPE\" data-fig-domain=\"LEFIGARO\" target=\"_blank\" rel=\"noopener\">Randal Kolo Muani<\/a>\u00a0(26 ans), r\u00e9v\u00e8le\u00a0<a href=\"https:\/\/www.gazzetta.it\/Calcio\/Serie-A\/Juventus\/01-08-2025\/juve-kolo-muani-ci-siamo-le-cifre-e-la-formula-che-avvicinano-la-signora-al-psg.shtml?refresh_ce\" target=\"_blank\" rel=\"sponsored noopener\" data-gtm-custom-categorie=\"navigation\" data-gtm-custom-action=\"crossclick\" data-gtm-custom-label=\"Contextuel\" data-gtm-event=\"customEventSPE\">La Gazzetta dello Sport<\/a> \u00a0ce vendredi. Les Rouge et Bleu auraient \u00ababaiss\u00e9\u00bb sa valorisation \u00e0 pr\u00e8s de 50 M\u20ac. Et les Bianconeri seraient dispos\u00e9s \u00e0 investir une telle somme pour s\u2019attacher les services du Fran\u00e7ais qui avait \u00e9t\u00e9 excellent avec la Vieille Dame lors de son pr\u00eat dans la deuxi\u00e8me partie de la saison derni\u00e8re. L\u2019op\u00e9ration devrait prendre la forme d\u2019un pr\u00eat d\u2019un an avec une option d\u2019achat quasi obligatoire. Une bonne nouvelle pour toutes les parties.<\/p>\n<p class=\"fig-body-link\">\n            \u00c0 lire aussi<br \/>\n        <a class=\"fig-body-link__link\" href=\"http:\/\/www.lefigaro.fr\/sports\/football\/ligue-1\/mercato-marquinhos-parti-pour-rester-au-psg-20250731\" data-fig-type=\"NewsFlash\" data-gtm-custom-categorie=\"navigation\" data-gtm-custom-action=\"crossclick\" data-gtm-custom-label=\"Contextuel\" data-gtm-event=\"customEventSPE\" data-fig-domain=\"LEFIGARO\" target=\"_blank\" rel=\"noopener\">Mercato\u00a0: Marquinhos bien parti pour rester au PSG<br \/>\n    <\/a>\n<\/p>\n<p>                                    <a class=\"fig-a11y-skip a11y-hidden\" href=\"#fig-a11y-skip-main-inarticle\"><br \/>\n        Passer la publicit\u00e9<br \/>\n    <\/a><\/p>\n<p>Stade rennais\u00a0: Arnaud Kalimuendo a des pr\u00e9tendants<\/p>\n<p class=\"fig-paragraph\">Auteur d\u2019une tr\u00e8s belle saison 2024-2025 avec le\u00a0<a href=\"http:\/\/www.lefigaro.fr\/sports\/football\/transferts\/ligue-1-valentin-rongier-rejoint-officiellement-le-stade-rennais-20250722\" data-fig-type=\"NewsFlash\" data-gtm-custom-categorie=\"navigation\" data-gtm-custom-action=\"crossclick\" data-gtm-custom-label=\"Contextuel\" data-gtm-event=\"customEventSPE\" data-fig-domain=\"LEFIGARO\" target=\"_blank\" rel=\"noopener\">Stade rennais FC<\/a>\u00a0(17 buts et 3 passes d\u00e9cisives), Arnaud Kalimuendo int\u00e9resserait le Villarreal CF et le Brentford FC, r\u00e9v\u00e8le Fabrizio Romano. \u00abIl s\u2019agit d\u2019un joueur \u00e0 surveiller ce mois-ci, avec des chances concr\u00e8tes de transfert\u00bb, pr\u00e9cise le sp\u00e9cialiste du march\u00e9 des transferts. \u00c2g\u00e9 de 23 ans, l\u2019avant-centre est valoris\u00e9 \u00e0 22 M\u20ac par le site\u00a0<a href=\"https:\/\/www.transfermarkt.fr\/arnaud-kalimuendo\/profil\/spieler\/585959\" target=\"_blank\" rel=\"sponsored noopener\" data-gtm-custom-categorie=\"navigation\" data-gtm-custom-action=\"crossclick\" data-gtm-custom-label=\"Contextuel\" data-gtm-event=\"customEventSPE\">Transfermarkt<\/a> .<\/p>\n<p>L\u2019Olympique lyonnais renoncerait \u00e0 Pierre Lees-Melou<\/p>\n<p class=\"fig-paragraph\">Un mercato compliqu\u00e9. En proie \u00e0 des difficult\u00e9s \u2013 et des imp\u00e9ratifs \u2013 financiers,\u00a0<a href=\"http:\/\/www.lefigaro.fr\/sports\/football\/ligue-1\/foot-apres-son-fiasco-a-l-ol-john-textor-fait-encore-parler-de-lui-au-bresil-20250801\" data-fig-type=\"NewsFlash\" data-gtm-custom-categorie=\"navigation\" data-gtm-custom-action=\"crossclick\" data-gtm-custom-label=\"Contextuel\" data-gtm-event=\"customEventSPE\" data-fig-domain=\"LEFIGARO\" target=\"_blank\" rel=\"noopener\">l\u2019Olympique lyonnais<\/a>\u00a0doit se montrer malin sur le march\u00e9 des transferts. Et dans cette optique, les Gones avaient cibl\u00e9\u00a0<a href=\"http:\/\/www.lefigaro.fr\/sports\/football\/transferts\/mercato-veretout-sur-le-depart-l-ol-songe-a-pierre-lees-melou-20250721\" data-fig-type=\"NewsFlash\" data-gtm-custom-categorie=\"navigation\" data-gtm-custom-action=\"crossclick\" data-gtm-custom-label=\"Contextuel\" data-gtm-event=\"customEventSPE\" data-fig-domain=\"LEFIGARO\" target=\"_blank\" rel=\"noopener\">Pierre Lees-Melou<\/a>\u00a0(32 ans) pour renforcer son milieu de terrain. Apr\u00e8s une troisi\u00e8me offensive \u2013 on parle d\u2019une offre avoisinant les 5,5 M\u20ac \u2013 repouss\u00e9e par le Stade brestois 29, les Rhodaniens auraient d\u00e9cid\u00e9 de l\u00e2cher l\u2019affaire, rapporte\u00a0<a href=\"https:\/\/www.lequipe.fr\/Football\/Actualites\/Mercato-l-ol-lache-l-affaire-pour-pierre-lees-melou\/1582280\" target=\"_blank\" rel=\"sponsored noopener\" data-gtm-custom-categorie=\"navigation\" data-gtm-custom-action=\"crossclick\" data-gtm-custom-label=\"Contextuel\" data-gtm-event=\"customEventSPE\">L\u2019\u00c9quipe<\/a> . Ils seraient d\u00e9sormais concentr\u00e9s sur le dossier du jeune milieu de terrain du Liverpool FC Tyler Morton (22 ans). Parviendront-ils \u00e0 trouver un accord avec les Reds\u00a0?<\/p>\n<p class=\"fig-body-link\">\n            \u00c0 lire aussi<br \/>\n        <a class=\"fig-body-link__link\" href=\"http:\/\/www.lefigaro.fr\/sports\/football\/ligue-1\/foot-apres-son-fiasco-a-l-ol-john-textor-fait-encore-parler-de-lui-au-bresil-20250801\" data-fig-type=\"NewsFlash\" data-gtm-custom-categorie=\"navigation\" data-gtm-custom-action=\"crossclick\" data-gtm-custom-label=\"Contextuel\" data-gtm-event=\"customEventSPE\" data-fig-domain=\"LEFIGARO\" target=\"_blank\" rel=\"noopener\">Foot: apr\u00e8s son fiasco \u00e0 l\u2019OL, John Textor fait (encore) parler de lui au Br\u00e9sil<br \/>\n    <\/a>\n<\/p>\n<p>Jo\u00e3o Palhinha vers Tottenham<\/p>\n<p class=\"fig-paragraph\">Une belle prise. Le\u00a0<a href=\"http:\/\/www.lefigaro.fr\/sports\/football\/angleterre\/amical-pour-la-premiere-de-gyoekeres-arsenal-surpris-par-tottenham-20250731\" data-fig-type=\"NewsFlash\" data-gtm-custom-categorie=\"navigation\" data-gtm-custom-action=\"crossclick\" data-gtm-custom-label=\"Contextuel\" data-gtm-event=\"customEventSPE\" data-fig-domain=\"LEFIGARO\" target=\"_blank\" rel=\"noopener\">Tottenham Hotspur FC<\/a>\u00a0aurait conclu un accord avec le\u00a0<a href=\"http:\/\/www.lefigaro.fr\/sports\/football\/transferts\/mercato-le-gros-coup-du-bayern-munich-qui-s-offre-luis-diaz-20250730\" data-fig-type=\"NewsFlash\" data-gtm-custom-categorie=\"navigation\" data-gtm-custom-action=\"crossclick\" data-gtm-custom-label=\"Contextuel\" data-gtm-event=\"customEventSPE\" data-fig-domain=\"LEFIGARO\" target=\"_blank\" rel=\"noopener\">FC Bayern Munich<\/a>\u00a0pour le pr\u00eat d\u2019une saison de Jo\u00e3o Palhinha, rapporte\u00a0<a href=\"https:\/\/www.skysports.com\/transfer-centre\" target=\"_blank\" rel=\"sponsored noopener\" data-gtm-custom-categorie=\"navigation\" data-gtm-custom-action=\"crossclick\" data-gtm-custom-label=\"Contextuel\" data-gtm-event=\"customEventSPE\">Sky Sports<\/a> . L\u2019op\u00e9ration comprendrait aussi une option d\u2019achat d\u2019un montant sup\u00e9rieur \u00e0 30 M\u20ac. Le milieu de terrain portugais, \u00e2g\u00e9 de 30 ans, avait rejoint la formation bavaroise l\u2019an dernier en provenance du Fulham FC pour un peu plus de 50 M\u20ac.<\/p>\n","protected":false},"excerpt":{"rendered":"Ilya Zabarnyi vers le Paris SG, Randal Kolo\u00a0Muani se rapproche de la Juventus Turin ou encore l\u2019Olympique lyonnais&hellip;\n","protected":false},"author":2,"featured_media":290413,"comment_status":"","ping_status":"","sticky":false,"template":"","format":"standard","meta":{"footnotes":""},"categories":[1888],"tags":[1111,1928,11,1927,11745,1777,674,1011,27,7154,12,1926,978,626,1925,92,7157,25,3087,18015],"class_list":{"0":"post-290412","1":"post","2":"type-post","3":"status-publish","4":"format-standard","5":"has-post-thumbnail","7":"category-paris","8":"tag-actu","9":"tag-actu-paris","10":"tag-actualites","11":"tag-actualites-paris","12":"tag-arnaud-kalimuendo","13":"tag-eu","14":"tag-europe","15":"tag-fr","16":"tag-france","17":"tag-juventus-turin","18":"tag-news","19":"tag-news-paris","20":"tag-olympique-lyonnais","21":"tag-paris","22":"tag-paris-news","23":"tag-paris-sg","24":"tag-randal-kolo-muani","25":"tag-republique-francaise","26":"tag-stade-rennais","27":"tag-tottenham"},"share_on_mastodon":{"url":"https:\/\/pubeurope.com\/@fr\/114956929823668361","error":""},"_links":{"self":[{"href":"https:\/\/www.europesays.com\/fr\/wp-json\/wp\/v2\/posts\/290412","targetHints":{"allow":["GET"]}}],"collection":[{"href":"https:\/\/www.europesays.com\/fr\/wp-json\/wp\/v2\/posts"}],"about":[{"href":"https:\/\/www.europesays.com\/fr\/wp-json\/wp\/v2\/types\/post"}],"author":[{"embeddable":true,"href":"https:\/\/www.europesays.com\/fr\/wp-json\/wp\/v2\/users\/2"}],"replies":[{"embeddable":true,"href":"https:\/\/www.europesays.com\/fr\/wp-json\/wp\/v2\/comments?post=290412"}],"version-history":[{"count":0,"href":"https:\/\/www.europesays.com\/fr\/wp-json\/wp\/v2\/posts\/290412\/revisions"}],"wp:featuredmedia":[{"embeddable":true,"href":"https:\/\/www.europesays.com\/fr\/wp-json\/wp\/v2\/media\/290413"}],"wp:attachment":[{"href":"https:\/\/www.europesays.com\/fr\/wp-json\/wp\/v2\/media?parent=290412"}],"wp:term":[{"taxonomy":"category","embeddable":true,"href":"https:\/\/www.europesays.com\/fr\/wp-json\/wp\/v2\/categories?post=290412"},{"taxonomy":"post_tag","embeddable":true,"href":"https:\/\/www.europesays.com\/fr\/wp-json\/wp\/v2\/tags?post=290412"}],"curies":[{"name":"wp","href":"https:\/\/api.w.org\/{rel}","templated":true}]}}