{"id":290416,"date":"2025-08-02T02:59:26","date_gmt":"2025-08-02T02:59:26","guid":{"rendered":"https:\/\/www.europesays.com\/fr\/290416\/"},"modified":"2025-08-02T02:59:26","modified_gmt":"2025-08-02T02:59:26","slug":"chaque-fois-quon-vient-a-paris-cest-tout-simplement-incroyable","status":"publish","type":"post","link":"https:\/\/www.europesays.com\/fr\/290416\/","title":{"rendered":"\u201cChaque fois qu\u2019on vient \u00e0 Paris, c\u2019est tout simplement incroyable\u201d"},"content":{"rendered":"<p>Deux ans apr\u00e8s notre premi\u00e8re interview avec le groupe, on a retrouv\u00e9 Stray Kids au Stade de France, juste avant leur second show du week-end.<\/p>\n<p>Si vous n\u2019\u00e9tiez pas d\u00e9j\u00e0 convaincu de l\u2019ampleur de la K-pop en France, les deux concerts cons\u00e9cutifs de Stray Kids au Stade de France devraient vous avoir mis la puce \u00e0 l\u2019oreille ! Alors que le groupe sud-cor\u00e9en avait entam\u00e9 sa tourn\u00e9e mondiale  en ao\u00fbt dernier, c\u2019est l\u2019Europe qui a cl\u00f4tur\u00e9 leur road trip ce mois-ci, incluant un week-end de concerts \u00e0 Paris dans le plus grand stade du pays !\u00a0<\/p>\n<p class=\"text-konbiniBlack px-3 pt-0 text-left font-bold text-2xl\">\u00c0 voir aussi sur Konbini<\/p>\n<p>Quelques heures avant de monter sur sc\u00e8ne pour leur deuxi\u00e8me date, Bang Chan, Lee Know, Changbin, Hyunjin, HAN, Felix, Seungmin et I.N nous ont accord\u00e9 une interview exclusive en coulisses. Les huit membres nous racontent leurs astuces pour rester en forme tout le long d\u2019une tourn\u00e9e, nous donnent un aper\u00e7u de leur processus cr\u00e9atif et se confient sur leur amiti\u00e9.<\/p>\n<p><b>Konbini | Vous \u00eates \u00e0 Paris pour vos deux concerts au Stade de France \u2013 hier et aujourd\u2019hui ! Comment d\u00e9cririez-vous le sentiment de se produire devant autant de personnes, si loin de la Cor\u00e9e du Sud ?<\/b><\/p>\n<p>Bang Chan | Je ne savais pas que le Stade de France \u00e9tait aussi grand ! C\u2019est le plus grand stade en France, n\u2019est-ce pas ? La premi\u00e8re chose qui m\u2019est venue \u00e0 l\u2019esprit, c\u2019est : \u201cEst-ce qu\u2019on a vraiment le droit de se produire ici ?\u201d. Mais c\u2019est quelque chose que les STAY ont rendu possible, et on est tr\u00e8s honor\u00e9s de pouvoir jouer ici, devant autant de personnes. Hier, l\u2019\u00e9nergie \u00e9tait incroyable et c\u2019\u00e9tait tellement amusant \u2013 on est impatients pour ce soir ! Chaque fois qu\u2019on vient \u00e0 Paris, c\u2019est tout simplement incroyable.<\/p>\n<p>Seungmin | Paris est probablement la ville qu\u2019on a le plus visit\u00e9e avec Stray Kids. C\u2019est fou que l\u2019on puisse se produire dans un stade aussi grand, et j\u2019en suis tr\u00e8s reconnaissant \u2013 c\u2019est gr\u00e2ce \u00e0 tous les fans de France ! La prochaine fois, j\u2019esp\u00e8re qu\u2019on pourra aller dans une salle encore plus grande ! [Rires]<\/p>\n<p><b>Ou vous pourriez faire quatre dates au Stade de France ! <\/b><b>[Rires]<\/b><b>\u00a0<\/b><\/p>\n<p>Stray Kids | Wow ! [Rires]<\/p>\n<p><img alt=\"\"  src=\"https:\/\/www.europesays.com\/fr\/wp-content\/uploads\/2025\/08\/Votre-texte-de-paragraphe-7.png\" width=\"820\" height=\"430\" decoding=\"async\" data-nimg=\"1\" class=\"mx-auto\" loading=\"lazy\" style=\"color:transparent;object-fit:contain\"\/><\/p>\n<p><b>Vous \u00eates en tourn\u00e9e depuis presque un an ! Bang Chan, comment fais-tu pour rester en bonne condition physique et mentale tout au long d\u2019une tourn\u00e9e mondiale ?\u00a0<\/b><\/p>\n<p>Bang Chan | Je pense que c\u2019est ce qu\u2019on essaie de faire avant tout : rester en bonne sant\u00e9. Parce que, honn\u00eatement, faire un concert de trois heures, c\u2019est assez \u00e9prouvant pour le corps. Bien s\u00fbr, on ne le montre pas sur sc\u00e8ne, mais on fait de notre mieux pour rester en forme. On a aussi deux physioth\u00e9rapeutes qui s\u2019occupent de nous et nous aident si quelque chose ne va pas \u2013 ce qui est vraiment essentiel. Et puis, on va tous \u00e0 la salle de sport ! Heureusement, sur le plan mental, on s\u2019aime tous beaucoup, et si l\u2019un de nous ne se sent pas tr\u00e8s bien, on lui remonte le moral !<\/p>\n<p><strong>Cette tourn\u00e9e montre \u00e0 quel point vous avez atteint un succ\u00e8s impressionnant. Lee Know, si tu pouvais rencontrer Stray Kids avant vos d\u00e9buts officiels, que voudrais-tu dire \u00e0 toi-m\u00eame et aux autres membres ?<\/strong><\/p>\n<p>I.N | \u201cVous n\u2019\u00eates pas fatigu\u00e9s ?\u201d [Rires]<\/p>\n<p>Lee Know | Je dirais : \u201cIl y aura beaucoup de challenges et de hauts et de bas, mais on devra les surmonter malgr\u00e9 tout, alors faisons de notre mieux pour vaincre tous les obstacles !\u201d<\/p>\n<p><img alt=\"\"  src=\"https:\/\/www.europesays.com\/fr\/wp-content\/uploads\/2025\/08\/Votre-texte-de-paragraphe-8.png\" width=\"820\" height=\"430\" decoding=\"async\" data-nimg=\"1\" class=\"mx-auto\" loading=\"lazy\" style=\"color:transparent;object-fit:contain\"\/><\/p>\n<p><b>Changbin, dans quel environnement te sens-tu g\u00e9n\u00e9ralement le plus inspir\u00e9 \u00e0 cr\u00e9er de la musique ?<\/b><\/p>\n<p>Changbin | \u00c7a ne m\u2019aide pas vraiment si j\u2019essaie de me forcer \u00e0 cr\u00e9er quelque chose. G\u00e9n\u00e9ralement, l\u2019inspiration vient tr\u00e8s soudainement et naturellement, lorsque je suis en tourn\u00e9e, dans l\u2019avion ou dans ma chambre d\u2019h\u00f4tel. J\u2019essaie vraiment d\u2019en tirer parti et de prendre en note toute l\u2019inspiration qui me vient. Souvent, le concept de la chanson me vient en premier, puis les paroles et la m\u00e9lodie !<\/p>\n<p><b>Hyunjin, tu partages beaucoup tes peintures sur les r\u00e9seaux sociaux ! Comment la musique influence-t-elle ta cr\u00e9ativit\u00e9 en tant que peintre ? Souhaites-tu relier ces deux formes d\u2019art ?<\/b><\/p>\n<p>Hyunjin | Peindre m\u2019aide beaucoup \u00e0 vider mon esprit, et je pense que je le fais simplement pour me d\u00e9barrasser de toutes les pens\u00e9es qui m\u2019encombrent. Je ne fais pas sp\u00e9cialement le lien entre ces deux formes d\u2019art, mais si j\u2019en ai l\u2019occasion \u00e0 l\u2019avenir, j\u2019aimerais travailler sur une pochette d\u2019album ! Quand j\u2019\u00e9coute de la musique, certaines couleurs me viennent \u00e0 l\u2019esprit, et je pense que si j\u2019arrive \u00e0 bien relier ces \u00e9l\u00e9ments, je pourrais cr\u00e9er une belle \u0153uvre.<\/p>\n<p><b>Ce serait g\u00e9nial !<\/b><\/p>\n<p>Hyunjin | Oui, m\u00eame si je pense que ce serait quand m\u00eame un challenge !<\/p>\n<p><img alt=\"\"  src=\"https:\/\/www.europesays.com\/fr\/wp-content\/uploads\/2025\/08\/Votre-texte-de-paragraphe-9.png\" width=\"820\" height=\"430\" decoding=\"async\" data-nimg=\"1\" class=\"mx-auto\" loading=\"lazy\" style=\"color:transparent;object-fit:contain\"\/><\/p>\n<p><b>HAN, tu as dis dans un \u00e9pisode de \u201c2 Kids Show\u201d que lorsque tu composes des chansons, tu as souvent l\u2019impression qu\u2019elles finissent par \u00eatre diff\u00e9rentes de ce que tu avais pr\u00e9vu au d\u00e9part. Cela t\u2019est-il arriv\u00e9 r\u00e9cemment ?<\/b><\/p>\n<p>HAN | Ces derniers temps, je n\u2019ai pas eu beaucoup de temps pour produire mes propres morceaux, mais j\u2019ai travaill\u00e9 avec 3RACHA \u00e0 la place. Au d\u00e9but, le processus de production ne se d\u00e9roulait pas toujours comme pr\u00e9vu, ce qui me laissait parfois embarrass\u00e9 ou confus. Mais avec plus d\u2019exp\u00e9rience, j\u2019ai appris \u00e0 cr\u00e9er en fonction de ce que j\u2019imagine ! R\u00e9cemment, on a cr\u00e9\u00e9 un morceau de rap et on s\u2019est beaucoup amus\u00e9s \u00e0 tester diff\u00e9rentes choses.<\/p>\n<p><b>Felix, y a-t-il quelque chose que tu as particuli\u00e8rement envie d\u2019exprimer \u00e0 travers votre musique ces derniers temps ?<\/b><\/p>\n<p>Felix | Oui, absolument. On veut toujours partager un sentiment de positivit\u00e9 \u00e0 travers la musique qu\u2019on joue en concert et la musique qu\u2019on continue de cr\u00e9er. Je pense que c\u2019est ce qui est vraiment important. Gr\u00e2ce \u00e0 \u00e7a, on esp\u00e8re que les STAY pourront toujours rester connect\u00e9s \u00e0 nous, peu importe la distance qui nous s\u00e9pare. On essaie toujours de maintenir ce lien tr\u00e8s fort !<\/p>\n<p><img alt=\"\"  src=\"https:\/\/www.europesays.com\/fr\/wp-content\/uploads\/2025\/08\/Votre-texte-de-paragraphe-10.png\" width=\"820\" height=\"430\" decoding=\"async\" data-nimg=\"1\" class=\"mx-auto\" loading=\"lazy\" style=\"color:transparent;object-fit:contain\"\/><\/p>\n<p><b>Seungmin, tu as r\u00e9cemment sorti la chanson \u201cGoodbye\u201d, \u00e9crite par Bang Chan. Comment t\u2019es-tu pr\u00e9par\u00e9 \u00e0 enregistrer ce morceau afin de puiser dans ces \u00e9motions ?<\/b><\/p>\n<p>Seungmin | J\u2019essaie de m\u2019impr\u00e9gner diff\u00e9remment de chaque chanson sur laquelle je travaille. Pour \u201cGoodbye\u201d, je voulais vraiment inviter les personnes qui l\u2019\u00e9coutent \u00e0 plonger avec moi dans la chanson, \u00e0 faire partie de l\u2019histoire. \u00c7a a \u00e9t\u00e9 un peu difficile au d\u00e9but, mais je pense que j\u2019ai fini par y arriver.<\/p>\n<p><b>C\u2019est une tr\u00e8s belle chanson.<\/b><\/p>\n<p>Seungmin | C\u2019est gr\u00e2ce \u00e0 Bang Chan !<\/p>\n<p>Bang Chan | Non, je ne peux pas la chanter, Seungmin l\u2019a sauv\u00e9e !<\/p>\n<p><b>Vous avez c\u00e9l\u00e9br\u00e9 votre 7\u00e8me anniversaire en tant que Stray Kids ! I.N, quelle le\u00e7on penses-tu avoir apprise des autres membres au fil des ann\u00e9es ?<\/b><\/p>\n<p>I.N | Un jour, apr\u00e8s un concert, je mangeais avec Changbin et je lui ai partag\u00e9 mes inqui\u00e9tudes. Je me demandais si ces moments seraient les derniers que l\u2019on passerait ensemble : \u201cEt si ces moments ne duraient pas \u00e9ternellement ?\u201d. \u00c0 ce moment-l\u00e0, Changbin m\u2019a dit de ne pas m\u2019inqui\u00e9ter. Il m\u2019a rassur\u00e9 et affirm\u00e9 que nos fans seraient toujours l\u00e0, tout comme nous, Stray Kids. Ce sont des mots qui m\u2019ont vraiment marqu\u00e9 !<\/p>\n<p><b>Vous avez forg\u00e9 une relation tr\u00e8s forte. Comment prenez-vous soin de votre amiti\u00e9 ?<\/b><\/p>\n<p>Bang Chan | Oh, on n\u2019est pas si proches ! [Rires]<\/p>\n<p><b>Clairement pas ! <\/b><b>[Rires]<\/b><\/p>\n<p>Felix | Je pense que depuis nos d\u00e9buts, on a toujours accord\u00e9 beaucoup d\u2019importance \u00e0 notre amiti\u00e9. On se respecte mutuellement et on travaille en \u00e9quipe. Et j\u2019ai l\u2019impression que c\u2019est ce travail d\u2019\u00e9quipe qui nous a \u00e9galement rapproch\u00e9s. \u00c7a s\u2019est fait tr\u00e8s naturellement !<\/p>\n<p>I.N | On se conna\u00eet tr\u00e8s bien. Et puisqu\u2019on se comprend vraiment, on peut travailler ensemble facilement. On essaie aussi de beaucoup discuter. Je pense que c\u2019est la meilleure fa\u00e7on pour nous de maintenir une relation forte !<\/p>\n","protected":false},"excerpt":{"rendered":"Deux ans apr\u00e8s notre premi\u00e8re interview avec le groupe, on a retrouv\u00e9 Stray Kids au Stade de France,&hellip;\n","protected":false},"author":2,"featured_media":290417,"comment_status":"","ping_status":"","sticky":false,"template":"","format":"standard","meta":{"footnotes":""},"categories":[1888],"tags":[11,1777,674,1011,27,12,626,1970,25],"class_list":{"0":"post-290416","1":"post","2":"type-post","3":"status-publish","4":"format-standard","5":"has-post-thumbnail","7":"category-paris","8":"tag-actualites","9":"tag-eu","10":"tag-europe","11":"tag-fr","12":"tag-france","13":"tag-news","14":"tag-paris","15":"tag-pop-culture","16":"tag-republique-francaise"},"share_on_mastodon":{"url":"https:\/\/pubeurope.com\/@fr\/114956937783847881","error":""},"_links":{"self":[{"href":"https:\/\/www.europesays.com\/fr\/wp-json\/wp\/v2\/posts\/290416","targetHints":{"allow":["GET"]}}],"collection":[{"href":"https:\/\/www.europesays.com\/fr\/wp-json\/wp\/v2\/posts"}],"about":[{"href":"https:\/\/www.europesays.com\/fr\/wp-json\/wp\/v2\/types\/post"}],"author":[{"embeddable":true,"href":"https:\/\/www.europesays.com\/fr\/wp-json\/wp\/v2\/users\/2"}],"replies":[{"embeddable":true,"href":"https:\/\/www.europesays.com\/fr\/wp-json\/wp\/v2\/comments?post=290416"}],"version-history":[{"count":0,"href":"https:\/\/www.europesays.com\/fr\/wp-json\/wp\/v2\/posts\/290416\/revisions"}],"wp:featuredmedia":[{"embeddable":true,"href":"https:\/\/www.europesays.com\/fr\/wp-json\/wp\/v2\/media\/290417"}],"wp:attachment":[{"href":"https:\/\/www.europesays.com\/fr\/wp-json\/wp\/v2\/media?parent=290416"}],"wp:term":[{"taxonomy":"category","embeddable":true,"href":"https:\/\/www.europesays.com\/fr\/wp-json\/wp\/v2\/categories?post=290416"},{"taxonomy":"post_tag","embeddable":true,"href":"https:\/\/www.europesays.com\/fr\/wp-json\/wp\/v2\/tags?post=290416"}],"curies":[{"name":"wp","href":"https:\/\/api.w.org\/{rel}","templated":true}]}}