{"id":290425,"date":"2025-08-02T03:04:12","date_gmt":"2025-08-02T03:04:12","guid":{"rendered":"https:\/\/www.europesays.com\/fr\/290425\/"},"modified":"2025-08-02T03:04:12","modified_gmt":"2025-08-02T03:04:12","slug":"ce-qui-change-en-aout-2025-au-luxembourg-en-france-en-belgique-et-en-allemagne","status":"publish","type":"post","link":"https:\/\/www.europesays.com\/fr\/290425\/","title":{"rendered":"Ce qui change en ao\u00fbt 2025 au Luxembourg, en France, en Belgique et en Allemagne"},"content":{"rendered":"<p>Au Luxembourg<\/p>\n<p class=\"Paragraph_root__xJSDF Paragraph_default-lg-default__txMNQ articleParagraph\">\u2022<strong> CONTR\u00d4LES \u00c0 LA FRONTI\u00c8RE.<\/strong> Depuis le 16 septembre 2024, l\u2019Allemagne a instaur\u00e9 des contr\u00f4les de police \u00e0 sa fronti\u00e8re, pour lutter contre l\u2019immigration ill\u00e9gale. \u00c0 la fronti\u00e8re entre Luxembourg et Allemagne, cela se mat\u00e9rialise par des postes de contr\u00f4le fixes, respectivement sur les autoroutes de Tr\u00e8ves (A1-A64) et de la Sarre (A13-A8).<\/p>\n<p>Le viaduc autoroutier sur la Moselle, entre Schengen et Perl: la circulation y est r\u00e9duite sur une seule voie dans chaque sens, pour une dur\u00e9e ind\u00e9termin\u00e9e.\u00a0\u00a9 PHOTO: Chris Karaba\/Archives<\/p>\n<p class=\"Paragraph_root__xJSDF Paragraph_default-lg-default__txMNQ articleParagraph\">Mais \u00e0 partir de ce mois d\u2019ao\u00fbt, la situation va \u00e9voluer, uniquement sur l\u2019autoroute de la Sarre. Le poste de contr\u00f4le fixe situ\u00e9 sur l\u2019aire Moseltal juste apr\u00e8s le viaduc de Schengen <a class=\"LinkText_root__0Tfta annotation-link_annotationLink__nXU8B\" href=\"https:\/\/www.virgule.lu\/luxembourg\/bientot-la-fin-des-controles-policiers-permanents-sur-l-autoroute-de-la-sarre\/76647649.html\" target=\"_blank\" rel=\"noFollow nofollow noopener\">doit \u00eatre supprim\u00e9<\/a>. \u00c0 la place, des contr\u00f4les \u201cvolants\u201d de la Bundespolizei auront lieu. Pour autant, cela ne signifie pas la fin des ralentissements \u00e0 la sortie du tunnel Markusberg, puisque <a class=\"LinkText_root__0Tfta annotation-link_annotationLink__nXU8B\" href=\"https:\/\/www.virgule.lu\/granderegion\/des-restrictions-de-circulation-sur-le-viaduc-autoroutier-de-schengen-a-partir-de-ce-lundi-28-juillet\/80273478.html\" target=\"_blank\" rel=\"noFollow nofollow noopener\">la circulation est r\u00e9duite sur une seule voie \u00e0 titre pr\u00e9ventif<\/a> depuis la fin de ce mois de juillet, en raison de fragilit\u00e9s d\u00e9tect\u00e9es sur le viaduc.<\/p>\n<p><a href=\"https:\/\/www.virgule.lu\/luxembourg\/leon-gloden-clarifie-la-confusion-sur-les-frontieres-avec-l-allemagne\/79265244.html\" class=\"RelatedTeaser_related-teaser__awFnD RelatedTeaser_related-teaser--image__oZDce read-more_withImage__1YJa_\" data-article-id=\"79265244\" rel=\"nofollow noopener\" target=\"_blank\"><\/p>\n<p>Lire aussi :L\u00e9on Gloden clarifie la confusion sur les fronti\u00e8res avec l\u2019Allemagne<\/p>\n<p><\/a><\/p>\n<p class=\"Paragraph_root__xJSDF Paragraph_default-lg-default__txMNQ articleParagraph\">\u2022 <strong>DROITS DE DOUANE.<\/strong> La mesure a beau faire grincer des dents de nombreux responsables politiques des pays de l\u2019Union europ\u00e9enne, elle va entrer en vigueur le 7 ao\u00fbt, alors que la date du 1er ao\u00fbt \u00e9tait initialement annonc\u00e9e. Il s\u2019agit de la <a class=\"LinkText_root__0Tfta annotation-link_annotationLink__nXU8B\" href=\"https:\/\/www.virgule.lu\/international\/trump-et-von-der-leyen-arrachent-un-accord-l-ue-se-resigne-a-15-de-droits-de-douane\/80221132.html\" target=\"_blank\" rel=\"noFollow nofollow noopener\">hausse de 15% des droits de douane<\/a> sur les biens europ\u00e9ens export\u00e9s vers les \u00c9tats-Unis. C\u2019est le r\u00e9sultat d\u2019un long bras de fer, finalement remport\u00e9 par le pr\u00e9sident am\u00e9ricain Donald Trump, qui a sign\u00e9 le d\u00e9cret fixant le montant des nouvelles surtaxes douani\u00e8res.<\/p>\n<p>Le pr\u00e9sident am\u00e9ricain Donald Trump (\u00e0 droite) serre la main de la pr\u00e9sidente de la Commission europ\u00e9enne, Ursula von der Leyen (\u00e0 gauche), apr\u00e8s leur rencontre \u00e0 Turnberry, dans le sud-ouest de l&rsquo;\u00c9cosse.\u00a0\u00a9 PHOTO: AFP<\/p>\n<p class=\"Paragraph_root__xJSDF Paragraph_default-lg-default__txMNQ articleParagraph\">Ces droits de douane seront pay\u00e9s par l\u2019importateur am\u00e9ricain. Mais cela devrait \u00e9videmment se r\u00e9percuter sur les prix pratiqu\u00e9s par ces importateurs aux entreprises europ\u00e9ennes. <\/p>\n<p class=\"Paragraph_root__xJSDF Paragraph_default-lg-default__txMNQ articleParagraph\">\u2022 <strong>NOUVEAU BOURGMESTRE.<\/strong> Clap de fin pour Paul Weimerskirch. Ce 1er ao\u00fbt, l\u2019\u00e9lu CSV rend son \u00e9charpe de bourgmestre de Schifflange et met un terme \u00e0 sa carri\u00e8re politique. Il a dirig\u00e9 la commune durant sept ans. Comme cela avait \u00e9t\u00e9 d\u00e9cid\u00e9 \u00e0 l\u2019issue des derni\u00e8res \u00e9lections communales en 2023, Carlo Feiereisen (LSAP) prend sa succession en cours de mandat. Par la m\u00eame occasion, Nadine Kuhn-Metz (CSV) va rejoindre Marc Spautz (CSV) et Rizo Agovic (LSAP) au sein du coll\u00e8ge \u00e9chevinal, et Isabelle Solagna (CSV) le conseil communal.<\/p>\n<p>Carlo Feiereisen (\u00e0 droite) est le nouveau bourgmestre de Schifflange. Il succ\u00e8de ainsi \u00e0 Paul Weimerskirch (\u00e0 gauche).\u00a0\u00a9 PHOTO: Gerry Huberty, Anouk Antony\/Archives LW<\/p>\n<p class=\"Paragraph_root__xJSDF Paragraph_default-lg-default__txMNQ articleParagraph\">\u2022 <strong>TRAFIC FERROVIAIRE.<\/strong> Tandis que <a class=\"LinkText_root__0Tfta annotation-link_annotationLink__nXU8B\" href=\"https:\/\/www.virgule.lu\/luxembourg\/nouvelle-ligne-cfl-bettembourg-luxembourg-un-deuxieme-quai-amenage-en-gare-de-howald\/79888564.html\" target=\"_blank\" rel=\"noFollow nofollow noopener\">le barrage de Bettembourg<\/a> se poursuit jusqu\u2019au 14 septembre inclus, avec des bus \u00e0 la place des trains entre Bettembourg et Luxembourg-Ville, le chantier de la ligne Luxembourg-Ettelbruck-Troisvierges va prendre fin le 10 ao\u00fbt. La circulation des trains sera donc \u00e0 nouveau possible entre Luxembourg et Ettelbruck-Diekirch \u00e0 partir de cette date. Par contre, un autre chantier va d\u00e9marrer sur la ligne le 23 ao\u00fbt, jusqu\u2019au 14 septembre, sur la ligne Luxembourg-Wasserbillig-Tr\u00e8ves. La circulation sera interrompue sur la partie luxembourgeoise de la ligne. Il y aura des bus de substitution.<\/p>\n<p><a href=\"https:\/\/www.virgule.lu\/luxembourg\/ces-quatre-lignes-de-train-seront-en-travaux-cet-ete\/75049375.html\" class=\"RelatedTeaser_related-teaser__awFnD RelatedTeaser_related-teaser--image__oZDce read-more_withImage__1YJa_\" data-article-id=\"75049375\" rel=\"nofollow noopener\" target=\"_blank\"><\/p>\n<p>Lire aussi :Ces quatre lignes de train seront en travaux cet \u00e9t\u00e9<\/p>\n<p><\/a>En France <\/p>\n<p class=\"Paragraph_root__xJSDF Paragraph_default-lg-default__txMNQ articleParagraph\">\u2022 <strong>BAISSE DES TAUX D\u2019\u00c9PARGNE.<\/strong> Mauvaise nouvelle pour les \u00e9pargnants fran\u00e7ais: les taux des principaux livrets diminuent fortement en ce 1er ao\u00fbt. Cette baisse, d\u00e9cid\u00e9e par le minist\u00e8re de l\u2019\u00c9conomie, est motiv\u00e9e par un niveau d\u2019inflation qui est retomb\u00e9 \u00e0 0,88% au premier semestre 2025. Ainsi, le taux du livret A et du livret de d\u00e9veloppement durable et solidaire passe de 2,4 \u00e0 1,7%. Celui du livret d\u2019\u00e9pargne populaire passe de 3,5 \u00e0 2,7%. <\/p>\n<p><a href=\"https:\/\/www.virgule.lu\/luxembourg\/comment-les-banques-luxembourgeoises-luttent-contre-la-perte-des-baby-boomers\/71049931.html\" class=\"RelatedTeaser_related-teaser__awFnD RelatedTeaser_related-teaser--image__oZDce read-more_withImage__1YJa_\" data-article-id=\"71049931\" rel=\"nofollow noopener\" target=\"_blank\"><\/p>\n<p>Lire aussi :Comment les banques luxembourgeoises luttent contre la perte des \u00abbaby-boomers\u00bb<\/p>\n<p><\/a><\/p>\n<p class=\"Paragraph_root__xJSDF Paragraph_default-lg-default__txMNQ articleParagraph\">\u2022 <strong>GAZ ET \u00c9LECTRICIT\u00c9. <\/strong>Mauvaise nouvelle pour les consommateurs fran\u00e7ais: la TVA (taxe sur la valeur ajout\u00e9e) pour les abonnements de gaz et d\u2019\u00e9lectricit\u00e9 grimpe de 5,5 \u00e0 20%. Ne frappez pas trop vite sur le gouvernement: la France se met simplement en r\u00e8gle avec la l\u00e9gislation europ\u00e9enne, qui exige un m\u00eame taux de TVA pour les abonnements et les tarifs du m\u00e9gawattheure de gaz et d\u2019\u00e9lectricit\u00e9. N\u00e9anmoins, d\u2019autres taxes vont baisser afin que cette hausse de la TVA ne se ressente pas (trop) sur la facture, promet le gouvernement.<\/p>\n<p><a href=\"https:\/\/www.virgule.lu\/luxembourg\/une-nouvelle-aide-a-l-electricite-pour-soulager-les-citoyens-et-les-entreprises\/79793572.html\" class=\"RelatedTeaser_related-teaser__awFnD RelatedTeaser_related-teaser--image__oZDce read-more_withImage__1YJa_\" data-article-id=\"79793572\" rel=\"nofollow noopener\" target=\"_blank\"><\/p>\n<p>Lire aussi :Une nouvelle aide \u00e0 l\u2019\u00e9lectricit\u00e9 pour soulager les citoyens et les entreprises<\/p>\n<p><\/a><\/p>\n<p class=\"Paragraph_root__xJSDF Paragraph_default-lg-default__txMNQ articleParagraph\">\u2022<strong> COMPTEUR LINKY.<\/strong> Mauvaise nouvelle pour les r\u00e9fractaires au compteur Linky: ils vont devoir payer 38 euros suppl\u00e9mentaires chaque ann\u00e9e. Le compteur Linky, reconnaissable par sa couleur vert pomme, permet notamment de relever la consommation d\u2019\u00e9lectricit\u00e9 \u00e0 distance. Il est d\u00e9ploy\u00e9 depuis 2015 par l\u2019op\u00e9rateur Enedis. Il est en principe obligatoire, mais de nombreux consommateurs fran\u00e7ais font encore de la r\u00e9sistance et n\u2019ont pas accept\u00e9 de changer leur ancien compteur. Ils devront donc s\u2019acquitter de 6,48 euros HT tous les deux mois \u00e0 partir de ce 1er ao\u00fbt.<\/p>\n<p>Le compteur vert Linky, qui permet de relever la consommation d\u2019\u00e9lectricit\u00e9 \u00e0 distance.\u00a0\u00a9 PHOTO: Shutterstock<\/p>\n<p class=\"Paragraph_root__xJSDF Paragraph_default-lg-default__txMNQ articleParagraph\">Source: <a class=\"LinkText_root__0Tfta annotation-link_annotationLink__nXU8B\" href=\"https:\/\/www.service-public.fr\/particuliers\/actualites\/A18396\" target=\"_blank\" rel=\"nofollow noopener\">service-public.fr<\/a><\/p>\n<p>En Belgique<\/p>\n<p class=\"Paragraph_root__xJSDF Paragraph_default-lg-default__txMNQ articleParagraph\">\u2022<strong> PLAQUES D\u2019IMMATRICULATION.<\/strong> Un seul changement notable en Belgique \u00e0 partir de ce 1er ao\u00fbt: une r\u00e9forme concernant les plaques d\u2019immatriculation des v\u00e9hicules. Jusqu\u2019alors, il fallait \u00abse pr\u00e9senter au bureau de poste pour annuler le pr\u00e9c\u00e9dent certificat d\u2019immatriculation et recevoir un formulaire de demande pour une nouvelle plaque\u00bb, rappelle <a class=\"LinkText_root__0Tfta annotation-link_annotationLink__nXU8B\" href=\"https:\/\/www.lesoir.be\/689998\/article\/2025-07-27\/plaques-dimmatriculation-du-changement-partir-du-1er-aout\" target=\"_blank\" rel=\"nofollow noopener\">Le Soir<\/a>. D\u00e9sormais, \u00abce passage ne sera plus n\u00e9cessaire. Il suffira de contacter directement son assureur qui pourra directement mener la proc\u00e9dure pour l\u2019immatriculation\u00bb.<\/p>\n<p><a href=\"https:\/\/www.virgule.lu\/granderegion\/belgique\/nouvelle-taxe-automobile-en-wallonie-qui-gagne-et-qui-perd\/75188298.html\" class=\"RelatedTeaser_related-teaser__awFnD RelatedTeaser_related-teaser--image__oZDce read-more_withImage__1YJa_\" data-article-id=\"75188298\" rel=\"nofollow noopener\" target=\"_blank\"><\/p>\n<p>Lire aussi :Nouvelle taxe automobile en Wallonie: qui gagne et qui perd?<\/p>\n<p><\/a><\/p>\n<p class=\"Paragraph_root__xJSDF Paragraph_default-lg-default__txMNQ articleParagraph\">Par contre, concernant la radiation d\u2019une plaque, il y a une nouvelle proc\u00e9dure, avec diff\u00e9rentes options possibles. Elles sont r\u00e9sum\u00e9es <a class=\"LinkText_root__0Tfta annotation-link_annotationLink__nXU8B\" href=\"https:\/\/www.rtbf.be\/article\/a-partir-du-1er-aout-cela-va-couter-entre-5-et-18-euros-pour-rendre-sa-plaque-d-immatriculation-via-bpost-pour-la-radier-voici-les-differentes-procedures-possibles-11576329\" target=\"_blank\" rel=\"nofollow noopener\">dans cet article de nos confr\u00e8res de la RTBF<\/a>.<\/p>\n<p>En Allemagne<\/p>\n<p class=\"Paragraph_root__xJSDF Paragraph_default-lg-default__txMNQ articleParagraph\">\u2022 <strong>PHOTOS D\u2019IDENTIT\u00c9.<\/strong> \u00c0 partir de ce 1er ao\u00fbt, les photos d\u2019identit\u00e9 sur papier glac\u00e9 ne sont plus accept\u00e9es pour les demandes de carte d\u2019identit\u00e9 ou de passeport. Seules les photos au format num\u00e9rique sont d\u00e9sormais autoris\u00e9es. <\/p>\n<p class=\"Paragraph_root__xJSDF Paragraph_default-lg-default__txMNQ articleParagraph\">Source: <a class=\"LinkText_root__0Tfta annotation-link_annotationLink__nXU8B\" href=\"https:\/\/www.bundesregierung.de\/breg-de\/aktuelles\/neuregelungen-august-25-2368672#:~:text=Gesetze%20und%20Regelungen%20aktuell%20%E2%80%93%20August,ist%20bis%20April%202026%20eingeschr%C3%A4nkt.\" target=\"_blank\" rel=\"nofollow noopener\">bundesregierung.de<\/a><\/p>\n<p class=\"Paragraph_root__xJSDF Paragraph_default-lg-default__txMNQ articleParagraph\">\u2022 <strong>RECYCLAGE DES PILES.<\/strong> S\u2019il \u00e9tait d\u00e9j\u00e0 possible de ramener et d\u00e9poser gratuitement ses piles usag\u00e9es dans certains magasins, de bricolage notamment, la d\u00e9marche sera \u00e9galement possible \u00e0 partir du 18 ao\u00fbt dans les centres de recyclage communaux. \u00abDe plus, les fabricants seront progressivement tenus d\u2019\u00e9tiqueter les piles avec\u00a0des codes\u00a0QR fournissant des informations sur leur compatibilit\u00e9 environnementale,\u00a0leur recyclabilit\u00e9\u00a0et les mati\u00e8res premi\u00e8res utilis\u00e9es\u00bb, pr\u00e9cise le gouvernement f\u00e9d\u00e9ral allemand.<\/p>\n<p class=\"Paragraph_root__xJSDF Paragraph_default-lg-default__txMNQ articleParagraph\">Source: <a class=\"LinkText_root__0Tfta annotation-link_annotationLink__nXU8B\" href=\"https:\/\/www.bundesregierung.de\/breg-de\/aktuelles\/neuregelungen-august-25-2368672#:~:text=Gesetze%20und%20Regelungen%20aktuell%20%E2%80%93%20August,ist%20bis%20April%202026%20eingeschr%C3%A4nkt.\" target=\"_blank\" rel=\"nofollow noopener\">bundesregierung.de<\/a><\/p>\n<p class=\"Paragraph_root__xJSDF Paragraph_default-lg-default__txMNQ articleParagraph\"><strong>\u2022 PANNEAUX PHOTOVOLTA\u00cfQUES.<\/strong> Les tarifs de rachat de l\u2019\u00e9lectricit\u00e9 produite \u00e0 partir de panneaux photovolta\u00efques \u00e9voluent, \u00e0 la baisse, pour les particuliers qui installent des modules sur le toit de leur habitation. Ils passent de 12,60 centimes \u00e0 12,48 centimes\/kWh si toute la production est inject\u00e9e dans le r\u00e9seau, et de 7,94 centimes \u00e0 7,88 centimes\/kWh si une partie de la production est utilis\u00e9e pour le logement et que l\u2019exc\u00e9dent est inject\u00e9e dans le r\u00e9seau. Toutefois, cette baisse ne concerne pas les personnes qui ont install\u00e9 des panneaux avec un contrat de prix garanti sur 20 ans.<\/p>\n<p class=\"Paragraph_root__xJSDF Paragraph_default-lg-default__txMNQ articleParagraph\">Source: <a class=\"LinkText_root__0Tfta annotation-link_annotationLink__nXU8B\" href=\"https:\/\/www.mdr.de\/ratgeber\/neu-ab\/rente-personalausweis-solarstrom-112.html\" target=\"_blank\" rel=\"nofollow noopener\">mdr.de<\/a><\/p>\n<p><a href=\"https:\/\/www.virgule.lu\/luxembourg\/a-esch-tout-le-monde-pourra-bientot-produire-de-lelectricite-sur-son-balcon\/73080602.html\" class=\"RelatedTeaser_related-teaser__awFnD RelatedTeaser_related-teaser--image__oZDce read-more_withImage__1YJa_\" data-article-id=\"73080602\" rel=\"nofollow noopener\" target=\"_blank\"><\/p>\n<p>Lire aussi :\u00c0 Esch, tout le monde pourra bient\u00f4t produire de l&rsquo;\u00e9lectricit\u00e9 sur son balcon<\/p>\n<p><\/a><\/p>\n","protected":false},"excerpt":{"rendered":"Au Luxembourg \u2022 CONTR\u00d4LES \u00c0 LA FRONTI\u00c8RE. Depuis le 16 septembre 2024, l\u2019Allemagne a instaur\u00e9 des contr\u00f4les de&hellip;\n","protected":false},"author":2,"featured_media":290426,"comment_status":"","ping_status":"","sticky":false,"template":"","format":"standard","meta":{"footnotes":""},"categories":[1587],"tags":[11,672,1804,1805,1803,1777,674,1801,12,1802],"class_list":{"0":"post-290425","1":"post","2":"type-post","3":"status-publish","4":"format-standard","5":"has-post-thumbnail","7":"category-allemagne","8":"tag-actualites","9":"tag-allemagne","10":"tag-bundesrepublik-deutschland","11":"tag-de","12":"tag-deutschland","13":"tag-eu","14":"tag-europe","15":"tag-germany","16":"tag-news","17":"tag-republique-federale-dallemagne"},"share_on_mastodon":{"url":"https:\/\/pubeurope.com\/@fr\/114956957596584519","error":""},"_links":{"self":[{"href":"https:\/\/www.europesays.com\/fr\/wp-json\/wp\/v2\/posts\/290425","targetHints":{"allow":["GET"]}}],"collection":[{"href":"https:\/\/www.europesays.com\/fr\/wp-json\/wp\/v2\/posts"}],"about":[{"href":"https:\/\/www.europesays.com\/fr\/wp-json\/wp\/v2\/types\/post"}],"author":[{"embeddable":true,"href":"https:\/\/www.europesays.com\/fr\/wp-json\/wp\/v2\/users\/2"}],"replies":[{"embeddable":true,"href":"https:\/\/www.europesays.com\/fr\/wp-json\/wp\/v2\/comments?post=290425"}],"version-history":[{"count":0,"href":"https:\/\/www.europesays.com\/fr\/wp-json\/wp\/v2\/posts\/290425\/revisions"}],"wp:featuredmedia":[{"embeddable":true,"href":"https:\/\/www.europesays.com\/fr\/wp-json\/wp\/v2\/media\/290426"}],"wp:attachment":[{"href":"https:\/\/www.europesays.com\/fr\/wp-json\/wp\/v2\/media?parent=290425"}],"wp:term":[{"taxonomy":"category","embeddable":true,"href":"https:\/\/www.europesays.com\/fr\/wp-json\/wp\/v2\/categories?post=290425"},{"taxonomy":"post_tag","embeddable":true,"href":"https:\/\/www.europesays.com\/fr\/wp-json\/wp\/v2\/tags?post=290425"}],"curies":[{"name":"wp","href":"https:\/\/api.w.org\/{rel}","templated":true}]}}