{"id":290429,"date":"2025-08-02T03:06:14","date_gmt":"2025-08-02T03:06:14","guid":{"rendered":"https:\/\/www.europesays.com\/fr\/290429\/"},"modified":"2025-08-02T03:06:14","modified_gmt":"2025-08-02T03:06:14","slug":"comment-laccord-entre-les-etats-unis-et-lunion-europeenne-fragilise-la-filiere-cosmetique","status":"publish","type":"post","link":"https:\/\/www.europesays.com\/fr\/290429\/","title":{"rendered":"comment l&rsquo;accord entre les \u00c9tats-Unis et l&rsquo;Union europ\u00e9enne fragilise la fili\u00e8re cosm\u00e9tique"},"content":{"rendered":"<p class=\"intro \">Donald Trump a sign\u00e9 le d\u00e9cret imposant une hausse des droits de douane pour des dizaines de pays dans le monde d\u00e8s jeudi prochain. Beaut\u00e9, cosm\u00e9tique, parfum, l&rsquo;industrie est l&rsquo;une des plus touch\u00e9es par l&rsquo;accord commercial pass\u00e9 entre Donald Trump et l&rsquo;UE. Cette industrie fran\u00e7aise, qui va passer de 0 \u00e0 15% de droits de douane, s&rsquo;en est fini du libre-\u00e9change. <\/p>\n<p>C&rsquo;est une des fili\u00e8res les plus impact\u00e9es par l&rsquo;accord sur les droits de douane pass\u00e9 entre <a href=\"https:\/\/www.europe1.fr\/dossiers\/donald-trump\" target=\"_blank\" rel=\"nofollow noopener\">Donald Trump<\/a> et la Commission europ\u00e9enne. Derri\u00e8re l&rsquo;a\u00e9ronautique, les vins et spiritueux et les m\u00e9dicaments, les cosm\u00e9tiques sont les quatri\u00e8me produits fran\u00e7ais les plus export\u00e9s vers les <a href=\"https:\/\/www.europe1.fr\/dossiers\/amerique\" rel=\"nofollow noopener\" target=\"_blank\">\u00c9tats-Unis<\/a>.<\/p>\n<p>    La suite apr\u00e8s cette publicit\u00e9<\/p>\n<p>    La suite apr\u00e8s cette publicit\u00e9<\/p>\n<p>\u00ab\u00a0Il n&rsquo;y a plus d&rsquo;enthousiasme sur tous les march\u00e9s\u00a0\u00bb<\/p>\n<p>Quelques trois milliards d&rsquo;euros de marchandises l&rsquo;ann\u00e9e derni\u00e8re, pour lesquels les \u00c9tats-Unis sont le premier d\u00e9bouch\u00e9s et la moiti\u00e9 des exportations de cosm\u00e9tiques sont des parfums. Pour le groupe Interparfums, qui fabrique et distribue de grandes marques comme Lacoste, Montclair ou encore Bouchon, les \u00c9tats-Unis repr\u00e9sentent un tiers des ventes.\u00a0<\/p>\n<p>Si le groupe a augment\u00e9 ses tarifs \u00e0 l&rsquo;export en cons\u00e9quence, son PDG, Philippe B\u00e9nacin, n&rsquo;en reste pas moins inquiet : \u00ab\u00a0Depuis deux, trois mois, on sent qu&rsquo;il y a moins d&rsquo;app\u00e9tit. Il n&rsquo;y a plus d&rsquo;enthousiasme sur tous les march\u00e9s. Donc je ne suis pas aussi optimiste sur le deuxi\u00e8me trimestre que le premier\u00a0\u00bb.<\/p>\n<p>    La suite apr\u00e8s cette publicit\u00e9<\/p>\n<p>    La suite apr\u00e8s cette publicit\u00e9<\/p>\n<p>Avec 15% de droits de douane, le secteur de la cosm\u00e9tique estime ses pertes potentielles \u00e0 300 millions d&rsquo;euros et 5.000 emplois. Il demande au gouvernement des mesures de simplification pour am\u00e9liorer sa comp\u00e9titivit\u00e9 de fa\u00e7on \u00e0 se tourner vers d&rsquo;autres march\u00e9s prometteurs comme l&rsquo;Inde.\u00a0<\/p>\n","protected":false},"excerpt":{"rendered":"Donald Trump a sign\u00e9 le d\u00e9cret imposant une hausse des droits de douane pour des dizaines de pays&hellip;\n","protected":false},"author":2,"featured_media":290430,"comment_status":"","ping_status":"","sticky":false,"template":"","format":"standard","meta":{"footnotes":""},"categories":[1586],"tags":[11,1777,674,1779,1011,27,12,25,1778,364],"class_list":{"0":"post-290429","1":"post","2":"type-post","3":"status-publish","4":"format-standard","5":"has-post-thumbnail","7":"category-europe","8":"tag-actualites","9":"tag-eu","10":"tag-europe","11":"tag-european-union","12":"tag-fr","13":"tag-france","14":"tag-news","15":"tag-republique-francaise","16":"tag-ue","17":"tag-union-europeenne"},"share_on_mastodon":{"url":"https:\/\/pubeurope.com\/@fr\/114956965267421317","error":""},"_links":{"self":[{"href":"https:\/\/www.europesays.com\/fr\/wp-json\/wp\/v2\/posts\/290429","targetHints":{"allow":["GET"]}}],"collection":[{"href":"https:\/\/www.europesays.com\/fr\/wp-json\/wp\/v2\/posts"}],"about":[{"href":"https:\/\/www.europesays.com\/fr\/wp-json\/wp\/v2\/types\/post"}],"author":[{"embeddable":true,"href":"https:\/\/www.europesays.com\/fr\/wp-json\/wp\/v2\/users\/2"}],"replies":[{"embeddable":true,"href":"https:\/\/www.europesays.com\/fr\/wp-json\/wp\/v2\/comments?post=290429"}],"version-history":[{"count":0,"href":"https:\/\/www.europesays.com\/fr\/wp-json\/wp\/v2\/posts\/290429\/revisions"}],"wp:featuredmedia":[{"embeddable":true,"href":"https:\/\/www.europesays.com\/fr\/wp-json\/wp\/v2\/media\/290430"}],"wp:attachment":[{"href":"https:\/\/www.europesays.com\/fr\/wp-json\/wp\/v2\/media?parent=290429"}],"wp:term":[{"taxonomy":"category","embeddable":true,"href":"https:\/\/www.europesays.com\/fr\/wp-json\/wp\/v2\/categories?post=290429"},{"taxonomy":"post_tag","embeddable":true,"href":"https:\/\/www.europesays.com\/fr\/wp-json\/wp\/v2\/tags?post=290429"}],"curies":[{"name":"wp","href":"https:\/\/api.w.org\/{rel}","templated":true}]}}