{"id":290431,"date":"2025-08-02T03:07:24","date_gmt":"2025-08-02T03:07:24","guid":{"rendered":"https:\/\/www.europesays.com\/fr\/290431\/"},"modified":"2025-08-02T03:07:24","modified_gmt":"2025-08-02T03:07:24","slug":"un-tsunami-diplomatique-israel-sous-la-pression-des-promesses-de-reconnaissance-dun-etat-palestinien","status":"publish","type":"post","link":"https:\/\/www.europesays.com\/fr\/290431\/","title":{"rendered":"\u00ab\u00a0Un tsunami diplomatique\u00a0\u00bb\u00a0: Isra\u00ebl sous la pression des promesses de reconnaissance d\u2019un \u00c9tat palestinien\u00a0?"},"content":{"rendered":"<p class=\"paragraph text_align_left lp-f-body-02\">Le <a href=\"https:\/\/www.leparisien.fr\/politique\/la-france-na-pas-de-double-standard-dans-les-coulisses-de-la-decision-de-macron-sur-la-palestine-25-07-2025-UXA5IOKDTBCMXM3M6X3VKDPPGE.php\" target=\"_self\" rel=\"noopener\">pari diplomatique<\/a> d\u2019Emmanuel Macron est-il en train de payer ? Plusieurs \u00c9tats ont embo\u00eet\u00e9 cette semaine le pas \u00e0 la France, qui a annonc\u00e9 le 25 juillet dernier son intention de <a href=\"https:\/\/www.leparisien.fr\/international\/la-france-va-reconnaitre-letat-de-palestine-en-septembre-quest-ce-que-ca-changerait-concretement-25-07-2025-UVITU3KAHJHIDBSNP47BR65NQI.php\" target=\"_self\" rel=\"noopener\">reconna\u00eetre un \u00c9tat palestinien<\/a>, en septembre prochain \u00e0 l\u2019ONU. \u00ab La dynamique que nous avons lanc\u00e9e a \u00e9t\u00e9 suivie \u00bb, se f\u00e9licite-t-on du c\u00f4t\u00e9 de l\u2019\u00c9lys\u00e9e.<\/p>\n<p class=\"paragraph text_align_left lp-f-body-02\">Mardi, le Premier ministre britannique Keir Starmer a adopt\u00e9 le premier un positionnement similaire, \u00e0 moins <a href=\"https:\/\/www.leparisien.fr\/international\/israel\/guerre-a-gaza-le-royaume-uni-reconnaitra-letat-de-palestine-en-septembre-sauf-si-israel-prend-certains-engagements-29-07-2025-OHNAESK5X5DILMFH3IRYHTMKWE.php\" target=\"_self\" rel=\"noopener\">qu\u2019Isra\u00ebl prenne certains engagements<\/a> pour mettre fin \u00e0 la \u00ab situation \u00e9pouvantable \u00bb \u00e0 Gaza. Il a \u00e9t\u00e9 suivi, le lendemain, <a href=\"https:\/\/www.leparisien.fr\/international\/guerre-a-gaza-le-canada-a-lintention-de-reconnaitre-letat-de-palestine-en-septembre-a-lonu-30-07-2025-HVLWH2GMMZGQ5IEPSOU7NFCZOA.php\" target=\"_self\" rel=\"noopener\">par le Canada<\/a>, troisi\u00e8me membre du G7 \u00e0 annoncer son intention de reconna\u00eetre un \u00c9tat palestinien, ce qui a d\u00e9clench\u00e9 les foudres de Washington \u00e0 l\u2019\u00e9gard de son voisin.<\/p>\n","protected":false},"excerpt":{"rendered":"Le pari diplomatique d\u2019Emmanuel Macron est-il en train de payer ? Plusieurs \u00c9tats ont embo\u00eet\u00e9 cette semaine le&hellip;\n","protected":false},"author":2,"featured_media":290432,"comment_status":"","ping_status":"","sticky":false,"template":"","format":"standard","meta":{"footnotes":""},"categories":[2],"tags":[11,1011,27,14,664,12,25],"class_list":{"0":"post-290431","1":"post","2":"type-post","3":"status-publish","4":"format-standard","5":"has-post-thumbnail","7":"category-actualites","8":"tag-actualites","9":"tag-fr","10":"tag-france","11":"tag-international","12":"tag-israel","13":"tag-news","14":"tag-republique-francaise"},"share_on_mastodon":{"url":"https:\/\/pubeurope.com\/@fr\/114956969229900537","error":""},"_links":{"self":[{"href":"https:\/\/www.europesays.com\/fr\/wp-json\/wp\/v2\/posts\/290431","targetHints":{"allow":["GET"]}}],"collection":[{"href":"https:\/\/www.europesays.com\/fr\/wp-json\/wp\/v2\/posts"}],"about":[{"href":"https:\/\/www.europesays.com\/fr\/wp-json\/wp\/v2\/types\/post"}],"author":[{"embeddable":true,"href":"https:\/\/www.europesays.com\/fr\/wp-json\/wp\/v2\/users\/2"}],"replies":[{"embeddable":true,"href":"https:\/\/www.europesays.com\/fr\/wp-json\/wp\/v2\/comments?post=290431"}],"version-history":[{"count":0,"href":"https:\/\/www.europesays.com\/fr\/wp-json\/wp\/v2\/posts\/290431\/revisions"}],"wp:featuredmedia":[{"embeddable":true,"href":"https:\/\/www.europesays.com\/fr\/wp-json\/wp\/v2\/media\/290432"}],"wp:attachment":[{"href":"https:\/\/www.europesays.com\/fr\/wp-json\/wp\/v2\/media?parent=290431"}],"wp:term":[{"taxonomy":"category","embeddable":true,"href":"https:\/\/www.europesays.com\/fr\/wp-json\/wp\/v2\/categories?post=290431"},{"taxonomy":"post_tag","embeddable":true,"href":"https:\/\/www.europesays.com\/fr\/wp-json\/wp\/v2\/tags?post=290431"}],"curies":[{"name":"wp","href":"https:\/\/api.w.org\/{rel}","templated":true}]}}