{"id":290435,"date":"2025-08-02T03:09:11","date_gmt":"2025-08-02T03:09:11","guid":{"rendered":"https:\/\/www.europesays.com\/fr\/290435\/"},"modified":"2025-08-02T03:09:11","modified_gmt":"2025-08-02T03:09:11","slug":"tour-de-france-femmes-combien-gagne-la-vainqueure","status":"publish","type":"post","link":"https:\/\/www.europesays.com\/fr\/290435\/","title":{"rendered":"Tour de France femmes\u00a0: combien gagne la vainqueure\u00a0?"},"content":{"rendered":"<p class=\"paragraph text_align_left lp-f-body-02\">Le dimanche 3 ao\u00fbt marquera la derni\u00e8re \u00e9tape de ce <a href=\"https:\/\/www.leparisien.fr\/sports\/cyclisme\/tour-de-france-feminin\/\" target=\"_self\" rel=\"noopener\">Tour de France f\u00e9minin<\/a> avec une arriv\u00e9e pr\u00e9vue \u00e0 Ch\u00e2tel. \u00c0 l\u2019issue de cette semaine de comp\u00e9tition, la cycliste couronn\u00e9e remportera une enveloppe de 50 000 \u20ac. Sa dauphine, quant \u00e0 elle, empochera moiti\u00e9 moins, soit 25 000 \u20ac tandis que la cycliste qui compl\u00e8te le podium repartira avec 10 000 \u20ac.<\/p>\n<p class=\"paragraph text_align_left lp-f-body-02\">Des sommes auxquels s\u2019additionnent les primes de victoire d\u2019\u00e9tapes, de passage de cols ou de port du maillot distinctif. Par exemple, chaque cycliste remportant un maillot distinctif recevra 3 000 \u20ac. \u00c0 noter que ces primes sont \u00e0 partager entre les coureuses et leurs \u00e9quipes. En 2024, <a href=\"https:\/\/www.leparisien.fr\/sports\/cyclisme\/tour-de-france-feminin\/tour-de-france-femmes-niewiadoma-remporte-le-general-pour-4-secondes-vollering-se-console-avec-letape-18-08-2024-QFT7IKALRZEITAVPZEUFMWFTWU.php\" target=\"_self\" rel=\"noopener\">la vainqueure Katarzyna Niewiadoma<\/a> avait empoch\u00e9 un total de 56 480 \u20ac.<\/p>\n<p class=\"paragraph text_align_left lp-f-body-02\">\u00c0 titre de comparaison, les hommes remportent dix fois plus. <a href=\"https:\/\/www.leparisien.fr\/sports\/cyclisme\/tadej-pogacar\/\" target=\"_self\" rel=\"noopener\">Tadej Pogacar<\/a> a en effet notamment empoch\u00e9 500 000 \u20ac pour sa premi\u00e8re place au classement g\u00e9n\u00e9ral auquel s\u2019ajoutent <a href=\"https:\/\/www.leparisien.fr\/sports\/cyclisme\/tour-de-france\/tour-de-france-le-classement-des-primes-gagnees-par-les-coureurs-avec-plus-de-628-000-pour-tadej-pogacar-28-07-2025-NPM5VYXF4FBWLCQU6VEVZRVKUI.php\" target=\"_blank\" rel=\"noreferrer noopener\">ses nombreuses primes<\/a>.<\/p>\n","protected":false},"excerpt":{"rendered":"Le dimanche 3 ao\u00fbt marquera la derni\u00e8re \u00e9tape de ce Tour de France f\u00e9minin avec une arriv\u00e9e pr\u00e9vue&hellip;\n","protected":false},"author":2,"featured_media":290436,"comment_status":"","ping_status":"","sticky":false,"template":"","format":"standard","meta":{"footnotes":""},"categories":[4],"tags":[11,207,1011,27,12,25,60,26588],"class_list":{"0":"post-290435","1":"post","2":"type-post","3":"status-publish","4":"format-standard","5":"has-post-thumbnail","7":"category-france","8":"tag-actualites","9":"tag-cyclisme","10":"tag-fr","11":"tag-france","12":"tag-news","13":"tag-republique-francaise","14":"tag-sports","15":"tag-tour-de-france-feminin"},"share_on_mastodon":{"url":"https:\/\/pubeurope.com\/@fr\/114956977432564406","error":""},"_links":{"self":[{"href":"https:\/\/www.europesays.com\/fr\/wp-json\/wp\/v2\/posts\/290435","targetHints":{"allow":["GET"]}}],"collection":[{"href":"https:\/\/www.europesays.com\/fr\/wp-json\/wp\/v2\/posts"}],"about":[{"href":"https:\/\/www.europesays.com\/fr\/wp-json\/wp\/v2\/types\/post"}],"author":[{"embeddable":true,"href":"https:\/\/www.europesays.com\/fr\/wp-json\/wp\/v2\/users\/2"}],"replies":[{"embeddable":true,"href":"https:\/\/www.europesays.com\/fr\/wp-json\/wp\/v2\/comments?post=290435"}],"version-history":[{"count":0,"href":"https:\/\/www.europesays.com\/fr\/wp-json\/wp\/v2\/posts\/290435\/revisions"}],"wp:featuredmedia":[{"embeddable":true,"href":"https:\/\/www.europesays.com\/fr\/wp-json\/wp\/v2\/media\/290436"}],"wp:attachment":[{"href":"https:\/\/www.europesays.com\/fr\/wp-json\/wp\/v2\/media?parent=290435"}],"wp:term":[{"taxonomy":"category","embeddable":true,"href":"https:\/\/www.europesays.com\/fr\/wp-json\/wp\/v2\/categories?post=290435"},{"taxonomy":"post_tag","embeddable":true,"href":"https:\/\/www.europesays.com\/fr\/wp-json\/wp\/v2\/tags?post=290435"}],"curies":[{"name":"wp","href":"https:\/\/api.w.org\/{rel}","templated":true}]}}