{"id":290437,"date":"2025-08-02T03:10:27","date_gmt":"2025-08-02T03:10:27","guid":{"rendered":"https:\/\/www.europesays.com\/fr\/290437\/"},"modified":"2025-08-02T03:10:27","modified_gmt":"2025-08-02T03:10:27","slug":"la-japonaise-miyu-yamashita-sur-son-petit-nuage-roussin-bouchard-delacour-et-boutier-passent-le-cut","status":"publish","type":"post","link":"https:\/\/www.europesays.com\/fr\/290437\/","title":{"rendered":"La Japonaise Miyu Yamashita sur son petit nuage. Roussin-Bouchard, Delacour et Boutier passent le cut !"},"content":{"rendered":"<p>\t\t\t\t\t\t<img width=\"770\" height=\"557\" src=\"https:\/\/www.europesays.com\/fr\/wp-content\/uploads\/2025\/08\/miyu-770x557.jpg\" class=\"img-responsive wp-post-image\" alt=\"\" decoding=\"async\" fetchpriority=\"high\"  \/>\t\t\t\t\t<\/p>\n<p>\t\t\t\t\t\t Partager cet article <\/p>\n<p class=\"screen-reader-text juiz_sps_maybe_hidden_text\">Partager la publication \u00ab\u00a0La Japonaise Miyu Yamashita sur son petit nuage. Roussin-Bouchard, Delacour et Boutier passent le cut !\u00a0\u00bb<\/p>\n<p><strong>D\u2019une facilit\u00e9 d\u00e9concertante, auteure d\u2019un sublime 65 (-7) sans erreur, Miyu Yamashita (photo) prend trois coups d\u2019avance sur sa compatriote, Rio Takeda, et\u2026 sept sur un quatuor de poursuivantes, dont la Suissesse Chiara Tamburlini. D\u00e9cha\u00een\u00e9e avec son 69 (-3), Pauline Roussin-Bouchard avance de 76 places au leaderboard. 35e \u00e0 +1, elle devance d\u2019une longueur Perrine Delacour et C\u00e9line Boutier. \u00a0<\/strong><\/p>\n<p>\t\t\t\t\t<a id=\"174987\" href=\"https:\/\/www.sudfrancegolf.com\/fr\/\" target=\"_blank\" rel=\"sponsorised nofollow noopener\"><img decoding=\"async\" src=\"data:image\/svg+xml,%3Csvg%20xmlns=\" http:=\"\" class=\"img-responsive\" alt=\"\" data-lazy-src=\"https:\/\/www.europesays.com\/fr\/wp-content\/uploads\/2025\/06\/giesudfrancegolf-e02-egolf-pass-2025-v2-1170x275-1.gif\"\/><\/a><\/p>\n<p><strong>L.V.<\/strong><\/p>\n<p><strong>Miyu Yamashita<\/strong> a tir\u00e9 profit de conditions de jeu bien plus favorables en matin\u00e9e au <strong>Royal Porthcawl<\/strong>. Partie \u00e0 8h14 (7h14 locale), la Japonaise de 23 ans a r\u00e9alis\u00e9 la tr\u00e8s bonne affaire de ce 2e tour de l\u2019<strong>AIG Women\u2019s Open<\/strong> en signant un sublime 65 (-7) sans conc\u00e9der le moindre bogey.<\/p>\n<p><a href=\"https:\/\/www.aigwomensopen.com\/leaderboard\" target=\"_blank\" rel=\"noopener nofollow\">Retrouvez le classement complet<\/a><\/p>\n<p>A -11 (133), elle tr\u00f4ne tout en haut du leaderboard avec trois coups d\u2019avance sur sa partenaire de jeu mais aussi compatriote, <strong>Rio Takeda<\/strong>. Co-leader la veille \u00e0 -5 (67), celle-ci s\u2019est content\u00e9e d\u2019une carte de 68 (-3).<\/p>\n<p>Treize fois victorieuse sur le <strong>JLPGA<\/strong>, le Circuit pro japonais, Yamashita est rookie cette saison sur le <strong>LPGA Tour<\/strong>. Si elle est toujours \u00e0 la recherche de son premier succ\u00e8s, l\u2019actuelle n\u00b015 mondiale a d\u00e9j\u00e0 une petite exp\u00e9rience au <strong>British Open<\/strong>\u00a0: 13e \u00e0 <strong>Muirfield<\/strong> en 2022, 21e \u00e0 <strong>Walton Heath<\/strong> l\u2019ann\u00e9e suivante. Ceci explique donc peut-\u00eatre cela.<\/p>\n<p>\t\t\t\t\t<a id=\"178032\" href=\"https:\/\/www.golfy.fr\/landing\/golf-planete-decouvrez-les-golfs-collections-du-reseau-golfy?utm_source=golf_planete&amp;utm_medium=display&amp;utm_campaign=golfs_collection_2025\" target=\"_blank\" rel=\"sponsorised nofollow noopener\"><img decoding=\"async\" src=\"data:image\/svg+xml,%3Csvg%20xmlns=\" http:=\"\" class=\"img-responsive\" alt=\"\" data-lazy-src=\"https:\/\/www.europesays.com\/fr\/wp-content\/uploads\/2025\/06\/golfy-e06-golfs-collection-france-ete-1170x275-1.jpg\"\/><\/a><\/p>\n<blockquote class=\"twitter-tweet\">\n<p dir=\"ltr\" lang=\"en\">Can anyone catch Miyu Yamashita? \ud83d\udc40<\/p>\n<p>Three shots ahead at Royal Porthcawl but there\u2019s still plenty of golf left to play. \u26f3<\/p>\n<p>The chase is on. <a href=\"https:\/\/t.co\/soVdXJ8Y2W\" rel=\"nofollow\">pic.twitter.com\/soVdXJ8Y2W<\/a><\/p>\n<p>\u2014 AIG Women\u2019s Open (@AIGWomensOpen) <a href=\"https:\/\/twitter.com\/AIGWomensOpen\/status\/1951336897751687691?ref_src=twsrc%5Etfw\" rel=\"nofollow noopener\" target=\"_blank\">August 1, 2025<\/a><\/p>\n<\/blockquote>\n<p>\t\t\t\t\t<a id=\"181043\" href=\"https:\/\/www.garmin.com\/fr-FR\/c\/sports-fitness\/golf-gps-devices-smartwatches\/\" target=\"_blank\" rel=\"sponsorised nofollow noopener\"><img decoding=\"async\" src=\"data:image\/svg+xml,%3Csvg%20xmlns=\" http:=\"\" class=\"img-responsive\" alt=\"\" data-lazy-src=\"https:\/\/www.europesays.com\/fr\/wp-content\/uploads\/2025\/06\/garmin-e01-serie-approach-1170x275-1.jpeg\"\/><\/a><\/p>\n<p>\u00ab\u00a0Dans l\u2019ensemble, la journ\u00e9e s\u2019est bien pass\u00e9e, et mes mises en jeu ont \u00e9t\u00e9 tr\u00e8s r\u00e9guli\u00e8res, ce qui m\u2019a permis de frapper depuis le fairway, analyse celle qui a r\u00e9cemment pris la 6e place du <strong>KPMG Women\u2019s PGA Championship<\/strong> avant de finir 14e \u00e0 l\u2019<strong>Amundi Evian Championship<\/strong>. J\u2019ai jou\u00e9 un golf tr\u00e8s r\u00e9gulier aujourd\u2019hui. Il y avait moins de vent qu\u2019hier, mais quand celui-ci a commenc\u00e9 \u00e0 se lever, vers le 14e trou, j\u2019ai senti que \u00e7a serait un peu plus difficile.\u00a0\u00bb<\/p>\n<p>Un triple bogey pour Lottie Woad au 16<\/p>\n<p>A mi-parcours, les deux golfeuses nippones ont creus\u00e9 un petit \u00e9cart avec la concurrence. La Suissesse <strong>Chiara Tamburlini<\/strong>, la Tha\u00eflandaise <strong>Pajaree Anannarukarn<\/strong>, l\u2019Am\u00e9ricaine <strong>Lindy Duncan<\/strong>, battue en play-off en avril au <strong>Chevron Championship<\/strong>, et l\u2019Allemande <strong>Laura Fuenfstueck<\/strong> sont ainsi troisi\u00e8mes \u00e0 -4. Soit respectivement sept et quatre longueurs d\u2019avance.<\/p>\n<p>L\u2019Anglaise <strong>Lottie Woad<\/strong>, malgr\u00e9 un triple bogey conc\u00e9d\u00e9 sur le par 4 du 16, est dixi\u00e8me \u00e0 -2 avec <strong>Nelly Korda<\/strong> mais aussi avec la Japonaise \u2013 encore une ! \u2013 <strong>Nasa Hataoka<\/strong>, auteure d\u2019un tour compl\u00e8tement fou boucl\u00e9 en 68 (-4) apr\u00e8s un jeudi tr\u00e8s difficile (74). Elle effectue ici un bond de g\u00e9ant au classement, soit 81 places !<\/p>\n<p>\t\t\t\t\t<a id=\"180462\" href=\"https:\/\/www.makilas-golftour.com\/sejour\/makilas-agadir-2023-2-2\/\" target=\"_blank\" rel=\"sponsorised nofollow noopener\"><img decoding=\"async\" src=\"data:image\/svg+xml,%3Csvg%20xmlns=\" http:=\"\" class=\"img-responsive\" alt=\"\" data-lazy-src=\"https:\/\/www.europesays.com\/fr\/wp-content\/uploads\/2025\/07\/challengeorganisation-e01-rencontres-agadir-1170x275-1.jpeg\"\/><\/a><br \/>\nYani Tseng, huit ans plus tard\u2026<\/p>\n<p>Plus fort encore, l\u2019exploit de <strong>Yani Tseng<\/strong>, deux fois victorieuse dans un <strong>British<\/strong> (2010 et 2011), qui passe pour la premi\u00e8re fois depuis\u2026 huit ans un cut dans un Majeur gr\u00e2ce \u00e0 son 73 (+1) du jour. La Ta\u00efwanaise, six succ\u00e8s en Grand Chelem s\u2019il vous plait entre 2008 et 2011, occupe la 35e place \u00e0 +1.<\/p>\n<p>C\u2019est justement la position de <strong>Pauline Roussin-Bouchard<\/strong> qui, \u00e0 l\u2019image de Hataoka, s\u2019envole au leaderboard : +76 places. Apr\u00e8s avoir lanc\u00e9 son British avec une difficile carte de 76 (+4) et un seul birdie en dix-huit trous, la native de Mont\u00e9limar a superbement r\u00e9agi en claquant ce vendredi au pays de Galles un excellent 69 (-3) malgr\u00e9 deux ultimes bogeys conc\u00e9d\u00e9s sur les trous 17 et 18. Apr\u00e8s deux \u00e9checs d\u2019affil\u00e9e \u00e0 Evian puis au <strong>Scottish Open<\/strong>, l\u2019ex n\u00b01 mondiale amateur s\u2019offre ici un superbe rebond dans la lign\u00e9e de sa 10e place finale au KPMG Women\u2019s PGA Championship le 22 juin dernier.<\/p>\n<p>\t\t\t\t\t<a id=\"179394\" href=\"https:\/\/eu.ping.com\/fr-fr\/clubs\/irons\/i240\" target=\"_blank\" rel=\"sponsorised nofollow noopener\"><img decoding=\"async\" src=\"data:image\/svg+xml,%3Csvg%20xmlns=\" http:=\"\" class=\"img-responsive\" alt=\"\" data-lazy-src=\"https:\/\/www.europesays.com\/fr\/wp-content\/uploads\/2025\/07\/ping-e06-fers-i240-1170x275-1.jpg\"\/><\/a><br \/>\nNadaud et quelques cadors sur le carreau<\/p>\n<p>N\u2019ayant pu poster que deux cartes de 73 (+1) et 74 (+2), <strong>Perrine Delacour<\/strong> et <strong>C\u00e9line Boutier<\/strong> poursuivent elles aussi l\u2019aventure en terre galloise. Les deux Fran\u00e7aises ach\u00e8vent ces deux premiers tours dans le cut, c\u2019est-\u00e0-dire \u00e0 +2. Et c\u2019est bien cela l\u2019essentiel. Il y aura par cons\u00e9quent trois Tricolores ce week-end, comme cela avait \u00e9t\u00e9 d\u00e9j\u00e0 le cas \u00e0 Evian il y a trois semaines.<\/p>\n<p>Seule <strong>Nastasia Nadaud<\/strong> reste \u00e0 quai avec son +5 total (73 ce vendredi). C\u2019est le tout premier cut manqu\u00e9 pour la Savoyarde depuis le\u2026 21 mars au <strong>Ford Women\u2019s NSW Open<\/strong> sur le <strong>Ladies European Tour<\/strong>\u00a0!\u00a0<\/p>\n<p>Exit aussi plusieurs grands noms du golf mondial comme <strong>Albane Valenzuela<\/strong>, <strong>Brooke Henderson<\/strong>, <strong>Allisen Corpuz<\/strong>, <strong>Rose Zhang<\/strong>, <strong>Gaby Lopez<\/strong>, <strong>Jennifer Kupcho<\/strong>, <strong>Ruoning Yin<\/strong>, <strong>Lilia Vu<\/strong>, <strong>Maja Stark<\/strong>, <strong>Hannah Green<\/strong>, <strong>Carlota Ciganda<\/strong> et <strong>Yuka Saso<\/strong>. Quant \u00e0 <strong>Eri Okayama<\/strong>, <a href=\"https:\/\/www.golfplanete.com\/actualites\/razzia-nippone-au-royal-porthcawl-celine-boutier-du-bon-cote-du-cut-virtuel\/\" target=\"_blank\" rel=\"noopener nofollow\">co-leader jeudi soir \u00e0 -5<\/a>, elle a v\u00e9cu l\u2019enfer sur le par 72 gallois avec un terrible 81 (+9). Elle termine \u00e0 +4 total\u00a0!<\/p>\n<p>\u00a0<\/p>\n<p>\u00a0<\/p>\n<p>Le leaderboard<\/p>\n<p><img loading=\"lazy\" decoding=\"async\" class=\"alignnone wp-image-181263 size-large\" src=\"data:image\/svg+xml,%3Csvg%20xmlns=\" http:=\"\" alt=\"\" width=\"770\" height=\"488\" data-lazy- data-lazy- data-lazy-src=\"https:\/\/www.europesays.com\/fr\/wp-content\/uploads\/2025\/08\/captureaig1-770x488.jpg\"\/><\/p>\n<p><img loading=\"lazy\" decoding=\"async\" class=\"alignnone wp-image-181264 size-large\" src=\"data:image\/svg+xml,%3Csvg%20xmlns=\" http:=\"\" alt=\"\" width=\"770\" height=\"489\" data-lazy- data-lazy- data-lazy-src=\"https:\/\/www.europesays.com\/fr\/wp-content\/uploads\/2025\/08\/captureaig2-770x489.jpg\"\/><\/p>\n<p>\t\t\t\t\t<a id=\"179399\" href=\"https:\/\/www.terre-blanche.com\/landing\/summer-deals?mtm_campaign=summer_deals_golf_planet_juil_2025&amp;mtm_medium=display&amp;mtm_source=golf_planet&amp;mtm_content=_CTA_&amp;mtm_group=trafic\" target=\"_blank\" rel=\"sponsorised nofollow noopener\"><img decoding=\"async\" src=\"data:image\/svg+xml,%3Csvg%20xmlns=\" http:=\"\" class=\"img-responsive\" alt=\"\" data-lazy-src=\"https:\/\/www.europesays.com\/fr\/wp-content\/uploads\/2025\/07\/terreblanche-e01-summer-deals-1170x275-1.gif\"\/><\/a><br \/>\nLe leaderboard des Fran\u00e7aises<\/p>\n<p><img loading=\"lazy\" decoding=\"async\" class=\"alignnone wp-image-181265 size-large\" src=\"data:image\/svg+xml,%3Csvg%20xmlns=\" http:=\"\" alt=\"\" width=\"770\" height=\"45\" data-lazy- data-lazy- data-lazy-src=\"https:\/\/www.europesays.com\/fr\/wp-content\/uploads\/2025\/08\/captureprb-770x45.jpg\"\/><\/p>\n<p><img loading=\"lazy\" decoding=\"async\" class=\"alignnone wp-image-181266 size-large\" src=\"data:image\/svg+xml,%3Csvg%20xmlns=\" http:=\"\" alt=\"\" width=\"770\" height=\"46\" data-lazy- data-lazy- data-lazy-src=\"https:\/\/www.europesays.com\/fr\/wp-content\/uploads\/2025\/08\/capturedelacour-770x46.jpg\"\/><\/p>\n<p><img loading=\"lazy\" decoding=\"async\" class=\"alignnone wp-image-181267 size-large\" src=\"data:image\/svg+xml,%3Csvg%20xmlns=\" http:=\"\" alt=\"\" width=\"770\" height=\"47\" data-lazy- data-lazy- data-lazy-src=\"https:\/\/www.europesays.com\/fr\/wp-content\/uploads\/2025\/08\/captureboutier-770x47.jpg\"\/><\/p>\n<p><img loading=\"lazy\" decoding=\"async\" class=\"alignnone wp-image-181268 size-large\" src=\"data:image\/svg+xml,%3Csvg%20xmlns=\" http:=\"\" alt=\"\" width=\"770\" height=\"45\" data-lazy- data-lazy- data-lazy-src=\"https:\/\/www.europesays.com\/fr\/wp-content\/uploads\/2025\/08\/capturenadaud-770x45.jpg\"\/><\/p>\n<p>\t\t\t\t\t<a id=\"178017\" href=\"https:\/\/www.formigolf.fr\/voyage-pays~jardin-de-tecina-4etoiles-la-gomera~75~canaries\" target=\"_blank\" rel=\"sponsorised nofollow noopener\"><img decoding=\"async\" src=\"data:image\/svg+xml,%3Csvg%20xmlns=\" http:=\"\" class=\"img-responsive\" alt=\"\" data-lazy-src=\"https:\/\/www.europesays.com\/fr\/wp-content\/uploads\/2025\/07\/formigolf-e07-canaries-gomera-1170x275-1.gif\"\/><\/a><\/p>\n<p>Photo\u00a0: Oisin Keniry\/R&amp;A\/R&amp;A via Getty Images<\/p>\n<p>\t\t\t<script async src=\"https:\/\/platform.twitter.com\/widgets.js\" charset=\"utf-8\"><\/script><\/p>\n","protected":false},"excerpt":{"rendered":"Partager cet article Partager la publication \u00ab\u00a0La Japonaise Miyu Yamashita sur son petit nuage. Roussin-Bouchard, Delacour et Boutier&hellip;\n","protected":false},"author":2,"featured_media":290438,"comment_status":"","ping_status":"","sticky":false,"template":"","format":"standard","meta":{"footnotes":""},"categories":[1418],"tags":[1011,27,1472,60],"class_list":{"0":"post-290437","1":"post","2":"type-post","3":"status-publish","4":"format-standard","5":"has-post-thumbnail","7":"category-golf","8":"tag-fr","9":"tag-france","10":"tag-golf","11":"tag-sports"},"share_on_mastodon":{"url":"https:\/\/pubeurope.com\/@fr\/114956980878287550","error":""},"_links":{"self":[{"href":"https:\/\/www.europesays.com\/fr\/wp-json\/wp\/v2\/posts\/290437","targetHints":{"allow":["GET"]}}],"collection":[{"href":"https:\/\/www.europesays.com\/fr\/wp-json\/wp\/v2\/posts"}],"about":[{"href":"https:\/\/www.europesays.com\/fr\/wp-json\/wp\/v2\/types\/post"}],"author":[{"embeddable":true,"href":"https:\/\/www.europesays.com\/fr\/wp-json\/wp\/v2\/users\/2"}],"replies":[{"embeddable":true,"href":"https:\/\/www.europesays.com\/fr\/wp-json\/wp\/v2\/comments?post=290437"}],"version-history":[{"count":0,"href":"https:\/\/www.europesays.com\/fr\/wp-json\/wp\/v2\/posts\/290437\/revisions"}],"wp:featuredmedia":[{"embeddable":true,"href":"https:\/\/www.europesays.com\/fr\/wp-json\/wp\/v2\/media\/290438"}],"wp:attachment":[{"href":"https:\/\/www.europesays.com\/fr\/wp-json\/wp\/v2\/media?parent=290437"}],"wp:term":[{"taxonomy":"category","embeddable":true,"href":"https:\/\/www.europesays.com\/fr\/wp-json\/wp\/v2\/categories?post=290437"},{"taxonomy":"post_tag","embeddable":true,"href":"https:\/\/www.europesays.com\/fr\/wp-json\/wp\/v2\/tags?post=290437"}],"curies":[{"name":"wp","href":"https:\/\/api.w.org\/{rel}","templated":true}]}}