{"id":290439,"date":"2025-08-02T03:12:10","date_gmt":"2025-08-02T03:12:10","guid":{"rendered":"https:\/\/www.europesays.com\/fr\/290439\/"},"modified":"2025-08-02T03:12:10","modified_gmt":"2025-08-02T03:12:10","slug":"la-revolution-reclamee-par-lubb","status":"publish","type":"post","link":"https:\/\/www.europesays.com\/fr\/290439\/","title":{"rendered":"La r\u00e9volution r\u00e9clam\u00e9e par l\u2019UBB !"},"content":{"rendered":"<p>                    Thibault Morlain<br \/>\n                        &#8211;<\/p>\n<p>Journaliste<\/p>\n<p>Apr\u00e8s s\u2019\u00eatre essay\u00e9 \u00e0 diff\u00e9rents sports, Thibault se tourne vers une carri\u00e8re de footballeur amateur. Au moment de faire un choix entre devenir footballeur professionnel et journaliste, les qualit\u00e9s ont fait pencher la balance d\u2019un c\u00f4t\u00e9. Le voil\u00e0 d\u00e9sormais au sein de la r\u00e9daction du 10 Sport, apr\u00e8s un dipl\u00f4me obtenu \u00e0 l\u2019Institut International de Communication de Paris.<\/p>\n<p class=\"heading\">Cette saison, on aura droit \u00e0 un promu en Top 14 : Montauban. Mais qu\u2019il est difficile de rejoindre l\u2019\u00e9lite du rugby fran\u00e7ais et Grenoble peut d\u2019ailleurs en t\u00e9moigner apr\u00e8s avoir pourtant dominer la deuxi\u00e8me division la saison derni\u00e8re. Un syst\u00e8me de promotion qui provoque ainsi un vif d\u00e9bat. D\u2019ailleurs, du c\u00f4t\u00e9 de l\u2019UBB, Laurent Marti r\u00e9clamerait une r\u00e9volution.\n<\/p>\n<p>Aujourd\u2019hui, rejoindre le <strong>Top 14<\/strong> en provenance de la <strong>Pro D2<\/strong> est un v\u00e9ritable parcours du combattant. Auparavant, le premier de deuxi\u00e8me division \u00e9tait automatiquement promu tandis que la deuxi\u00e8me place pour l\u2019\u00e9lite se jouait avec les \u00e9quipes entre 2 et 5 dans un format de demi-finale puis finale d\u2019accession. Depuis, \u00e7a a quelque peu chang\u00e9. En effet, d\u00e9sormais, le 1er et 2\u00e8me de <strong>Pro D2<\/strong> affrontent les vainqueurs des barrages entre le 3\u00e8me et 6\u00e8me et entre le 4\u00e8me et 5\u00e8me. Une finale a ensuite lieu, le vainqueur est promu tandis que le perdant a une derni\u00e8re chance en affrontant l\u2019\u00e9quipe qui a fini 13\u00e8me de <strong>Top 14<\/strong>.  <\/p>\n<p>                                            \u00ab\u00a0Personnellement et je l\u2019ai dit en r\u00e9union, je reviendrais \u00e0 l\u2019ancienne formule\u00a0\u00bb<\/p>\n<p>Pour beaucoup, ce syst\u00e8me n\u2019est pas juste. C\u2019est ainsi que <strong>Laurent Marti<\/strong> aimerait du changement. Pour TV7, le pr\u00e9sident de <a href=\"https:\/\/le10sport.com\/rugby\/top14\/il-reclame-son-transfert-a-lubb-la-visite-surprise-752582\" rel=\"nofollow noopener\" target=\"_blank\">l\u2019UBB<\/a> a fait savoir : \u00ab\u00a0La nouvelle formule ne me pla\u00eet pas. Le premier de Pro D2 devrait monter automatiquement. Il y a des arguments des deux c\u00f4t\u00e9s, mais je suis pour l\u2019ascenseur social. J\u2019aime bien que tout le monde ait sa chance. Quand on fait monter une \u00e9quipe au dernier moment, clairement, je ne vois pas bien comment elle peut recruter. Personnellement et je l\u2019ai dit en r\u00e9union, je reviendrais \u00e0 l\u2019ancienne formule et je ferais monter le premier de Pro D2, en gardant une phase finale pour que le vainqueur puisse jouer un barrage contre le treizi\u00e8me du Top 14\u00a0\u00bb. <\/p>\n<p>                                            \u00ab\u00a0On va d\u2019abord saluer la mont\u00e9e de Montauban\u00a0\u00bb<\/p>\n<p><strong>Montauban<\/strong> aura donc r\u00e9ussi \u00e0 valider son ticket pour le Top 14. Le promu a d\u2019ailleurs re\u00e7u un message de <strong>Laurent Marti<\/strong>. \u00ab\u00a0On va d\u2019abord saluer la mont\u00e9e de Montauban, les traiter avec beaucoup de respect, mais c\u2019est vrai que \u00e7a sera certainement difficile pour eux. Mais c\u2019est une terre de rugby, Sapiac, ce n\u2019est pas toujours facile d\u2019y aller. Ils vont s\u2019accrocher, c\u2019est certain\u00a0\u00bb, a confi\u00e9 le pr\u00e9sident de l\u2019<strong>UBB<\/strong>. <\/p>\n","protected":false},"excerpt":{"rendered":"Thibault Morlain &#8211; Journaliste Apr\u00e8s s\u2019\u00eatre essay\u00e9 \u00e0 diff\u00e9rents sports, Thibault se tourne vers une carri\u00e8re de footballeur&hellip;\n","protected":false},"author":2,"featured_media":290440,"comment_status":"","ping_status":"","sticky":false,"template":"","format":"standard","meta":{"footnotes":""},"categories":[1416],"tags":[1011,27,479,1468,60],"class_list":{"0":"post-290439","1":"post","2":"type-post","3":"status-publish","4":"format-standard","5":"has-post-thumbnail","7":"category-rugby","8":"tag-fr","9":"tag-france","10":"tag-rugby","11":"tag-rugby-football","12":"tag-sports"},"share_on_mastodon":{"url":"https:\/\/pubeurope.com\/@fr\/114956988803593177","error":""},"_links":{"self":[{"href":"https:\/\/www.europesays.com\/fr\/wp-json\/wp\/v2\/posts\/290439","targetHints":{"allow":["GET"]}}],"collection":[{"href":"https:\/\/www.europesays.com\/fr\/wp-json\/wp\/v2\/posts"}],"about":[{"href":"https:\/\/www.europesays.com\/fr\/wp-json\/wp\/v2\/types\/post"}],"author":[{"embeddable":true,"href":"https:\/\/www.europesays.com\/fr\/wp-json\/wp\/v2\/users\/2"}],"replies":[{"embeddable":true,"href":"https:\/\/www.europesays.com\/fr\/wp-json\/wp\/v2\/comments?post=290439"}],"version-history":[{"count":0,"href":"https:\/\/www.europesays.com\/fr\/wp-json\/wp\/v2\/posts\/290439\/revisions"}],"wp:featuredmedia":[{"embeddable":true,"href":"https:\/\/www.europesays.com\/fr\/wp-json\/wp\/v2\/media\/290440"}],"wp:attachment":[{"href":"https:\/\/www.europesays.com\/fr\/wp-json\/wp\/v2\/media?parent=290439"}],"wp:term":[{"taxonomy":"category","embeddable":true,"href":"https:\/\/www.europesays.com\/fr\/wp-json\/wp\/v2\/categories?post=290439"},{"taxonomy":"post_tag","embeddable":true,"href":"https:\/\/www.europesays.com\/fr\/wp-json\/wp\/v2\/tags?post=290439"}],"curies":[{"name":"wp","href":"https:\/\/api.w.org\/{rel}","templated":true}]}}