{"id":290442,"date":"2025-08-02T03:15:20","date_gmt":"2025-08-02T03:15:20","guid":{"rendered":"https:\/\/www.europesays.com\/fr\/290442\/"},"modified":"2025-08-02T03:15:20","modified_gmt":"2025-08-02T03:15:20","slug":"dominique-aegerter-et-yamaha-en-superbike-ce-sera-de-lhistoire-ancienne-a-lissue-de-cette-saison-avenir-ouvert-pour-le-bernois-de-34-ans-rts-ch","status":"publish","type":"post","link":"https:\/\/www.europesays.com\/fr\/290442\/","title":{"rendered":"Dominique Aegerter et Yamaha en Superbike, ce sera de l&rsquo;histoire ancienne \u00e0 l&rsquo;issue de cette saison. Avenir ouvert pour le Bernois de 34 ans &#8211; rts.ch"},"content":{"rendered":"<p>C&rsquo;est sans le tenant du titre Jorge Martin, bless\u00e9, que le MotoGP d\u00e9bute une saison marathon ce week-end en Tha\u00eflande o\u00f9 Marc Marquez, en qu\u00eate d&rsquo;une septi\u00e8me \u00e9toile dans l&rsquo;\u00e9lite, captera tous les regards pour sa premi\u00e8re avec l&rsquo;\u00e9quipe officielle Ducati. A eux deux, ils cumulent huit titres de champion en MotoGP\u202f: qui de l&rsquo;Espagnol Marquez, 3e du g\u00e9n\u00e9ral en 2024, ou du vice-champion sortant italien Francesco Bagnaia, sacr\u00e9 en 2022 et 2023, prendra le dessus dans le box Ducati? Si les 2 pilotes se sont souvent battus aux avant-postes l&rsquo;an dernier, ils joueront d\u00e9sormais \u00e0 armes \u00e9gales sur les 22 circuits que visitera le paddock &#8211; un record.<\/p>\n","protected":false},"excerpt":{"rendered":"C&rsquo;est sans le tenant du titre Jorge Martin, bless\u00e9, que le MotoGP d\u00e9bute une saison marathon ce week-end&hellip;\n","protected":false},"author":2,"featured_media":290443,"comment_status":"","ping_status":"","sticky":false,"template":"","format":"standard","meta":{"footnotes":""},"categories":[1413],"tags":[1011,27,1457,1456,60],"class_list":{"0":"post-290442","1":"post","2":"type-post","3":"status-publish","4":"format-standard","5":"has-post-thumbnail","7":"category-moto","8":"tag-fr","9":"tag-france","10":"tag-moto","11":"tag-motocycle","12":"tag-sports"},"share_on_mastodon":{"url":"https:\/\/pubeurope.com\/@fr\/114957000608776456","error":""},"_links":{"self":[{"href":"https:\/\/www.europesays.com\/fr\/wp-json\/wp\/v2\/posts\/290442","targetHints":{"allow":["GET"]}}],"collection":[{"href":"https:\/\/www.europesays.com\/fr\/wp-json\/wp\/v2\/posts"}],"about":[{"href":"https:\/\/www.europesays.com\/fr\/wp-json\/wp\/v2\/types\/post"}],"author":[{"embeddable":true,"href":"https:\/\/www.europesays.com\/fr\/wp-json\/wp\/v2\/users\/2"}],"replies":[{"embeddable":true,"href":"https:\/\/www.europesays.com\/fr\/wp-json\/wp\/v2\/comments?post=290442"}],"version-history":[{"count":0,"href":"https:\/\/www.europesays.com\/fr\/wp-json\/wp\/v2\/posts\/290442\/revisions"}],"wp:featuredmedia":[{"embeddable":true,"href":"https:\/\/www.europesays.com\/fr\/wp-json\/wp\/v2\/media\/290443"}],"wp:attachment":[{"href":"https:\/\/www.europesays.com\/fr\/wp-json\/wp\/v2\/media?parent=290442"}],"wp:term":[{"taxonomy":"category","embeddable":true,"href":"https:\/\/www.europesays.com\/fr\/wp-json\/wp\/v2\/categories?post=290442"},{"taxonomy":"post_tag","embeddable":true,"href":"https:\/\/www.europesays.com\/fr\/wp-json\/wp\/v2\/tags?post=290442"}],"curies":[{"name":"wp","href":"https:\/\/api.w.org\/{rel}","templated":true}]}}