{"id":290444,"date":"2025-08-02T03:16:17","date_gmt":"2025-08-02T03:16:17","guid":{"rendered":"https:\/\/www.europesays.com\/fr\/290444\/"},"modified":"2025-08-02T03:16:17","modified_gmt":"2025-08-02T03:16:17","slug":"cest-tres-encourageant-pour-stroll","status":"publish","type":"post","link":"https:\/\/www.europesays.com\/fr\/290444\/","title":{"rendered":"C&rsquo;est tr\u00e8s encourageant pour Stroll"},"content":{"rendered":"<p><strong>Le Qu\u00e9b\u00e9cois Lance Stroll peut se f\u00e9liciter \u00e0 la veille des qualifications du Grand Prix de Formule 1 de Hongrie, car il a connu une journ\u00e9e productive sur le circuit de Budapest lors des deux premi\u00e8res s\u00e9ances d\u2019essais libres, vendredi.<\/strong><\/p>\n<p class=\"toreadalso-fromEMP\"><strong>\u2022 \u00c0 lire aussi: <\/strong><a href=\"http:\/\/www.tvasports.ca\/2025\/07\/31\/frederic-vasseur-prolonge-a-la-tete-de-lecurie-ferrari\" target=\"_self\" rel=\"nofollow noopener\"><strong>Fr\u00e9d\u00e9ric Vasseur prolonge \u00e0 la t\u00eate de l\u2019\u00e9curie Ferrari<\/strong><\/a><\/p>\n<p class=\"toreadalso-fromEMP\"><strong>\u2022 \u00c0 lire aussi: <\/strong><a href=\"http:\/\/www.tvasports.ca\/2025\/07\/31\/max-verstappen-restera-chez-red-bull-en-2026\" target=\"_self\" rel=\"nofollow noopener\"><strong>Max Verstappen restera chez Red Bull en 2026<\/strong><\/a><\/p>\n<p>Le pilote d\u2019Aston Martin a remis le 10e meilleur temps en matin\u00e9e, avant de conserver le quatri\u00e8me chrono le plus rapide au cours de la deuxi\u00e8me s\u00e9ance du jour. \u00c0 cette occasion, son tour de piste fut 0,495 s plus lent que celui de Lando Norris. Le porte-couleurs de McLaren a roul\u00e9 en 1:15,624, soit tout juste mieux que son co\u00e9quipier Oscar Piastri (+0,291) et Charles Leclerc (+0,399) sur Ferrari.<\/p>\n<p>Tr\u00e8s loin derri\u00e8re, le quadruple champion du monde en titre Max Verstappen n\u2019est que 14e sur la feuille des temps. Le N\u00e9erlandais a sembl\u00e9 en difficult\u00e9 au volant de sa Red Bull.<\/p>\n<p>Samedi, les pilotes pourront parfaire les r\u00e9glages de leurs monoplaces lors de la troisi\u00e8me et derni\u00e8re s\u00e9ance d\u2019essais libres, avant de disputer les qualifications.<\/p>\n<p>Si le soleil et la chaleur sont attendus samedi, la pluie pourrait constituer un facteur important dimanche pour le dernier GP avant la pause estivale.<\/p>\n<p>En collaboration avec nos partenaires<\/p>\n","protected":false},"excerpt":{"rendered":"Le Qu\u00e9b\u00e9cois Lance Stroll peut se f\u00e9liciter \u00e0 la veille des qualifications du Grand Prix de Formule 1&hellip;\n","protected":false},"author":2,"featured_media":290445,"comment_status":"","ping_status":"","sticky":false,"template":"","format":"standard","meta":{"footnotes":""},"categories":[1412],"tags":[1451,1452,1453,1454,1455,1011,27,60],"class_list":{"0":"post-290444","1":"post","2":"type-post","3":"status-publish","4":"format-standard","5":"has-post-thumbnail","7":"category-f1","8":"tag-f1","9":"tag-formula-1","10":"tag-formula1","11":"tag-formule-1","12":"tag-formule1","13":"tag-fr","14":"tag-france","15":"tag-sports"},"share_on_mastodon":{"url":"https:\/\/pubeurope.com\/@fr\/114957004485313482","error":""},"_links":{"self":[{"href":"https:\/\/www.europesays.com\/fr\/wp-json\/wp\/v2\/posts\/290444","targetHints":{"allow":["GET"]}}],"collection":[{"href":"https:\/\/www.europesays.com\/fr\/wp-json\/wp\/v2\/posts"}],"about":[{"href":"https:\/\/www.europesays.com\/fr\/wp-json\/wp\/v2\/types\/post"}],"author":[{"embeddable":true,"href":"https:\/\/www.europesays.com\/fr\/wp-json\/wp\/v2\/users\/2"}],"replies":[{"embeddable":true,"href":"https:\/\/www.europesays.com\/fr\/wp-json\/wp\/v2\/comments?post=290444"}],"version-history":[{"count":0,"href":"https:\/\/www.europesays.com\/fr\/wp-json\/wp\/v2\/posts\/290444\/revisions"}],"wp:featuredmedia":[{"embeddable":true,"href":"https:\/\/www.europesays.com\/fr\/wp-json\/wp\/v2\/media\/290445"}],"wp:attachment":[{"href":"https:\/\/www.europesays.com\/fr\/wp-json\/wp\/v2\/media?parent=290444"}],"wp:term":[{"taxonomy":"category","embeddable":true,"href":"https:\/\/www.europesays.com\/fr\/wp-json\/wp\/v2\/categories?post=290444"},{"taxonomy":"post_tag","embeddable":true,"href":"https:\/\/www.europesays.com\/fr\/wp-json\/wp\/v2\/tags?post=290444"}],"curies":[{"name":"wp","href":"https:\/\/api.w.org\/{rel}","templated":true}]}}