{"id":290454,"date":"2025-08-02T03:21:19","date_gmt":"2025-08-02T03:21:19","guid":{"rendered":"https:\/\/www.europesays.com\/fr\/290454\/"},"modified":"2025-08-02T03:21:19","modified_gmt":"2025-08-02T03:21:19","slug":"voici-le-thriller-a-absolument-decouvrir-cet-ete-et-il-est-n1-des-ventes-sur-amazon","status":"publish","type":"post","link":"https:\/\/www.europesays.com\/fr\/290454\/","title":{"rendered":"Voici le thriller a absolument d\u00e9couvrir cet \u00e9t\u00e9, et il est n\u00b01 des ventes sur Amazon"},"content":{"rendered":"<p>C\u2019est l\u2019\u00e9t\u00e9, la saison id\u00e9ale pour savourer de d\u00e9licieux cocktails et consacrer une bonne partie de son temps \u00e0 la lecture. Si les romances sont tr\u00e8s appr\u00e9ci\u00e9es \u00e0 cette p\u00e9riode de l\u2019ann\u00e9e, il faut dire que les thrillers ont tout autant de succ\u00e8s.<\/p>\n<p>Le couple d\u2019\u00e0 c\u00f4t\u00e9 de Shari Lapena : un thriller des plus captivants<\/p>\n<p>Une enqu\u00eate, du suspense et une intrigue myst\u00e9rieuse, <strong>Le couple d\u2019\u00e0 c\u00f4t\u00e9<\/strong> de <strong>Shari Lapena<\/strong> \u00e0 tous les ingr\u00e9dients d\u2019un <strong>thriller<\/strong> haletant. Un soir, alors que Anne et Marco sont invit\u00e9s \u00e0 d\u00eener chez leurs voisins d\u2019\u00e0 c\u00f4t\u00e9 et que la babysitter annule au dernier, le couple d\u00e9cide de laisser la petite Cora, 6 mois, seule dans son berceau, le temps du repas. Par pr\u00e9caution, les parents avaient pr\u00e9vu un babyphone. Pourtant, lorsque Anna et Marco sont revenus, Cora a disparu et le berceau est vide. Apr\u00e8s cette d\u00e9couverte gla\u00e7ante, l\u2019enqu\u00eate se d\u00e9roule avec de nombreux rebondissements\u2026<\/p>\n<p>Paru en septembre 2018 aux <strong>\u00e9ditions Pocket<\/strong>, Le couple d\u2019\u00e0 c\u00f4t\u00e9, de Shari Lapena, est un des romans les plus vendus sur Amazon, et ce, \u00e0 seulement 8,10 euros. En effet, l\u2019ouvrage est actuellement n\u00b01 des ventes dans la cat\u00e9gorie \u201cAnthologies\u201d. Alors, \u00eates-vous pr\u00eat \u00e0 plonger dans cette histoire sombre ?<\/p>\n<p>Lire aussi<\/p>\n<p>\t\t\t<a class=\"ContextualLinks-link\" href=\"https:\/\/www.cosmopolitan.fr\/ces-livres-audio-selectionnes-par-spotify-sont-a-absolument-decouvrir-cet-ete-et-spoiler-vous-n-allez-plus-pouvoir-les-lacher,2134056.asp\" rel=\"nofollow noopener\" target=\"_blank\">Ces livres audio s\u00e9lectionn\u00e9s par Spotify sont \u00e0 absolument d\u00e9couvrir cet \u00e9t\u00e9, et spoiler vous n\u2019allez plus pouvoir les l\u00e2cher<\/a>\t<\/p>\n<p>Quels autres romans lire de Shari Lapena ?<\/p>\n<p>Pour ceux qui souhaitent d\u00e9couvrir d\u2019autres histoires de la reine du <a href=\"https:\/\/www.cosmopolitan.fr\/ces-thrillers-psychologiques-aussi-captivants-que-la-femme-de-menage-sont-les-meilleurs-livres-a-emmener-cet-ete,2133046.asp\" title=\"Ces thrillers psychologiques, aussi captivants que La Femme de M\u00e9nage, sont les meilleurs livres \u00e0 emmener cet \u00e9t\u00e9\" class=\"internal\" rel=\"nofollow noopener\" target=\"_blank\">thriller psychologique<\/a>, le choix est grand. Si vous souhaitez d\u00e9couvrir un autre thriller domestique noir, on ne peut que vous parler du roman <strong>Une voisine encombrante<\/strong>. Une fois de plus, la plume de l\u2019autrice canadienne est captivante. Paru aux \u00e9ditions Pocket en mai 2022, il raconte l\u2019histoire d\u2019une petite famille, semblant vivre dans un cadre idyllique. Pourtant, un jour, Olivia d\u00e9couvre que son fils entre par effraction chez leurs voisins et fouillent leurs ordinateurs. Quand la femme de ce fameux voisin disparait, le doute plane.<\/p>\n<p>Autrement, le dernier thriller de Shari Lapena vaut \u00e9galement le d\u00e9tour. <strong>Repas de famille<\/strong>, paru en f\u00e9vrier 2025 aux \u00e9ditions Pocket, il raconte l\u2019histoire d\u2019une famille dans laquelle les tensions sont nombreuses. Entre embrouilles et d\u00e9saccords, les d\u00eeners o\u00f9 tout le monde est r\u00e9uni, ce n\u2019est pas un jeu d\u2019enfant. Pourtant, les parents de la famille sont retrouv\u00e9s assassin\u00e9s. Mais alors lequel des enfants a pu commettre cet acte ?<\/p>\n<p>Lire aussi<\/p>\n<ul class=\"ContextualLinks-items\">&#13;<\/p>\n<li class=\"ContextualLinks-item\">&#13;<br \/>\n\t\t\t\t\t\t<a class=\"ContextualLinks-link\" href=\"https:\/\/www.cosmopolitan.fr\/meilleurs-livres-pour-se-remettre-a-la-lecture,2129386.asp\" rel=\"nofollow noopener\" target=\"_blank\">5 livres parfaits pour se remettre facilement \u00e0 la lecture<\/a>&#13;\n\t\t\t\t\t<\/li>\n<li class=\"ContextualLinks-item\">&#13;<br \/>\n\t\t\t\t\t\t<a class=\"ContextualLinks-link\" href=\"https:\/\/www.cosmopolitan.fr\/ces-livres-qui-font-du-bien,2003416.asp\" rel=\"nofollow noopener\" target=\"_blank\">Les 13 meilleurs livres qui font du bien au moral qu&rsquo;on vous conseille fortement<\/a>&#13;\n\t\t\t\t\t<\/li>\n<\/ul>\n","protected":false},"excerpt":{"rendered":"C\u2019est l\u2019\u00e9t\u00e9, la saison id\u00e9ale pour savourer de d\u00e9licieux cocktails et consacrer une bonne partie de son temps&hellip;\n","protected":false},"author":2,"featured_media":290455,"comment_status":"","ping_status":"","sticky":false,"template":"","format":"standard","meta":{"footnotes":""},"categories":[1357],"tags":[1379,58,59,1011,27,1380],"class_list":{"0":"post-290454","1":"post","2":"type-post","3":"status-publish","4":"format-standard","5":"has-post-thumbnail","7":"category-livres","8":"tag-books","9":"tag-divertissement","10":"tag-entertainment","11":"tag-fr","12":"tag-france","13":"tag-livres"},"share_on_mastodon":{"url":"https:\/\/pubeurope.com\/@fr\/114957024240547265","error":""},"_links":{"self":[{"href":"https:\/\/www.europesays.com\/fr\/wp-json\/wp\/v2\/posts\/290454","targetHints":{"allow":["GET"]}}],"collection":[{"href":"https:\/\/www.europesays.com\/fr\/wp-json\/wp\/v2\/posts"}],"about":[{"href":"https:\/\/www.europesays.com\/fr\/wp-json\/wp\/v2\/types\/post"}],"author":[{"embeddable":true,"href":"https:\/\/www.europesays.com\/fr\/wp-json\/wp\/v2\/users\/2"}],"replies":[{"embeddable":true,"href":"https:\/\/www.europesays.com\/fr\/wp-json\/wp\/v2\/comments?post=290454"}],"version-history":[{"count":0,"href":"https:\/\/www.europesays.com\/fr\/wp-json\/wp\/v2\/posts\/290454\/revisions"}],"wp:featuredmedia":[{"embeddable":true,"href":"https:\/\/www.europesays.com\/fr\/wp-json\/wp\/v2\/media\/290455"}],"wp:attachment":[{"href":"https:\/\/www.europesays.com\/fr\/wp-json\/wp\/v2\/media?parent=290454"}],"wp:term":[{"taxonomy":"category","embeddable":true,"href":"https:\/\/www.europesays.com\/fr\/wp-json\/wp\/v2\/categories?post=290454"},{"taxonomy":"post_tag","embeddable":true,"href":"https:\/\/www.europesays.com\/fr\/wp-json\/wp\/v2\/tags?post=290454"}],"curies":[{"name":"wp","href":"https:\/\/api.w.org\/{rel}","templated":true}]}}