{"id":290456,"date":"2025-08-02T03:22:25","date_gmt":"2025-08-02T03:22:25","guid":{"rendered":"https:\/\/www.europesays.com\/fr\/290456\/"},"modified":"2025-08-02T03:22:25","modified_gmt":"2025-08-02T03:22:25","slug":"karine-le-marchand-devoile-son-projet-inattendu-avec-christophe-licata-loin-du-monde-de-la-tele","status":"publish","type":"post","link":"https:\/\/www.europesays.com\/fr\/290456\/","title":{"rendered":"Karine Le Marchand d\u00e9voile son projet inattendu avec Christophe Licata, loin du monde de la t\u00e9l\u00e9"},"content":{"rendered":"<p>Karine Le Marchand croule sous les projets ! En plus de ses \u00e9missions sur M6, elle a r\u00e9nov\u00e9 un domaine dans le sud de la France o\u00f9 elle accueille des stages d\u00e9volus au bien-\u00eatre. Ce vendredi 1er ao\u00fbt sur Instagram, l&rsquo;animatrice de L&rsquo;amour est dans le pr\u00e9 a r\u00e9v\u00e9l\u00e9 envisager une collaboration inattendue avec Christophe Licata, bien connu des fid\u00e8les de Danse avec les stars.<\/p>\n<p>En plus de ses nombreuses \u00e9missions sur M6, Karine Le Marchand m\u00e8ne plusieurs projets de front. Elle s&rsquo;est ainsi engag\u00e9e au c\u00f4t\u00e9 des agriculteurs, afin de leur permettre de vendre leurs produits \u00e0 prix juste dans la grande distribution. Ce dispositif baptis\u00e9 L&rsquo;amour est tout pr\u00e8s conna\u00eet un certain succ\u00e8s. <a href=\"https:\/\/www.programme-tv.net\/news\/tv\/384467-je-fais-ca-benevolement-karine-le-marchand-lance-un-appel-aux-agriculteurs-pour-les-aider-a-surmonter-leurs-difficultes\/\" data-api-deeplink=\"teleloisirs:\/\/news\/384467\" target=\"_blank\" rel=\"noopener\">L&rsquo;animatrice a lanc\u00e9 un nouvel appel au volontariat aupr\u00e8s des petits producteurs<\/a>. \u00ab\u00a0Notre initiative L&rsquo;amour est tout pr\u00e8s continue \u00e9videmment plus que jamais. On a d\u00e9j\u00e0 des dizaines d&rsquo;agriculteurs qui ont b\u00e9n\u00e9fici\u00e9 de ce dispositif\u00a0\u00bb, a-t-elle assur\u00e9, rappelant qu&rsquo;elle avait lanc\u00e9 cette op\u00e9ration seule et b\u00e9n\u00e9volement. Mais Karine Le Marchand s&rsquo;est aussi lanc\u00e9e dans la r\u00e9novation d&rsquo;un domaine dans le sud de la France, dans lequel elle accueille dor\u00e9navant des stages et des \u00e9v\u00e9nements li\u00e9s au bien-\u00eatre.<\/p>\n<p>                        Karine Le Marchand explique de quelle mani\u00e8re elle voudrait collaborer avec Christophe Licata<\/p>\n<p>C&rsquo;est dans ce cadre que Karine Le Marchand envisage d\u00e9sormais de collaborer avec un autre visage bien connu du petit \u00e9cran, Christophe Licata. Elle l&rsquo;a d\u00e9crit comme \u00ab\u00a0un amour de gar\u00e7on qui habite aussi \u00e0 Aix-En-Provence\u00a0\u00bb. C&rsquo;est son professeur de sport qui a pr\u00e9sent\u00e9 le danseur \u00e0 l&rsquo;animatrice. De cette rencontre est n\u00e9e une amorce de projet pour l&rsquo;animatrice de L&rsquo;amour est dans le pr\u00e9. \u00ab\u00a0Je ne regardais pas, j&rsquo;avoue, Danse avec les stars, donc je ne le connaissais pas. C&rsquo;\u00e9tait une belle rencontre. Et on est en train de r\u00e9fl\u00e9chir \u00e0 proposer des stages. (&#8230;) J&rsquo;ai envie au-del\u00e0 de proposer du d\u00e9veloppement personnel, du yoga (&#8230;), de proposer aussi de la danse. Parce que je pense qu&rsquo;il y a aussi beaucoup de personnes qui ont envie d&rsquo;\u00eatre dans la joie et dans la danse\u00a0\u00bb, a-t-elle expos\u00e9. Elle songe ainsi \u00e0 cr\u00e9er la chor\u00e9graphie des Belles \u00e2mes. Mais elle ne compte pas s&rsquo;arr\u00eater l\u00e0. \u00ab\u00a0Christophe va r\u00e9fl\u00e9chir. Je dois voir aussi d&rsquo;autres danseurs qui habitent plut\u00f4t \u00e0 Paris pour r\u00e9fl\u00e9chir \u00e0 \u00e7a. On pourrait m\u00eame imaginer carr\u00e9ment des \u00e9v\u00e9nements avec beaucoup plus de 30 filles. Peut-\u00eatre aussi \u00e0 Paris ou dans les grandes villes\u00a0\u00bb, a-t-elle poursuivi.<\/p>\n<p>            Karine Le Marchand fait une mise au point sur sa sant\u00e9<\/p>\n<p><a href=\"https:\/\/www.programme-tv.net\/news\/people\/383402-karine-le-marchand-rassure-sur-son-etat-de-sante-apres-des-confidences-qui-avaient-inquiete-ses-fans-tout-va-bien\/\" data-api-deeplink=\"teleloisirs:\/\/news\/383402\" target=\"_blank\" rel=\"noopener\">Karine Le Marchand avait rassur\u00e9 ceux qui s&rsquo;\u00e9taient inqui\u00e9t\u00e9s de sa sant\u00e9. <\/a>\u00ab\u00a0J&rsquo;ai un an et demi de traitement, j&rsquo;ai plein d&rsquo;aliments que je dois supprimer (&#8230;) \u00e7a ne va pas du tout\u00a0\u00bb, avait-elle lanc\u00e9. Avant d&rsquo;apporter des pr\u00e9cisions. \u00ab\u00a0J&rsquo;ai dit que j&rsquo;avais \u00e9t\u00e9 voir un m\u00e9decin, que j&rsquo;avais fait un check-up et que pendant un an et demi, j&rsquo;allais tout remettre \u00e0 niveau parce que le vieillissement des cellules, certes, il est in\u00e9luctable, mais on peut un peu ralentir le temps\u00a0\u00bb, avait-elle indiqu\u00e9.<\/p>\n","protected":false},"excerpt":{"rendered":"Karine Le Marchand croule sous les projets ! En plus de ses \u00e9missions sur M6, elle a r\u00e9nov\u00e9&hellip;\n","protected":false},"author":2,"featured_media":290457,"comment_status":"","ping_status":"","sticky":false,"template":"","format":"standard","meta":{"footnotes":""},"categories":[1356],"tags":[14655,244,58,59,1011,27,5413,7988,494,252,1364],"class_list":{"0":"post-290456","1":"post","2":"type-post","3":"status-publish","4":"format-standard","5":"has-post-thumbnail","7":"category-television","8":"tag-christophe-licata","9":"tag-commentaire","10":"tag-divertissement","11":"tag-entertainment","12":"tag-fr","13":"tag-france","14":"tag-karine-le-marchand","15":"tag-lamour-est-dans-le-pru00e9","16":"tag-m6","17":"tag-television","18":"tag-tv"},"share_on_mastodon":{"url":"https:\/\/pubeurope.com\/@fr\/114957028257171762","error":""},"_links":{"self":[{"href":"https:\/\/www.europesays.com\/fr\/wp-json\/wp\/v2\/posts\/290456","targetHints":{"allow":["GET"]}}],"collection":[{"href":"https:\/\/www.europesays.com\/fr\/wp-json\/wp\/v2\/posts"}],"about":[{"href":"https:\/\/www.europesays.com\/fr\/wp-json\/wp\/v2\/types\/post"}],"author":[{"embeddable":true,"href":"https:\/\/www.europesays.com\/fr\/wp-json\/wp\/v2\/users\/2"}],"replies":[{"embeddable":true,"href":"https:\/\/www.europesays.com\/fr\/wp-json\/wp\/v2\/comments?post=290456"}],"version-history":[{"count":0,"href":"https:\/\/www.europesays.com\/fr\/wp-json\/wp\/v2\/posts\/290456\/revisions"}],"wp:featuredmedia":[{"embeddable":true,"href":"https:\/\/www.europesays.com\/fr\/wp-json\/wp\/v2\/media\/290457"}],"wp:attachment":[{"href":"https:\/\/www.europesays.com\/fr\/wp-json\/wp\/v2\/media?parent=290456"}],"wp:term":[{"taxonomy":"category","embeddable":true,"href":"https:\/\/www.europesays.com\/fr\/wp-json\/wp\/v2\/categories?post=290456"},{"taxonomy":"post_tag","embeddable":true,"href":"https:\/\/www.europesays.com\/fr\/wp-json\/wp\/v2\/tags?post=290456"}],"curies":[{"name":"wp","href":"https:\/\/api.w.org\/{rel}","templated":true}]}}