{"id":290458,"date":"2025-08-02T03:23:14","date_gmt":"2025-08-02T03:23:14","guid":{"rendered":"https:\/\/www.europesays.com\/fr\/290458\/"},"modified":"2025-08-02T03:23:14","modified_gmt":"2025-08-02T03:23:14","slug":"sa-magnifique-chanson-pour-la-paix-va-vous-faire-pleurer","status":"publish","type":"post","link":"https:\/\/www.europesays.com\/fr\/290458\/","title":{"rendered":"sa magnifique chanson pour la paix va vous faire pleurer"},"content":{"rendered":"<p><img decoding=\"async\" src=\"https:\/\/www.europesays.com\/fr\/wp-content\/uploads\/2025\/08\/photo_1754036209.jpg\" class=\"textcenter img-content\" loading=\"lazy\"\/>Bestimage<br \/>\n<br \/>\nBarbara Pravi a d\u00e9cid\u00e9 de prendre un peu de recul. En pleine tourn\u00e9e pour d\u00e9fendre son dernier <a href=\"https:\/\/www.chartsinfrance.net\/actualite\/news-129906.html\" target=\"_blank\" class=\"spip_out\" rel=\"nofollow noopener\">album \u00ab\u00a0La Pieva\u00a0\u00bb<\/a>, en hommage \u00e0 ses anc\u00eatres, la chanteuse a annonc\u00e9 <a href=\"https:\/\/www.chartsinfrance.net\/Barbara-Pravi\/news-132575.html\" target=\"_blank\" class=\"spip_out\" rel=\"nofollow noopener\">son retrait des r\u00e9seaux sociaux<\/a>. \u00ab Comment faire ce m\u00e9tier sans que \u00e7a bouleverse l&rsquo;int\u00e9rieur, sans que \u00e7a n&rsquo;envahisse au point de d\u00e9go\u00fbter ou faire peur \u00bb \u00e9crivait l&rsquo;interpr\u00e8te de <a href=\"https:\/\/www.chartsinfrance.net\/actualite\/news-127456.html\" target=\"_blank\" class=\"spip_out\" rel=\"nofollow noopener\">\u00ab\u00a0Bravo\u00a0\u00bb<\/a>, prise entre deux feux : \u00ab Je me sens tiraill\u00e9e entre l&rsquo;envie br\u00fblante d&rsquo;\u00eatre sur sc\u00e8ne pr\u00e8s de vous et celle de me taire et me replier pour cr\u00e9er \u00bb. Une fa\u00e7on de se pr\u00e9server et de mieux savourer ses retrouvailles avec le public alors qu&rsquo;elle montera pour la toute premi\u00e8re fois sur la sc\u00e8ne du Z\u00e9nith de Paris le 26 mars 2026 !<\/p>\n<p>Le player Dailymotion est en train de se charger&#8230;<\/p>\n<p>\u00ab\u00a0Personne ne bouge, personne fait rien\u00a0\u00bb<br \/>\nEn live, Barbara Pravi d\u00e9fendra sans aucun doute son nouveau single \u00ab\u00a0Des \u00e9clats dans les nuages\u00a0\u00bb, en \u00e9cho aux troubles qui secouent le monde actuellement. \u00ab Les bombes tombent comme la pluie \/ Sur des villes qu&rsquo;on oublie \/ Personne crie, personne ne rit \/ Le monde tourne et puis tant pis \u00bb se d\u00e9sole d&rsquo;abord la chanteuse, lasse que les erreurs d&rsquo;hier se r\u00e9p\u00e8tent : \u00ab Les bombes chantent un air ancien \/ Une m\u00e9lodie qu&rsquo;on conna\u00eet bien \/ Personne ne bouge, personne fait rien \/ Le monde r\u00e9p\u00e8te son refrain \u00bb.<\/p>\n<p>Et de lancer sur son refrain : \u00ab Y&rsquo;a des \u00e9clats dans les nuages \/ Un peu de feu, un peu d&rsquo;orage \/ Normal, banal \/ Y&rsquo;a des \u00e9clats dans les nuages \/ Ferme les yeux, tourne la page \/ Normal, banal \u00bb. Une magnifique chanson, prouvant une nouvelle fois la po\u00e9sie et la sensibilit\u00e9 de Barbara Pravi, d\u00e9j\u00e0 applaudie par de nombreux internautes sur les r\u00e9seaux sociaux dont Zaz.<\/p>\n","protected":false},"excerpt":{"rendered":"Bestimage Barbara Pravi a d\u00e9cid\u00e9 de prendre un peu de recul. En pleine tourn\u00e9e pour d\u00e9fendre son dernier&hellip;\n","protected":false},"author":2,"featured_media":290459,"comment_status":"","ping_status":"","sticky":false,"template":"","format":"standard","meta":{"footnotes":""},"categories":[1355],"tags":[58,59,1011,27,1361,873],"class_list":{"0":"post-290458","1":"post","2":"type-post","3":"status-publish","4":"format-standard","5":"has-post-thumbnail","7":"category-musique","8":"tag-divertissement","9":"tag-entertainment","10":"tag-fr","11":"tag-france","12":"tag-music","13":"tag-musique"},"share_on_mastodon":{"url":"https:\/\/pubeurope.com\/@fr\/114957032235561418","error":""},"_links":{"self":[{"href":"https:\/\/www.europesays.com\/fr\/wp-json\/wp\/v2\/posts\/290458","targetHints":{"allow":["GET"]}}],"collection":[{"href":"https:\/\/www.europesays.com\/fr\/wp-json\/wp\/v2\/posts"}],"about":[{"href":"https:\/\/www.europesays.com\/fr\/wp-json\/wp\/v2\/types\/post"}],"author":[{"embeddable":true,"href":"https:\/\/www.europesays.com\/fr\/wp-json\/wp\/v2\/users\/2"}],"replies":[{"embeddable":true,"href":"https:\/\/www.europesays.com\/fr\/wp-json\/wp\/v2\/comments?post=290458"}],"version-history":[{"count":0,"href":"https:\/\/www.europesays.com\/fr\/wp-json\/wp\/v2\/posts\/290458\/revisions"}],"wp:featuredmedia":[{"embeddable":true,"href":"https:\/\/www.europesays.com\/fr\/wp-json\/wp\/v2\/media\/290459"}],"wp:attachment":[{"href":"https:\/\/www.europesays.com\/fr\/wp-json\/wp\/v2\/media?parent=290458"}],"wp:term":[{"taxonomy":"category","embeddable":true,"href":"https:\/\/www.europesays.com\/fr\/wp-json\/wp\/v2\/categories?post=290458"},{"taxonomy":"post_tag","embeddable":true,"href":"https:\/\/www.europesays.com\/fr\/wp-json\/wp\/v2\/tags?post=290458"}],"curies":[{"name":"wp","href":"https:\/\/api.w.org\/{rel}","templated":true}]}}