{"id":290462,"date":"2025-08-02T03:25:09","date_gmt":"2025-08-02T03:25:09","guid":{"rendered":"https:\/\/www.europesays.com\/fr\/290462\/"},"modified":"2025-08-02T03:25:09","modified_gmt":"2025-08-02T03:25:09","slug":"se-coucher-tard-pourrait-potentiellement-nuire-a-votre-cerveau-surtout-si-vous-etes-instruit","status":"publish","type":"post","link":"https:\/\/www.europesays.com\/fr\/290462\/","title":{"rendered":"Se coucher tard pourrait potentiellement nuire \u00e0 votre cerveau (surtout si vous \u00eates instruit)"},"content":{"rendered":"<p>Une \u00e9tude men\u00e9e par la facult\u00e9 de m\u00e9decine de l&rsquo;universit\u00e9 de Groningue (Pays-Bas) a analys\u00e9 les habitudes de sommeil et suivi le niveau de sant\u00e9 de 24.000 personnes pendant dix ans. Et si vous faites partie des gens qui se couchent tard, ces r\u00e9sultats pourront vous para\u00eetre pr\u00e9occupants. Selon l&rsquo;\u00e9tude, publi\u00e9e <a href=\"https:\/\/www.sciencedirect.com\/science\/article\/pii\/S227458072500113X\" target=\"_blank\" rel=\"nofollow noopener\">dans la revue The Journal of Prevention of Alzheimer&rsquo;s Disease<\/a>, les personnes qui se couchent tard pr\u00e9sentent en moyenne un d\u00e9clin cognitif plus rapide que celles qui se l\u00e8vent t\u00f4t.<\/p>\n<p>Un \u00e9l\u00e9ment vient cependant nuancer ces r\u00e9sultats: moins une personne qui se couche tard a fait d&rsquo;\u00e9tudes, moins elle semble subir ce m\u00eame niveau de d\u00e9clin cognitif, <a href=\"https:\/\/www.fastcompany.com\/91376673\/a-massive-new-study-of-24000-people-says-this-is-what-happens-to-people-who-stay-up-too-late-every-night\" target=\"_blank\" rel=\"nofollow noopener\">rapporte le m\u00e9dia en ligne Fast Company.<strong> <\/strong><\/a><strong\/><\/p>\n<p>        <img decoding=\"async\" alt=\"Abonnez-vous gratuitement \u00e0 la newsletter de Slate !\" loading=\"lazy\" class=\"ms-4 ms-md-0\" width=\"82\" height=\"82\" src=\"https:\/\/www.slate.fr\/assets\/newsletter-dd7c4ea7fb4ce45aacc56875521d4bde7ec4ba23f0a0ae088566df808b3a80c3.svg\"\/><br \/>\n        Abonnez-vous gratuitement \u00e0 la newsletter de Slate !Les articles sont s\u00e9lectionn\u00e9s pour vous, en fonction de vos centres d\u2019int\u00e9r\u00eat, tous les jours dans votre bo\u00eete mail.<\/p>\n<p>Ana Wenzler, sp\u00e9cialiste en \u00e9pid\u00e9miologie \u00e0 l&rsquo;universit\u00e9 de Groningue (Pays-bas), avance plusieurs hypoth\u00e8ses quant \u00e0 ces r\u00e9sultats. Dans un premier temps, les personnes qui ont l&rsquo;habitude de se coucher tard ont tendance \u00e0 moins faire d&rsquo;activit\u00e9 physique que les l\u00e8ve-t\u00f4t. La deuxi\u00e8me explication est que les personnes qui se couchent t\u00f4t \u00e9vitent les moments o\u00f9 nos attitudes n\u00e9fastes ressurgissent, comme fumer une cigarette avant de dormir ou manger un petit quelque chose.<\/p>\n<p>Enfin, le lien entre un niveau d&rsquo;instruction plus \u00e9lev\u00e9 et un d\u00e9clin cognitif plus marqu\u00e9 r\u00e9side dans le fait que, statistiquement, les couche-tard plus instruits ont tendance \u00e0 suivre des horaires de jour, bien que leur horloge biologique ne s&rsquo;y pr\u00eate pas forc\u00e9ment.<\/p>\n<p>Des environnements professionnels \u00e0 faire \u00e9voluer<\/p>\n<p>Comme la sp\u00e9cialiste l&rsquo;explique dans un communiqu\u00e9, ce probl\u00e8me est certainement li\u00e9 \u00e0 leur rythme de <a href=\"https:\/\/www.slate.fr\/dossier\/5507\/sommeil\" class=\"tag-link\" rel=\"nofollow noopener\" target=\"_blank\">sommeil<\/a>. Ces personnes ayant tendance \u00e0 commencer le travail t\u00f4t le matin peuvent avoir tendance \u00e0 ne pas dormir assez, ce qui ne laisse pas au <a href=\"https:\/\/www.slate.fr\/sciences\/pandemie-covid-19-acceleration-vieillissement-cerveau-humain-etude-scientifique\" target=\"_blank\" rel=\"nofollow noopener\">cerveau<\/a> le temps de se reposer assez.<\/p>\n<p>\u00abNous pensons que les personnes peu ou moyennement dipl\u00f4m\u00e9es occupent plus souvent des emplois avec des horaires atypiques, comme dans la restauration ou les m\u00e9tiers de nuit, ce qui leur permet de mieux respecter leur rythme naturel\u00bb, ajoute-t-elle. Lorsque ce temps de r\u00e9cup\u00e9ration n&rsquo;est pas possible et que le cerveau s&rsquo;\u00e9puise, c&rsquo;est \u00e0 ce moment-l\u00e0 que les mauvaises habitudes s&rsquo;installent.<\/p>\n<p>Ana Wenzler conclut son propos en \u00e9voquant le fait que les entreprises doivent tenir compte de ce facteur envers leurs salari\u00e9s qui se couchent tard, mais qui ont l&rsquo;imp\u00e9ratif de commencer t\u00f4t. En leur offrant par exemple des horaires adapt\u00e9s ainsi que la possibilit\u00e9 de commencer plus tard. C&rsquo;est l\u00e0 qu&rsquo;une note optimiste prend forme, car m\u00eame si l&rsquo;\u00e9tude a \u00e9t\u00e9 men\u00e9e sur dix ans, les normes en mati\u00e8re de conditions de <a href=\"https:\/\/www.slate.fr\/sante\/volume-horaire-sommeil-sedentarite-limiter-stress-travail-conditions-temps-semaine-rythme-bureau-conseils\" target=\"_blank\" rel=\"nofollow noopener\">travail<\/a> ont bien progress\u00e9.<\/p>\n<p>Les r\u00e9sultats de cette \u00e9tude interrogent sur l&rsquo;adaptation des environnements professionnels aux diff\u00e9rents profils biologiques. Aujourd&rsquo;hui, certaines professions offrent davantage de <a href=\"https:\/\/www.slate.fr\/dossier\/4345\/flexibilite\" class=\"tag-link\" rel=\"nofollow noopener\" target=\"_blank\">flexibilit\u00e9<\/a> en termes d&rsquo;horaires avec le t\u00e9l\u00e9travail, la freelance ou la possibilit\u00e9 de recourir \u00e0 des horaires am\u00e9nag\u00e9s. Laisser cette possibilit\u00e9 aux couche-tard aiderait ainsi \u00e0 pr\u00e9server leur sant\u00e9 cognitive et \u00e0 respecter leur chronotype (soit leur rythme biologique propre).<\/p>\n<p>Ce contexte pourrait n\u00e9anmoins offrir un avantage strat\u00e9gique aux entreprises qui souhaitent adopter une approche plus flexible. En laissant la possibilit\u00e9 aux salari\u00e9s de s&rsquo;adapter \u00e0 leur rythme biologique, il serait possible d&rsquo;am\u00e9liorer leur bien-\u00eatre g\u00e9n\u00e9ral, tout en favorisant le maintien de leurs facult\u00e9s cognitives sur le long terme. Quoi qu&rsquo;il en soit, les bons talents existent dans tous les types de chronotypes, qu&rsquo;ils soient couche-tard ou l\u00e8ve-t\u00f4t. Adapter l&rsquo;environnement de <a href=\"https:\/\/www.slate.fr\/dossier\/1081\/travail\" class=\"tag-link\" rel=\"nofollow noopener\" target=\"_blank\">travail<\/a> face \u00e0 ces besoins sp\u00e9cifiques pourrait bien devenir \u00e0 l&rsquo;avenir un avantage de comp\u00e9tition pour chacun.<\/p>\n","protected":false},"excerpt":{"rendered":"Une \u00e9tude men\u00e9e par la facult\u00e9 de m\u00e9decine de l&rsquo;universit\u00e9 de Groningue (Pays-Bas) a analys\u00e9 les habitudes de&hellip;\n","protected":false},"author":2,"featured_media":290463,"comment_status":"","ping_status":"","sticky":false,"template":"","format":"standard","meta":{"footnotes":""},"categories":[10],"tags":[1011,27,72,71],"class_list":{"0":"post-290462","1":"post","2":"type-post","3":"status-publish","4":"format-standard","5":"has-post-thumbnail","7":"category-sante","8":"tag-fr","9":"tag-france","10":"tag-health","11":"tag-sante"},"share_on_mastodon":{"url":"https:\/\/pubeurope.com\/@fr\/114957040028464464","error":""},"_links":{"self":[{"href":"https:\/\/www.europesays.com\/fr\/wp-json\/wp\/v2\/posts\/290462","targetHints":{"allow":["GET"]}}],"collection":[{"href":"https:\/\/www.europesays.com\/fr\/wp-json\/wp\/v2\/posts"}],"about":[{"href":"https:\/\/www.europesays.com\/fr\/wp-json\/wp\/v2\/types\/post"}],"author":[{"embeddable":true,"href":"https:\/\/www.europesays.com\/fr\/wp-json\/wp\/v2\/users\/2"}],"replies":[{"embeddable":true,"href":"https:\/\/www.europesays.com\/fr\/wp-json\/wp\/v2\/comments?post=290462"}],"version-history":[{"count":0,"href":"https:\/\/www.europesays.com\/fr\/wp-json\/wp\/v2\/posts\/290462\/revisions"}],"wp:featuredmedia":[{"embeddable":true,"href":"https:\/\/www.europesays.com\/fr\/wp-json\/wp\/v2\/media\/290463"}],"wp:attachment":[{"href":"https:\/\/www.europesays.com\/fr\/wp-json\/wp\/v2\/media?parent=290462"}],"wp:term":[{"taxonomy":"category","embeddable":true,"href":"https:\/\/www.europesays.com\/fr\/wp-json\/wp\/v2\/categories?post=290462"},{"taxonomy":"post_tag","embeddable":true,"href":"https:\/\/www.europesays.com\/fr\/wp-json\/wp\/v2\/tags?post=290462"}],"curies":[{"name":"wp","href":"https:\/\/api.w.org\/{rel}","templated":true}]}}