{"id":290467,"date":"2025-08-02T03:28:11","date_gmt":"2025-08-02T03:28:11","guid":{"rendered":"https:\/\/www.europesays.com\/fr\/290467\/"},"modified":"2025-08-02T03:28:11","modified_gmt":"2025-08-02T03:28:11","slug":"youtube-utilise-lintelligence-artificielle-pour-identifier-les-adolescents-americains","status":"publish","type":"post","link":"https:\/\/www.europesays.com\/fr\/290467\/","title":{"rendered":"YouTube utilise l\u2019intelligence artificielle pour identifier les adolescents am\u00e9ricains"},"content":{"rendered":"<p>YouTube a officiellement annonc\u00e9, le 29 juillet, le d\u00e9ploiement progressif aux \u00c9tats-Unis d\u2019un nouveau syst\u00e8me d\u2019estimation de l\u2019\u00e2ge bas\u00e9 sur l\u2019intelligence artificielle. Cette mesure vise \u00e0 mieux identifier les adolescents, y compris ceux qui dissimulent leur v\u00e9ritable date de naissance, et \u00e0 leur appliquer des protections sp\u00e9cifiques cens\u00e9es rendre l\u2019exp\u00e9rience plus adapt\u00e9e \u00e0 leur \u00e2ge. Cette d\u00e9cision s\u2019inscrit dans une strat\u00e9gie globale du groupe, lanc\u00e9e d\u00e8s f\u00e9vrier dans le cadre de sa feuille de route 2025.<\/p>\n<p>Une technologie d\u2019estimation d\u2019\u00e2ge discr\u00e8te mais puissante<\/p>\n<p>YouTube a confirm\u00e9 qu\u2019il ne se limiterait plus aux donn\u00e9es d\u00e9clar\u00e9es lors de l\u2019inscription. Le g\u00e9ant am\u00e9ricain entend d\u00e9sormais d\u00e9duire l\u2019\u00e2ge des utilisateurs gr\u00e2ce \u00e0 une combinaison de signaux : anciennet\u00e9 du compte, historique de visionnage, interactions avec la plateforme, et autres indicateurs non pr\u00e9cis\u00e9s. \u00ab <strong>Au cours des prochaines semaines, nous commencerons \u00e0 d\u00e9ployer l\u2019apprentissage automatique aupr\u00e8s d\u2019un petit groupe d\u2019utilisateurs aux \u00c9tats-Unis afin d\u2019estimer leur \u00e2ge, pour que les adolescents soient trait\u00e9s comme des adolescents et les adultes comme des adultes<\/strong>. \u00bb, a d\u00e9clar\u00e9 James Beser, directeur produit chez YouTube, dans <a href=\"https:\/\/blog.youtube\/news-and-events\/extending-our-built-in-protections-to-more-teens-on-youtube\/\" target=\"_blank\" rel=\"noreferrer noopener nofollow\">un billet publi\u00e9 sur le blog officiel de la plateforme<\/a> le 29 juillet 2025.<\/p>\n<p>Cette estimation sera appliqu\u00e9e exclusivement aux utilisateurs connect\u00e9s. Les personnes identifi\u00e9es \u00e0 tort comme mineures pourront prouver leur majorit\u00e9 via un document officiel, une carte bancaire ou un selfie valid\u00e9 par reconnaissance faciale.<\/p>\n<p>Adolescents cibl\u00e9s, publicit\u00e9s supprim\u00e9es<\/p>\n<p>L\u2019objectif annonc\u00e9 par YouTube est de renforcer la s\u00e9curit\u00e9 num\u00e9rique des adolescents sur son r\u00e9seau, en d\u00e9ployant automatiquement une s\u00e9rie de limitations : suppression des publicit\u00e9s personnalis\u00e9es, restriction de l\u2019acc\u00e8s aux contenus r\u00e9serv\u00e9s aux adultes, limitation de la r\u00e9p\u00e9tition de certaines vid\u00e9os, notamment celles traitant de l\u2019image corporelle ou des comportements agressifs.<\/p>\n<p>Ces fonctions ne sont pas nouvelles.<strong> Elles existent depuis plusieurs ann\u00e9es, mais n\u2019\u00e9taient jusqu\u2019ici activ\u00e9es que si l\u2019utilisateur se d\u00e9clarait comme mineur.<\/strong> La nouveaut\u00e9 r\u00e9side donc dans le caract\u00e8re proactif et invisible de cette d\u00e9tection. Selon <a href=\"https:\/\/www.theverge.com\/news\/715343\/youtube-age-estimation-ai-minor-account-restrictions\" target=\"_blank\" rel=\"noreferrer noopener nofollow\">The Verge, <\/a>\u00ab Ces comptes b\u00e9n\u00e9ficieront des m\u00eames protections que celles que YouTube offre d\u00e9j\u00e0 aux utilisateurs qui se d\u00e9clarent comme ayant moins de 18 ans, notamment le blocage des vid\u00e9os soumises \u00e0 une limite d\u2019\u00e2ge, des publicit\u00e9s non personnalis\u00e9es, des notifications \u201cfaire une pause\u201d et une limitation des recommandations r\u00e9p\u00e9t\u00e9es de vid\u00e9os sur des sujets sensibles. \u00bb<\/p>\n<p>Une r\u00e9ponse aux pressions r\u00e9glementaires grandissantes<\/p>\n<p>La d\u00e9marche de <a href=\"https:\/\/www.journaldeleconomie.fr\/cette-methode-secrete-vous-libere-des-pubs-youtube-et-cest-100-gratuit\/\" target=\"_blank\" rel=\"noreferrer noopener nofollow\">YouTube<\/a> s\u2019inscrit dans un contexte de r\u00e9gulation accrue, tant aux \u00c9tats-Unis qu\u2019\u00e0 l\u2019international. Plus d\u2019une douzaine d\u2019\u00c9tats am\u00e9ricains, dont la Floride, l\u2019Utah, le Texas ou le Connecticut, ont r\u00e9cemment adopt\u00e9 ou propos\u00e9 des lois obligeant les plateformes \u00e0 v\u00e9rifier l\u2019\u00e2ge de leurs utilisateurs. Certaines de ces lois sont d\u00e9j\u00e0 attaqu\u00e9es en justice et suspendues.<\/p>\n<p>Outre-Atlantique, le Royaume-Uni a commenc\u00e9 \u00e0 appliquer la semaine derni\u00e8re les dispositions de son Online Safety Act, exigeant une v\u00e9rification d\u2019\u00e2ge rigoureuse sur les sites contenant du contenu jug\u00e9 nuisible. Face \u00e0 cette pression, Google adopte une approche plus coop\u00e9rative, pr\u00e9f\u00e9rant imposer ses propres normes avant que les \u00c9tats ne les lui dictent. L\u2019entreprise rappelle que cette technologie de d\u00e9tection est test\u00e9e sur un \u00e9chantillon limit\u00e9 avant un d\u00e9ploiement plus large, y compris \u00e0 l\u2019international.<\/p>\n","protected":false},"excerpt":{"rendered":"YouTube a officiellement annonc\u00e9, le 29 juillet, le d\u00e9ploiement progressif aux \u00c9tats-Unis d\u2019un nouveau syst\u00e8me d\u2019estimation de l\u2019\u00e2ge&hellip;\n","protected":false},"author":2,"featured_media":290468,"comment_status":"","ping_status":"","sticky":false,"template":"","format":"standard","meta":{"footnotes":""},"categories":[7],"tags":[1011,27,43,40,41,39,42,44],"class_list":{"0":"post-290467","1":"post","2":"type-post","3":"status-publish","4":"format-standard","5":"has-post-thumbnail","7":"category-sciences-et-technologies","8":"tag-fr","9":"tag-france","10":"tag-science","11":"tag-science-and-technology","12":"tag-sciences","13":"tag-sciences-et-technologies","14":"tag-technologies","15":"tag-technology"},"share_on_mastodon":{"url":"https:\/\/pubeurope.com\/@fr\/114957051787940904","error":""},"_links":{"self":[{"href":"https:\/\/www.europesays.com\/fr\/wp-json\/wp\/v2\/posts\/290467","targetHints":{"allow":["GET"]}}],"collection":[{"href":"https:\/\/www.europesays.com\/fr\/wp-json\/wp\/v2\/posts"}],"about":[{"href":"https:\/\/www.europesays.com\/fr\/wp-json\/wp\/v2\/types\/post"}],"author":[{"embeddable":true,"href":"https:\/\/www.europesays.com\/fr\/wp-json\/wp\/v2\/users\/2"}],"replies":[{"embeddable":true,"href":"https:\/\/www.europesays.com\/fr\/wp-json\/wp\/v2\/comments?post=290467"}],"version-history":[{"count":0,"href":"https:\/\/www.europesays.com\/fr\/wp-json\/wp\/v2\/posts\/290467\/revisions"}],"wp:featuredmedia":[{"embeddable":true,"href":"https:\/\/www.europesays.com\/fr\/wp-json\/wp\/v2\/media\/290468"}],"wp:attachment":[{"href":"https:\/\/www.europesays.com\/fr\/wp-json\/wp\/v2\/media?parent=290467"}],"wp:term":[{"taxonomy":"category","embeddable":true,"href":"https:\/\/www.europesays.com\/fr\/wp-json\/wp\/v2\/categories?post=290467"},{"taxonomy":"post_tag","embeddable":true,"href":"https:\/\/www.europesays.com\/fr\/wp-json\/wp\/v2\/tags?post=290467"}],"curies":[{"name":"wp","href":"https:\/\/api.w.org\/{rel}","templated":true}]}}