{"id":290469,"date":"2025-08-02T03:29:09","date_gmt":"2025-08-02T03:29:09","guid":{"rendered":"https:\/\/www.europesays.com\/fr\/290469\/"},"modified":"2025-08-02T03:29:09","modified_gmt":"2025-08-02T03:29:09","slug":"des-hotesses-de-lair-et-des-stewards-portent-plainte-contre-le-constructeur-aeronautique","status":"publish","type":"post","link":"https:\/\/www.europesays.com\/fr\/290469\/","title":{"rendered":"des h\u00f4tesses de l\u2019air et des stewards portent plainte contre le constructeur a\u00e9ronautique"},"content":{"rendered":"<p>Lors d\u2019un vol de la compagnie Alaska Airlines aux \u00c9tats-Unis en janvier 2024, la porte gauche obstru\u00e9e d\u2019un 737 MAX 9 s\u2019\u00e9tait d\u00e9tach\u00e9e de la carlingue en plein vol, provoquant la d\u00e9pressurisation de l\u2019appareil.<\/p>\n<p class=\"fig-paragraph\">Pr\u00e8s d\u2019un an et demi apr\u00e8s l\u2019incident qui a fait le tour du monde, quatre h\u00f4tesses de l\u2019air et stewards pr\u00e9sents\u00a0<a href=\"http:\/\/www.lefigaro.fr\/conjoncture\/boeing-737-max-des-boulons-censes-bloquer-la-porte-d-un-appareil-etaient-manquants-20240206\" target=\"_blank\" data-fig-type=\"NewsFlash\" rel=\"noopener nofollow\" data-gtm-custom-categorie=\"navigation\" data-gtm-custom-action=\"crossclick\" data-gtm-custom-label=\"Contextuel\" data-gtm-event=\"customEventSPE\" data-fig-domain=\"LEFIGARO\">\u00e0 bord du vol 1282 d\u2019Alaska Airlines<\/a>, dont le bouchon de porte s\u2019\u00e9tait d\u00e9tach\u00e9 en janvier 2024, ont annonc\u00e9 avoir port\u00e9 plainte contre Boeing pour \u00abblessures physiques et mentales\u00bb.<\/p>\n<p class=\"fig-paragraph\">Le 5 janvier 2024, pendant\u00a0<a href=\"http:\/\/www.lefigaro.fr\/flash-eco\/boeing-alaska-airlines-reprend-les-vols-des-737-max-9-trois-semaines-apres-la-perte-d-une-porte-20240126\" target=\"_blank\" data-fig-type=\"NewsFlash\" rel=\"noopener nofollow\" data-gtm-custom-categorie=\"navigation\" data-gtm-custom-action=\"crossclick\" data-gtm-custom-label=\"Contextuel\" data-gtm-event=\"customEventSPE\" data-fig-domain=\"LEFIGARO\">la phase d\u2019ascension d\u2019un Boeing 737 MAX 9<\/a>\u00a0op\u00e9rant le vol 1282 d\u2019Alaska Airlines entre Portland (Oregon) et Ontario (Californie), une porte-bouchon &#8211; opercule condamnant une issue de secours redondante &#8211; s\u2019\u00e9tait d\u00e9tach\u00e9, laissant un trou b\u00e9ant dans le fuselage et faisant quelques bless\u00e9s l\u00e9gers. Cet incident a r\u00e9v\u00e9l\u00e9 au grand jour\u00a0<a href=\"http:\/\/www.lefigaro.fr\/societes\/un-responsable-de-boeing-s-excuse-pour-les-problemes-du-737-max-9-20240127\" target=\"_blank\" data-fig-type=\"NewsFlash\" rel=\"noopener nofollow\" data-gtm-custom-categorie=\"navigation\" data-gtm-custom-action=\"crossclick\" data-gtm-custom-label=\"Contextuel\" data-gtm-event=\"customEventSPE\" data-fig-domain=\"LEFIGARO\">les probl\u00e8mes de qualit\u00e9 du constructeur a\u00e9ronautique<\/a>.<\/p>\n<p>                                    <a class=\"fig-a11y-skip a11y-hidden\" href=\"#fig-a11y-skip-main-inarticle\"><br \/>\n        Passer la publicit\u00e9<br \/>\n    <\/a><\/p>\n<p class=\"fig-paragraph\">Adam Fisher, Michelle Hughes, Steven Maller et Christine Vasconcellos ont d\u00e9pos\u00e9 une plainte en raison \u00abdes blessures physiques et mentales\u00bb, de la \u00abd\u00e9tresse \u00e9motionnelle\u00bb qui a suivi l\u2019\u00e9jection de la porte et de la d\u00e9compression dans la carlingue, ainsi que \u00abd\u2019autres pr\u00e9judices de nature personnelle et financi\u00e8re\u00bb.<\/p>\n<p class=\"fig-paragraph\">\u00abCet acte de n\u00e9gligence a caus\u00e9 des dommages physiques et psychologiques, qui ont profond\u00e9ment affect\u00e9 ma vie personnelle et professionnelle. Il en est r\u00e9sult\u00e9 de nombreuses difficult\u00e9s \u00e0 retrouver le m\u00e9tier de mes r\u00eaves, que j\u2019exer\u00e7ais avec fiert\u00e9\u00bb, assure Michelle Hughes dans un communiqu\u00e9. Christine Vasconcellos juge de son c\u00f4t\u00e9 que \u00abcet \u00e9v\u00e9nement n\u2019aurait jamais d\u00fb se produire\u00bb.<\/p>\n<p>\u00abCourage\u00bb des h\u00f4tesses<\/p>\n<p class=\"fig-paragraph\">Leur avocate Tracy Brammeier a lou\u00e9 le \u00abcourage\u00bb des quatre membres d\u2019\u00e9quipage aupr\u00e8s de\u00a0<a href=\"https:\/\/abcnews.go.com\/US\/flight-attendants-alaska-airlines-door-plug-flight-sue\/story?id=124266125\" target=\"_blank\" rel=\"sponsored noopener nofollow\" data-gtm-custom-categorie=\"navigation\" data-gtm-custom-action=\"crossclick\" data-gtm-custom-label=\"Contextuel\" data-gtm-event=\"customEventSPE\">ABC News<\/a>. \u00abIls ont suivi les consignes \u00e0 la lettre en donnant la priorit\u00e9 aux passagers, malgr\u00e9 leurs craintes pour leur propre vie. Ils m\u00e9ritent une indemnisation totale pour cette exp\u00e9rience traumatisante et bouleversante, caus\u00e9e par la n\u00e9gligence de Boeing dans le processus de production du 737 MAX.\u00bb Interrog\u00e9 par la presse am\u00e9ricaine, le g\u00e9ant am\u00e9ricain de l\u2019a\u00e9ronautique a d\u00e9clin\u00e9 toutes demandes de commentaires sur ce dossier.<\/p>\n<p class=\"fig-paragraph\">D\u00e9but f\u00e9vrier 2024, un mois apr\u00e8s l\u2019incident, un rapport pr\u00e9liminaire, accablant pour le g\u00e9ant de l\u2019a\u00e9ronautique, avait \u00e9t\u00e9 publi\u00e9\u00a0: l\u2019absence d\u2019usure ou de d\u00e9formation \u00e0 certains emplacements indiquait que \u00abquatre boulons pr\u00e9vus pour emp\u00eacher que la porte-bouchon ne se d\u00e9place vers le haut \u00e9taient manquants avant qu\u2019elle ne bouge\u00bb. Le rapport pointait des \u00e9crits et des photos montrant que des employ\u00e9s de Boeing avaient retir\u00e9 ces boulons lors d\u2019une inspection \u00e0 son usine d\u2019assemblage de Renton (nord-ouest).<\/p>\n<p class=\"fig-paragraph\">L\u2019incident du vol 1282 a fait loupe sur les probl\u00e8mes de qualit\u00e9 chez Boeing, affectant trois de ses quatre familles d\u2019avions commerciaux (737, 787 Dreamliner, 777). Il a entra\u00een\u00e9 audits et enqu\u00eates (police, justice, Congr\u00e8s), mise sous surveillance accrue par les r\u00e9gulateurs, renouvellement de l\u2019\u00e9quipe dirigeante et r\u00e9ouverture du dossier p\u00e9nal li\u00e9 aux crashes de 2018 et 2019 (346 morts).<\/p>\n","protected":false},"excerpt":{"rendered":"Lors d\u2019un vol de la compagnie Alaska Airlines aux \u00c9tats-Unis en janvier 2024, la porte gauche obstru\u00e9e d\u2019un&hellip;\n","protected":false},"author":2,"featured_media":290470,"comment_status":"","ping_status":"","sticky":false,"template":"","format":"standard","meta":{"footnotes":""},"categories":[6],"tags":[888,35,33,34,73,1011,27],"class_list":{"0":"post-290469","1":"post","2":"type-post","3":"status-publish","4":"format-standard","5":"has-post-thumbnail","7":"category-economie","8":"tag-boeing","9":"tag-business","10":"tag-economie","11":"tag-economy","12":"tag-etats-unis","13":"tag-fr","14":"tag-france"},"share_on_mastodon":{"url":"https:\/\/pubeurope.com\/@fr\/114957055640771455","error":""},"_links":{"self":[{"href":"https:\/\/www.europesays.com\/fr\/wp-json\/wp\/v2\/posts\/290469","targetHints":{"allow":["GET"]}}],"collection":[{"href":"https:\/\/www.europesays.com\/fr\/wp-json\/wp\/v2\/posts"}],"about":[{"href":"https:\/\/www.europesays.com\/fr\/wp-json\/wp\/v2\/types\/post"}],"author":[{"embeddable":true,"href":"https:\/\/www.europesays.com\/fr\/wp-json\/wp\/v2\/users\/2"}],"replies":[{"embeddable":true,"href":"https:\/\/www.europesays.com\/fr\/wp-json\/wp\/v2\/comments?post=290469"}],"version-history":[{"count":0,"href":"https:\/\/www.europesays.com\/fr\/wp-json\/wp\/v2\/posts\/290469\/revisions"}],"wp:featuredmedia":[{"embeddable":true,"href":"https:\/\/www.europesays.com\/fr\/wp-json\/wp\/v2\/media\/290470"}],"wp:attachment":[{"href":"https:\/\/www.europesays.com\/fr\/wp-json\/wp\/v2\/media?parent=290469"}],"wp:term":[{"taxonomy":"category","embeddable":true,"href":"https:\/\/www.europesays.com\/fr\/wp-json\/wp\/v2\/categories?post=290469"},{"taxonomy":"post_tag","embeddable":true,"href":"https:\/\/www.europesays.com\/fr\/wp-json\/wp\/v2\/tags?post=290469"}],"curies":[{"name":"wp","href":"https:\/\/api.w.org\/{rel}","templated":true}]}}