{"id":290471,"date":"2025-08-02T03:30:15","date_gmt":"2025-08-02T03:30:15","guid":{"rendered":"https:\/\/www.europesays.com\/fr\/290471\/"},"modified":"2025-08-02T03:30:15","modified_gmt":"2025-08-02T03:30:15","slug":"au-jubile-des-jeunes-la-naissance-dune-generation-leon-en-quete-de-spiritualite","status":"publish","type":"post","link":"https:\/\/www.europesays.com\/fr\/290471\/","title":{"rendered":"au Jubil\u00e9 des jeunes, la naissance d\u2019une \u00abg\u00e9n\u00e9ration L\u00e9on\u00bb en qu\u00eate de spiritualit\u00e9"},"content":{"rendered":"<p><strong>REPORTAGE &#8211;<\/strong> 24.000 jeunes Fran\u00e7ais sont attendus samedi et dimanche pour une veill\u00e9e et une messe en pr\u00e9sence de L\u00e9on\u00a0XIV. Depuis le d\u00e9but de la semaine et l\u2019ouverture du Jubil\u00e9 des jeunes, \u00e0 Rome, le pape a d\u00e9j\u00e0 touch\u00e9 le c\u0153ur de ces p\u00e8lerins par son humilit\u00e9 et son \u00abexigence spirituelle\u00bb.<\/p>\n<p class=\"fig-paragraph\">Deux explosions de joie ont retenti, mardi soir, sur la place Saint-Pierre de Rome. La premi\u00e8re au moment o\u00f9 les 120.000\u00a0jeunes catholiques venus du monde entier, r\u00e9unis devant l\u2019\u00e9glise Saint-Pierre, ont appris que\u00a0<a href=\"http:\/\/www.lefigaro.fr\/flash-actu\/les-images-de-l-apparition-surprise-du-pape-leon-xiv-dans-sa-papamobile-devant-120-000-jeunes-catholiques-au-vatican-20250730\" data-fig-type=\"NewsFlash\" data-gtm-custom-categorie=\"navigation\" data-gtm-custom-action=\"crossclick\" data-gtm-custom-label=\"Contextuel\" data-gtm-event=\"customEventSPE\" data-fig-domain=\"LEFIGARO\" rel=\"nofollow noopener\" target=\"_blank\">L\u00e9on XIV<\/a>\u00a0viendrait les saluer \u00e0 l\u2019issue de la messe, ce qui n\u2019\u00e9tait pas pr\u00e9vu officiellement. La seconde clameur, encore plus puissante, a \u00e9clat\u00e9 quand le nouveau pape s\u2019est pr\u00e9sent\u00e9 pour un long bain de foule et une courte salutation\u00a0: \u00ab\u00a0Vous \u00eates le sel de la terre, vous \u00eates la lumi\u00e8re du monde, a-t-il lanc\u00e9. Le monde a besoin de messagers de l\u2019esp\u00e9rance.\u00a0\u00bb Il a enjoint \u00e0 ces jeunes d\u2019\u00ab\u00a0\u00eatre une force qui peut donner la gr\u00e2ce de Dieu, une lumi\u00e8re pour le monde entier\u00a0\u00bb. Il a ensuite demand\u00e9 \u00e0 la foule r\u00e9unie devant lui de r\u00e9p\u00e9ter\u00a0: \u00ab\u00a0Nous voulons la paix dans le monde\u00a0!\u00a0\u00bb<\/p>\n<p class=\"fig-paragraph\">Cette ovation sera d\u00e9cupl\u00e9e, ce samedi soir, sur l\u2019immense campus de l\u2019universit\u00e9 de Tor\u00a0Vergata, dans la banlieue est de Rome. Pus d\u2019un million de jeunes catholiques sont attendus\u2026<\/p>\n<p class=\"fig-premium-paywall__infos\">\n        Cet article est r\u00e9serv\u00e9 aux abonn\u00e9s.        Il vous reste 90% \u00e0 d\u00e9couvrir.\n    <\/p>\n<p>                <img  data- alt=\"Le Figaro\" class=\"fig-img--complete fig-img\"\/><\/p>\n<p class=\"fig-premium-paywall__title\">Vous avez envie de lire la suite ?<\/p>\n<p class=\"fig-premium-paywall__subtitle\">D\u00e9bloquez tous les articles imm\u00e9diatement.<\/p>\n<p class=\"fig-premium-paywall__connect\">\n                D\u00e9j\u00e0 abonn\u00e9\u00a0?                <a class=\"fig-premium-paywall__connect-link\" href=\"https:\/\/connect.lefigaro.fr\/login?client=horizon_web&amp;type=main&amp;redirect_uri=https%3A%2F%2Fwww.lefigaro.fr%2Factualite-france%2Fil-a-deja-une-vraie-influence-au-jubile-des-jeunes-la-naissance-d-une-generation-leon-en-quete-de-spiritualite-20250801\" data-js-gtm=\"{&quot;customCategorie&quot;: &quot;conversion&quot;, &quot;customAction&quot;: &quot;before_Landing_Connexion_paywall_auto&quot;, &quot;customLabel&quot;: &quot;bGVmaWdhcm8uZnJfXzFmMDZlZWFmLTVlMzEtNjY4OC1hZWYzLWRkOGYzNmNlNGE2OV9fQXJ0aWNsZQ==_\u00abIl a d\u00e9j\u00e0 une vraie influence\u00bb: au Jubil\u00e9 des jeunes, la naissance d\u2019une \u00abg\u00e9n\u00e9ration L\u00e9on\u00bb en qu\u00eate de spiritualit\u00e9_174&quot;, &quot;customIDSPE&quot;: &quot;bGVmaWdhcm8uZnJfXzFmMDZlZWFmLTVlMzEtNjY4OC1hZWYzLWRkOGYzNmNlNGE2OV9fQXJ0aWNsZQ==&quot;, &quot;event&quot;: &quot;customEventSPE&quot;}\" rel=\"nofollow noopener\" target=\"_blank\"><br \/>\n                    Connectez-vous<br \/>\n                <\/a>\n            <\/p>\n","protected":false},"excerpt":{"rendered":"REPORTAGE &#8211; 24.000 jeunes Fran\u00e7ais sont attendus samedi et dimanche pour une veill\u00e9e et une messe en pr\u00e9sence&hellip;\n","protected":false},"author":2,"featured_media":290472,"comment_status":"","ping_status":"","sticky":false,"template":"","format":"standard","meta":{"footnotes":""},"categories":[5],"tags":[11,1011,27,14,19741,12,12672,3499,28],"class_list":{"0":"post-290471","1":"post","2":"type-post","3":"status-publish","4":"format-standard","5":"has-post-thumbnail","7":"category-international","8":"tag-actualites","9":"tag-fr","10":"tag-france","11":"tag-international","12":"tag-leon-xiv","13":"tag-news","14":"tag-pape","15":"tag-rome","16":"tag-world"},"share_on_mastodon":{"url":"https:\/\/pubeurope.com\/@fr\/114957059619994683","error":""},"_links":{"self":[{"href":"https:\/\/www.europesays.com\/fr\/wp-json\/wp\/v2\/posts\/290471","targetHints":{"allow":["GET"]}}],"collection":[{"href":"https:\/\/www.europesays.com\/fr\/wp-json\/wp\/v2\/posts"}],"about":[{"href":"https:\/\/www.europesays.com\/fr\/wp-json\/wp\/v2\/types\/post"}],"author":[{"embeddable":true,"href":"https:\/\/www.europesays.com\/fr\/wp-json\/wp\/v2\/users\/2"}],"replies":[{"embeddable":true,"href":"https:\/\/www.europesays.com\/fr\/wp-json\/wp\/v2\/comments?post=290471"}],"version-history":[{"count":0,"href":"https:\/\/www.europesays.com\/fr\/wp-json\/wp\/v2\/posts\/290471\/revisions"}],"wp:featuredmedia":[{"embeddable":true,"href":"https:\/\/www.europesays.com\/fr\/wp-json\/wp\/v2\/media\/290472"}],"wp:attachment":[{"href":"https:\/\/www.europesays.com\/fr\/wp-json\/wp\/v2\/media?parent=290471"}],"wp:term":[{"taxonomy":"category","embeddable":true,"href":"https:\/\/www.europesays.com\/fr\/wp-json\/wp\/v2\/categories?post=290471"},{"taxonomy":"post_tag","embeddable":true,"href":"https:\/\/www.europesays.com\/fr\/wp-json\/wp\/v2\/tags?post=290471"}],"curies":[{"name":"wp","href":"https:\/\/api.w.org\/{rel}","templated":true}]}}