{"id":290483,"date":"2025-08-02T03:41:13","date_gmt":"2025-08-02T03:41:13","guid":{"rendered":"https:\/\/www.europesays.com\/fr\/290483\/"},"modified":"2025-08-02T03:41:13","modified_gmt":"2025-08-02T03:41:13","slug":"anciens-ryad-boudebouz-je-ne-me-suis-jamais-senti-aussi-fort-qua-montpellier","status":"publish","type":"post","link":"https:\/\/www.europesays.com\/fr\/290483\/","title":{"rendered":"[Anciens] Ryad Boudebouz : \u201cJe ne me suis jamais senti aussi fort qu\u2019\u00e0 Montpellier\u201d"},"content":{"rendered":"<p>Pour le compte de <a href=\"https:\/\/www.lequipe.fr\/Football\/Article\/Maghreb-fc-le-blog-de-nabil-djellit-ryad-boudebouz-il-y-a-des-choses-que-je-ferais-autrement\/1529375\" title=\"\" target=\"_blank\" rel=\"noopener\">Maghreb FC, le blog de Nabil Djellit<\/a>, journaliste \u00e0 L\u2019\u00c9quipe, Ryad Boudebouz s\u2019est exprim\u00e9 au cours d\u2019un entretien balayant sa carri\u00e8re. Actuellement en grande forme du c\u00f4t\u00e9 de la JS Kabylie, l\u2019international Alg\u00e9rien soulignait notamment son passage \u00e0 Montpellier, avec la saison 2016-2017 comme apog\u00e9e de sa carri\u00e8re. Une saison qui lui avait permis de d\u00e9couvrir la Liga espagnole.<\/p>\n<p>\u201c\u00c0 Montpellier, j\u2019ai fait une saison pleine\u00a0(2016-2017, 9 buts et 11 passes d\u00e9cisives en L1). Tout me r\u00e9ussissait. J\u2019allais devant le but, le ballon me revenait. Il y a des saisons comme \u00e7a o\u00f9 tu n\u2019as pas besoin de forcer. J\u2019\u00e9tais pleinement \u00e9panoui l\u00e0-bas. (\u2026) Je ne prends plus beaucoup de plaisir \u00e0 regarder le football. Avant j\u2019\u00e9tais boulimique, je me jetais sur le moindre match. C\u2019est devenu st\u00e9r\u00e9otyp\u00e9. Il y avait moins de \u201cdata\u201d.<\/p>\n<p><img loading=\"lazy\" title=\"boudebouz | AllezPaillade.com\" decoding=\"async\" width=\"885\" height=\"500\" src=\"https:\/\/www.europesays.com\/fr\/wp-content\/uploads\/2025\/08\/boudebouz.jpg\" alt=\"\" class=\"wp-image-43731\"  \/>Cr\u00e9dits IconSport<\/p>\n<p>Aujourd\u2019hui, il faut courir, gagner les duels, c\u2019est la priorit\u00e9. Je n\u2019y vois aucune notion de plaisir. J\u2019ai aim\u00e9 mon passage au Real B\u00e9tis, mais malheureusement, il a \u00e9t\u00e9 entach\u00e9 par des p\u00e9pins physiques. La Liga, c\u2019est le pied. Je me souviens qu\u2019on jouait le Bar\u00e7a en allant chercher l\u2019adversaire dans sa surface avec Messi dans le dos\u2026 Les blocs bas, la transition \u00e0 tout prix, ce n\u2019est pas ce que j\u2019aime.\u201c<\/p>\n","protected":false},"excerpt":{"rendered":"Pour le compte de Maghreb FC, le blog de Nabil Djellit, journaliste \u00e0 L\u2019\u00c9quipe, Ryad Boudebouz s\u2019est exprim\u00e9&hellip;\n","protected":false},"author":2,"featured_media":290484,"comment_status":"","ping_status":"","sticky":false,"template":"","format":"standard","meta":{"footnotes":""},"categories":[9599],"tags":[328,1111,11,8132,1777,674,1011,27,2208,12,2680,25],"class_list":{"0":"post-290483","1":"post","2":"type-post","3":"status-publish","4":"format-standard","5":"has-post-thumbnail","7":"category-montpellier","8":"tag-a-la-une","9":"tag-actu","10":"tag-actualites","11":"tag-anciens","12":"tag-eu","13":"tag-europe","14":"tag-fr","15":"tag-france","16":"tag-montpellier","17":"tag-news","18":"tag-occitanie","19":"tag-republique-francaise"},"share_on_mastodon":{"url":"https:\/\/pubeurope.com\/@fr\/114957102836960222","error":""},"_links":{"self":[{"href":"https:\/\/www.europesays.com\/fr\/wp-json\/wp\/v2\/posts\/290483","targetHints":{"allow":["GET"]}}],"collection":[{"href":"https:\/\/www.europesays.com\/fr\/wp-json\/wp\/v2\/posts"}],"about":[{"href":"https:\/\/www.europesays.com\/fr\/wp-json\/wp\/v2\/types\/post"}],"author":[{"embeddable":true,"href":"https:\/\/www.europesays.com\/fr\/wp-json\/wp\/v2\/users\/2"}],"replies":[{"embeddable":true,"href":"https:\/\/www.europesays.com\/fr\/wp-json\/wp\/v2\/comments?post=290483"}],"version-history":[{"count":0,"href":"https:\/\/www.europesays.com\/fr\/wp-json\/wp\/v2\/posts\/290483\/revisions"}],"wp:featuredmedia":[{"embeddable":true,"href":"https:\/\/www.europesays.com\/fr\/wp-json\/wp\/v2\/media\/290484"}],"wp:attachment":[{"href":"https:\/\/www.europesays.com\/fr\/wp-json\/wp\/v2\/media?parent=290483"}],"wp:term":[{"taxonomy":"category","embeddable":true,"href":"https:\/\/www.europesays.com\/fr\/wp-json\/wp\/v2\/categories?post=290483"},{"taxonomy":"post_tag","embeddable":true,"href":"https:\/\/www.europesays.com\/fr\/wp-json\/wp\/v2\/tags?post=290483"}],"curies":[{"name":"wp","href":"https:\/\/api.w.org\/{rel}","templated":true}]}}