{"id":290493,"date":"2025-08-02T03:52:20","date_gmt":"2025-08-02T03:52:20","guid":{"rendered":"https:\/\/www.europesays.com\/fr\/290493\/"},"modified":"2025-08-02T03:52:20","modified_gmt":"2025-08-02T03:52:20","slug":"les-mots-de-lete-locean-sans-source-ni-fin","status":"publish","type":"post","link":"https:\/\/www.europesays.com\/fr\/290493\/","title":{"rendered":"Les mots de l\u2019\u00e9t\u00e9\u00a0: l\u2019oc\u00e9an, sans source ni fin"},"content":{"rendered":"<p>Deuxi\u00e8me volet de notre s\u00e9rie sur les mots de l\u2019\u00e9t\u00e9, choisis et d\u00e9crypt\u00e9s par la Nantaise G\u00e9raldine Moinard, directrice de la r\u00e9daction des \u00e9ditions Le Robert.<\/p>\n<p>Aujourd\u2019hui, <a href=\"https:\/\/dictionnaire.lerobert.com\/definition\/ocean\" target=\"_self\" rel=\"noopener\">l\u2019oc\u00e9an,<\/a> du fleuve mythique de la mythologie grecque \u00e0 l\u2019Atlantique o\u00f9 l\u2019on se baigne.<\/p>\n<p>Pourquoi ce mot\u00a0?<\/p>\n<p>Dans l\u2019Ouest, on n\u2019a pas la mer\u00a0: on a l\u2019oc\u00e9an. Dans le langage courant, les deux mots s\u2019utilisent parfois de mani\u00e8re interchangeable, mais au sens g\u00e9ographique, la mer est d\u2019\u00e9tendue limit\u00e9e, tandis que l\u2019oc\u00e9an couvre une grande partie de la surface du globe terrestre.<\/p>\n<p><strong>Lire aussi : <\/strong> <a href=\"https:\/\/nantes.maville.com\/actu\/actudet_-les-mots-de-l-ete-la-tong-sonne-le-gong-des-vacances-_52716-6919722_actu.Htm\" target=\"_blank\" rel=\"noopener\">Les mots de l\u2019\u00e9t\u00e9 : la tong sonne le gong des vacances<\/a><\/p>\n<p>D\u2019o\u00f9 vient ce mot\u00a0?<\/p>\n<p>Oc\u00e9an vient du mot latin oceanus, issu lui-m\u00eame du grec \u00d4keanos. Dans l\u2019Antiquit\u00e9 grecque, \u00d4keanos \u00e9tait d\u2019abord le nom d\u2019un fleuve mythique cens\u00e9 couler, sans source ni fin, autour du monde terrestre, et le limiter. C\u2019\u00e9tait aussi le nom du dieu des eaux primitives, personnification de ce fleuve mythique.<\/p>\n<p>Un peu plus tard dans l\u2019Antiquit\u00e9, quand on saura qu\u2019il y a autour du monde connu bien plus qu\u2019un fleuve, \u00d4keanos d\u00e9signera plus sp\u00e9cifiquement la mer ext\u00e9rieure alors la mieux connue, c\u2019est-\u00e0-dire\u2026 l\u2019Atlantique\u00a0!<\/p>\n<p>\u00a0<\/p>\n","protected":false},"excerpt":{"rendered":"Deuxi\u00e8me volet de notre s\u00e9rie sur les mots de l\u2019\u00e9t\u00e9, choisis et d\u00e9crypt\u00e9s par la Nantaise G\u00e9raldine Moinard,&hellip;\n","protected":false},"author":2,"featured_media":290494,"comment_status":"","ping_status":"","sticky":false,"template":"","format":"standard","meta":{"footnotes":""},"categories":[2818],"tags":[1111,11,2883,1777,674,5729,1011,27,8771,766,12,12517,2636,25,3950],"class_list":{"0":"post-290493","1":"post","2":"type-post","3":"status-publish","4":"format-standard","5":"has-post-thumbnail","7":"category-nantes","8":"tag-actu","9":"tag-actualites","10":"tag-ete","11":"tag-eu","12":"tag-europe","13":"tag-fin","14":"tag-fr","15":"tag-france","16":"tag-mots","17":"tag-nantes","18":"tag-news","19":"tag-ocean","20":"tag-pays-de-la-loire","21":"tag-republique-francaise","22":"tag-source"},"share_on_mastodon":{"url":"https:\/\/pubeurope.com\/@fr\/114957146184105544","error":""},"_links":{"self":[{"href":"https:\/\/www.europesays.com\/fr\/wp-json\/wp\/v2\/posts\/290493","targetHints":{"allow":["GET"]}}],"collection":[{"href":"https:\/\/www.europesays.com\/fr\/wp-json\/wp\/v2\/posts"}],"about":[{"href":"https:\/\/www.europesays.com\/fr\/wp-json\/wp\/v2\/types\/post"}],"author":[{"embeddable":true,"href":"https:\/\/www.europesays.com\/fr\/wp-json\/wp\/v2\/users\/2"}],"replies":[{"embeddable":true,"href":"https:\/\/www.europesays.com\/fr\/wp-json\/wp\/v2\/comments?post=290493"}],"version-history":[{"count":0,"href":"https:\/\/www.europesays.com\/fr\/wp-json\/wp\/v2\/posts\/290493\/revisions"}],"wp:featuredmedia":[{"embeddable":true,"href":"https:\/\/www.europesays.com\/fr\/wp-json\/wp\/v2\/media\/290494"}],"wp:attachment":[{"href":"https:\/\/www.europesays.com\/fr\/wp-json\/wp\/v2\/media?parent=290493"}],"wp:term":[{"taxonomy":"category","embeddable":true,"href":"https:\/\/www.europesays.com\/fr\/wp-json\/wp\/v2\/categories?post=290493"},{"taxonomy":"post_tag","embeddable":true,"href":"https:\/\/www.europesays.com\/fr\/wp-json\/wp\/v2\/tags?post=290493"}],"curies":[{"name":"wp","href":"https:\/\/api.w.org\/{rel}","templated":true}]}}