{"id":290503,"date":"2025-08-02T03:59:26","date_gmt":"2025-08-02T03:59:26","guid":{"rendered":"https:\/\/www.europesays.com\/fr\/290503\/"},"modified":"2025-08-02T03:59:26","modified_gmt":"2025-08-02T03:59:26","slug":"grace-au-psg-arnaud-bodart-peut-il-esperer-debuter-la-saison-comme-numero-1-a-lille","status":"publish","type":"post","link":"https:\/\/www.europesays.com\/fr\/290503\/","title":{"rendered":"Gr\u00e2ce au PSG, Arnaud Bodart peut-il esp\u00e9rer d\u00e9buter la saison comme num\u00e9ro\u00a01 \u00e0 Lille\u00a0?"},"content":{"rendered":"<p class=\"ap-StoryElement ap-StoryElement--mb js-paywall-target ap-StoryText\">Soit trois nouvelles opportunit\u00e9s pour lui de gagner des points avant la reprise de la Ligue 1, le 17 ao\u00fbt contre Brest. S&rsquo;il a sign\u00e9 son contrat en sachant qu&rsquo;il ne serait que deuxi\u00e8me gardien, le Li\u00e9geois peut d\u00e9sormais se mettre \u00e0 esp\u00e9rer obtenir une place de titulaire. Au moins pour le d\u00e9but de la saison. Et cela, gr\u00e2ce au\u2026 Paris Saint-Germain.<\/p>\n<p>Le PSG d\u00e9tient la clef<\/p>\n<p class=\"ap-StoryElement ap-StoryElement--mb ap-StoryText\">Depuis plusieurs jours, le PSG a entam\u00e9 une sorte de poker menteur avec son gardien Gianluigi Donnarumma, dont le contrat s&rsquo;ach\u00e8ve en juin 2026. Pour mettre la pression sur l&rsquo;international italien et \u00e9viter qu&rsquo;il ne s&rsquo;en aille gratuitement, les Parisiens ont d\u00e9cid\u00e9 de jeter leur d\u00e9volu sur Lucas Chevalier, le gardien num\u00e9ro un du Losc. Avec une offre de 40 millions d&rsquo;euros en pr\u00e9paration.<\/p>\n<p><a href=\"https:\/\/www.dhnet.be\/sports\/football\/2025\/07\/02\/arnaud-bodart-numero-2-a-lille-je-veux-juste-profiter-du-moment-present-VCQMXL52GVECVLDYZ7QZTJBXPQ\/\" target=\"_blank\" rel=\"noopener noreferrer nofollow\" class=\"ap-StoryInterstitialLink ap-StoryElement ap-StoryElement--mb\">Arnaud Bodart, num\u00e9ro 2 \u00e0 Lille : \u00ab\u00a0Je veux juste profiter du moment pr\u00e9sent\u00a0\u00bb<\/a><\/p>\n<p class=\"ap-StoryElement ap-StoryElement--mb ap-StoryText\">Deux sc\u00e9narios sont d\u00e9sormais possibles. Soit Donnarumma c\u00e8de rapidement \u00e0 la pression et accepte de prolonger son contrat, auquel cas Chevalier pourrait finalement ne pas venir. Soit le Lillois est transf\u00e9r\u00e9 et l&rsquo;Italien se retrouverait dos au mur, presque contraint de partir (pas gratuitement). M\u00eame s&rsquo;il pourrait aussi vouloir rester une derni\u00e8re saison en acceptant la concurrence.<\/p>\n<p class=\"ap-StoryElement ap-StoryElement--mb ap-StoryText\">Arnaud Bodart suit donc forc\u00e9ment avec attention cette situation. Il est \u00e9vident que le Losc r\u00e9agirait imm\u00e9diatement en recrutant un autre gardien, mais le Belge pourrait profiter de sa bonne pr\u00e9paration pour entamer la saison dans les cages lilloises. Le temps que le nouveau num\u00e9ro un transf\u00e9r\u00e9 s&rsquo;int\u00e8gre \u00e0 l&rsquo;\u00e9quipe.<\/p>\n<p class=\"ap-StoryElement ap-StoryElement--mb ap-StoryText\">Lors de sa signature, le pr\u00e9sident Olivier L\u00e9tang avait d\u00e9j\u00e0 laiss\u00e9 entrevoir la possibilit\u00e9 que Bodart puisse sortir de son r\u00f4le de doublure. \u00ab\u00a0Tout peut se passer. En cas de blessure, ce qu&rsquo;on n&rsquo;esp\u00e8re pas, ou de suspension, on doit avoir un num\u00e9ro deux pr\u00eat \u00e0 prendre la rel\u00e8ve pour 10-15 matchs.\u00a0\u00bb<\/p>\n<p><a href=\"https:\/\/www.dhnet.be\/sports\/football\/division-1a\/standard\/2025\/07\/24\/nathan-ngoy-fait-ses-adieux-au-standard-je-quitte-le-vestiaire-mais-pas-le-club-je-deviens-maintenant-un-supporter-2QI4EXNYR5C4HLUD6U6MT6423A\/\" target=\"_blank\" rel=\"noopener noreferrer nofollow\" class=\"ap-StoryInterstitialLink ap-StoryElement ap-StoryElement--mb\">Nathan Ngoy fait ses adieux au Standard: \u00ab\u00a0Je quitte le vestiaire, mais pas le club. Je deviens maintenant un supporter\u00a0\u00bb<\/a><\/p>\n<p class=\"ap-StoryElement ap-StoryElement--mb ap-StoryText\">Outre Bodart, Nathan Ngoy devra lui aussi profiter des derniers matchs de pr\u00e9paration pour se faire une bonne place dans la hi\u00e9rarchie des d\u00e9fenseurs des Dogues. L&rsquo;ancien Rouche,<a href=\"https:\/\/www.dhnet.be\/dernieres-depeches\/2025\/07\/24\/les-belges-a-letranger-nathan-ngoy-quitte-le-standard-pour-lille-FQHVARWNFJHO7A5HZNRONKRENI\/\" target=\"_self\" rel=\"nofollow noopener\"> arriv\u00e9 jeudi dernier au Losc<\/a>, participera \u00e0 son premier match samedi face au BVB et pourrait m\u00eame \u00eatre align\u00e9 aux c\u00f4t\u00e9s de Thomas Meunier et Vincent Burlet, deux autres des six Belges de l&rsquo;\u00e9quipe (avec Fernandez-Pardo et Mukau).<\/p>\n","protected":false},"excerpt":{"rendered":"Soit trois nouvelles opportunit\u00e9s pour lui de gagner des points avant la reprise de la Ligue 1, le&hellip;\n","protected":false},"author":2,"featured_media":221345,"comment_status":"","ping_status":"","sticky":false,"template":"","format":"standard","meta":{"footnotes":""},"categories":[2815],"tags":[1111,11,1777,674,1011,27,10528,811,1307,12,25,4676],"class_list":{"0":"post-290503","1":"post","2":"type-post","3":"status-publish","4":"format-standard","5":"has-post-thumbnail","7":"category-lille","8":"tag-actu","9":"tag-actualites","10":"tag-eu","11":"tag-europe","12":"tag-fr","13":"tag-france","14":"tag-gianluigi-donnarumma","15":"tag-hauts-de-france","16":"tag-lille","17":"tag-news","18":"tag-republique-francaise","19":"tag-thomas-meunier"},"share_on_mastodon":{"url":"https:\/\/pubeurope.com\/@fr\/114957173660843728","error":""},"_links":{"self":[{"href":"https:\/\/www.europesays.com\/fr\/wp-json\/wp\/v2\/posts\/290503","targetHints":{"allow":["GET"]}}],"collection":[{"href":"https:\/\/www.europesays.com\/fr\/wp-json\/wp\/v2\/posts"}],"about":[{"href":"https:\/\/www.europesays.com\/fr\/wp-json\/wp\/v2\/types\/post"}],"author":[{"embeddable":true,"href":"https:\/\/www.europesays.com\/fr\/wp-json\/wp\/v2\/users\/2"}],"replies":[{"embeddable":true,"href":"https:\/\/www.europesays.com\/fr\/wp-json\/wp\/v2\/comments?post=290503"}],"version-history":[{"count":0,"href":"https:\/\/www.europesays.com\/fr\/wp-json\/wp\/v2\/posts\/290503\/revisions"}],"wp:featuredmedia":[{"embeddable":true,"href":"https:\/\/www.europesays.com\/fr\/wp-json\/wp\/v2\/media\/221345"}],"wp:attachment":[{"href":"https:\/\/www.europesays.com\/fr\/wp-json\/wp\/v2\/media?parent=290503"}],"wp:term":[{"taxonomy":"category","embeddable":true,"href":"https:\/\/www.europesays.com\/fr\/wp-json\/wp\/v2\/categories?post=290503"},{"taxonomy":"post_tag","embeddable":true,"href":"https:\/\/www.europesays.com\/fr\/wp-json\/wp\/v2\/tags?post=290503"}],"curies":[{"name":"wp","href":"https:\/\/api.w.org\/{rel}","templated":true}]}}