{"id":290510,"date":"2025-08-02T04:03:16","date_gmt":"2025-08-02T04:03:16","guid":{"rendered":"https:\/\/www.europesays.com\/fr\/290510\/"},"modified":"2025-08-02T04:03:16","modified_gmt":"2025-08-02T04:03:16","slug":"cet-ete-moins-de-touristes-a-lyon-mais-beaucoup-dans-le-beaujolais","status":"publish","type":"post","link":"https:\/\/www.europesays.com\/fr\/290510\/","title":{"rendered":"cet \u00e9t\u00e9, moins de touristes \u00e0 Lyon mais beaucoup dans le Beaujolais"},"content":{"rendered":"<p>\u00ab\u00a0Il y a moins de touristes, moins de clients, moins d\u2019argent. Les rues du Vieux Lyon sont vides en plein mois de juillet, il devrait y avoir des touristes partout\u00a0\u00bb\u00a0: Sacha g\u00e8re le Panier du Chef, un restaurant dans le Vieux Lyon. Comme d\u2019autres restaurateurs du quartier, il s\u2019inqui\u00e8te de ne pas voir plus de touristes. Plus loin dans la rue, Sifdine, responsable du restaurant Le Vieux Lyon, confirme : \u00ab\u00a0Notre chiffre d\u2019affaires est en baisse. Le mois de juin n\u2019\u00e9tait pas l\u00e0, d\u00e9but juillet pareil. \u00bb<\/p>\n<p>\u00ab\u00a0Il fait beau, il fait chaud, les gens partent en vacances ailleurs\u00a0\u00bb<\/p>\n<p>Si elle n\u2019a pas encore de chiffres \u00e0 communiquer pour le mois de juillet, l\u2019office de tourisme OnlyLyon partage le constat des restaurateurs pour juin. Le nombre de nuit\u00e9es dans les h\u00f4tels a recul\u00e9 de 4.9\u00a0% par rapport \u00e0 2024. De m\u00eame, l\u2019accueil de l\u2019OT place Bellecour enregistre une baisse de 6.3\u00a0% de sa fr\u00e9quentation sur&#8230;<\/p>\n","protected":false},"excerpt":{"rendered":"\u00ab\u00a0Il y a moins de touristes, moins de clients, moins d\u2019argent. Les rues du Vieux Lyon sont vides&hellip;\n","protected":false},"author":2,"featured_media":290511,"comment_status":"","ping_status":"","sticky":false,"template":"","format":"standard","meta":{"footnotes":""},"categories":[1889],"tags":[1111,11,2430,33,2757,1777,674,107,1011,27,2428,7789,2801,12,25,2429,602],"class_list":{"0":"post-290510","1":"post","2":"type-post","3":"status-publish","4":"format-standard","5":"has-post-thumbnail","7":"category-lyon","8":"tag-actu","9":"tag-actualites","10":"tag-auvergne-rhone-alpes","11":"tag-economie","12":"tag-edition-lyon-villeurbanne","13":"tag-eu","14":"tag-europe","15":"tag-fil-info","16":"tag-fr","17":"tag-france","18":"tag-lyon","19":"tag-lyon-1er","20":"tag-lyon-1er-arrondissement","21":"tag-news","22":"tag-republique-francaise","23":"tag-rhone","24":"tag-tourisme"},"share_on_mastodon":{"url":"https:\/\/pubeurope.com\/@fr\/114957189321153055","error":""},"_links":{"self":[{"href":"https:\/\/www.europesays.com\/fr\/wp-json\/wp\/v2\/posts\/290510","targetHints":{"allow":["GET"]}}],"collection":[{"href":"https:\/\/www.europesays.com\/fr\/wp-json\/wp\/v2\/posts"}],"about":[{"href":"https:\/\/www.europesays.com\/fr\/wp-json\/wp\/v2\/types\/post"}],"author":[{"embeddable":true,"href":"https:\/\/www.europesays.com\/fr\/wp-json\/wp\/v2\/users\/2"}],"replies":[{"embeddable":true,"href":"https:\/\/www.europesays.com\/fr\/wp-json\/wp\/v2\/comments?post=290510"}],"version-history":[{"count":0,"href":"https:\/\/www.europesays.com\/fr\/wp-json\/wp\/v2\/posts\/290510\/revisions"}],"wp:featuredmedia":[{"embeddable":true,"href":"https:\/\/www.europesays.com\/fr\/wp-json\/wp\/v2\/media\/290511"}],"wp:attachment":[{"href":"https:\/\/www.europesays.com\/fr\/wp-json\/wp\/v2\/media?parent=290510"}],"wp:term":[{"taxonomy":"category","embeddable":true,"href":"https:\/\/www.europesays.com\/fr\/wp-json\/wp\/v2\/categories?post=290510"},{"taxonomy":"post_tag","embeddable":true,"href":"https:\/\/www.europesays.com\/fr\/wp-json\/wp\/v2\/tags?post=290510"}],"curies":[{"name":"wp","href":"https:\/\/api.w.org\/{rel}","templated":true}]}}