{"id":290516,"date":"2025-08-02T04:07:22","date_gmt":"2025-08-02T04:07:22","guid":{"rendered":"https:\/\/www.europesays.com\/fr\/290516\/"},"modified":"2025-08-02T04:07:22","modified_gmt":"2025-08-02T04:07:22","slug":"phantom-paris-devoile-14-dates-de-sa-saison-2025-2026","status":"publish","type":"post","link":"https:\/\/www.europesays.com\/fr\/290516\/","title":{"rendered":"Phantom Paris d\u00e9voile 14 dates de sa saison 2025\/2026"},"content":{"rendered":"<p>Le club Phantom entame sa nouvelle saison avec une programmation qui combine parfaitement \u00ab\u00a0valeurs s\u00fbres\u00a0\u00bb et nouveaut\u00e9s. Nich\u00e9 dans les entrailles de l\u2019Accor Arena, Phantom propose un format hybride entre club et salle de concert. Les organisateurs d\u00e9voilent aujourd\u2019hui les 14 premi\u00e8res dates de sa saison 2025\/2026. Dans le m\u00eame temps, ils lancent un pack en \u00e9dition limit\u00e9e, un syst\u00e8me de billetterie prioritaire pour ses membres, et une promesse : faire de Phantom notre terrain de jeu \u00e9lectronique de la rentr\u00e9e.<\/p>\n<p>14 dates r\u00e9v\u00e9l\u00e9es pour lancer la saison<\/p>\n<p>La programmation se d\u00e9ploie sur une large p\u00e9riode, de septembre \u00e0 mai, avec un \u00e9quilibre int\u00e9ressant entre t\u00eates d\u2019affiche internationales, labels invit\u00e9s et formats sp\u00e9ciaux :<\/p>\n<ul class=\"wp-block-list\">\n<li>05.09 \u2013 James Hype<\/li>\n<li>10.10 \u2013 [Nom encore tenu secret, reveal le 04.08]<\/li>\n<li>17.10 &amp; 18.10 \u2013 Charlotte de Witte (double date !)<\/li>\n<li>31.10 \u2013 Vladimir Cauchemar pr\u00e9sente CHROME<\/li>\n<li>01.11 \u2013 Verknipt<\/li>\n<li>21.11 \u2013 Mind Against pr\u00e9sente Habitat<\/li>\n<li>29.11 \u2013 Rivo<\/li>\n<li>06.12 \u2013 Rezz<\/li>\n<li>12.12 \u2013 Trym<\/li>\n<li>16.01 \u2013 Reckless<\/li>\n<li>13.02 \u2013 Meduza (le trio)<\/li>\n<li>14.02 \u2013 KI:KI<\/li>\n<li>02.05 \u2013 Worakls Orchestra Aftershow<\/li>\n<\/ul>\n<p>En plus d\u2019un retour remarqu\u00e9 de Charlotte de Witte sur deux soirs cons\u00e9cutifs, on note une mont\u00e9e en puissance de formats in\u00e9dits (Mind Against, Cauchemar) et une ouverture \u00e0 des esth\u00e9tiques vari\u00e9es, de la techno brute de Trym \u00e0 la basse puissante de Rezz en passant par l\u2019Afro House du jeune prodige Rivo. Le tout dans une salle au format singulier : ni warehouse, ni club traditionnel, mais un espace de 3 400 personnes sc\u00e9nographi\u00e9 fa\u00e7on miroir glitch\u00e9.<\/p>\n<p>Pack limit\u00e9, membres prioritaires et billetterie g\u00e9n\u00e9rale<\/p>\n<p>D\u00e8s aujourd\u2019hui Phantom propose un pack exclusif \u00e0 39 euros, valable jusqu\u2019au dimanche 4 ao\u00fbt \u00e0 midi. Il comprend un tee-shirt long sleeve exclusif et un ticket \u00ab all night long \u00bb valable pour l\u2019une des 14 dates r\u00e9v\u00e9l\u00e9es (hors soir\u00e9es sold out). Ce pack, en quantit\u00e9 limit\u00e9e, permet aussi d\u2019\u00e9viter la cohue de la billetterie publique, qui ouvre officiellement le 4 ao\u00fbt \u00e0 12h.<\/p>\n<p>Les Phantom Members b\u00e9n\u00e9ficieront par ailleurs d\u2019un acc\u00e8s prioritaire \u00e0 certains tickets, mais l\u00e0 aussi, les quantit\u00e9s sont restreintes. Avec cette annonce, Phantom confirme son intention de s\u2019imposer comme un acteur \u00e0 part dans l\u2019\u00e9cosyst\u00e8me parisien : un club \u00e0 la fois monumental et pr\u00e9cis, \u00e0 la crois\u00e9e du spectacle et de la nuit.<\/p>\n","protected":false},"excerpt":{"rendered":"Le club Phantom entame sa nouvelle saison avec une programmation qui combine parfaitement \u00ab\u00a0valeurs s\u00fbres\u00a0\u00bb et nouveaut\u00e9s. Nich\u00e9&hellip;\n","protected":false},"author":2,"featured_media":290517,"comment_status":"","ping_status":"","sticky":false,"template":"","format":"standard","meta":{"footnotes":""},"categories":[1888],"tags":[1111,1928,11,1927,42959,1777,674,1011,27,42960,42961,12,1926,626,1925,25,42962,42963,18590,42964],"class_list":{"0":"post-290516","1":"post","2":"type-post","3":"status-publish","4":"format-standard","5":"has-post-thumbnail","7":"category-paris","8":"tag-actu","9":"tag-actu-paris","10":"tag-actualites","11":"tag-actualites-paris","12":"tag-charlotte-de-witte","13":"tag-eu","14":"tag-europe","15":"tag-fr","16":"tag-france","17":"tag-james-hype","18":"tag-meduza","19":"tag-news","20":"tag-news-paris","21":"tag-paris","22":"tag-paris-news","23":"tag-republique-francaise","24":"tag-rezz","25":"tag-rivo","26":"tag-trym","27":"tag-vladimir-cauchemar"},"share_on_mastodon":{"url":"https:\/\/pubeurope.com\/@fr\/114957205162996134","error":""},"_links":{"self":[{"href":"https:\/\/www.europesays.com\/fr\/wp-json\/wp\/v2\/posts\/290516","targetHints":{"allow":["GET"]}}],"collection":[{"href":"https:\/\/www.europesays.com\/fr\/wp-json\/wp\/v2\/posts"}],"about":[{"href":"https:\/\/www.europesays.com\/fr\/wp-json\/wp\/v2\/types\/post"}],"author":[{"embeddable":true,"href":"https:\/\/www.europesays.com\/fr\/wp-json\/wp\/v2\/users\/2"}],"replies":[{"embeddable":true,"href":"https:\/\/www.europesays.com\/fr\/wp-json\/wp\/v2\/comments?post=290516"}],"version-history":[{"count":0,"href":"https:\/\/www.europesays.com\/fr\/wp-json\/wp\/v2\/posts\/290516\/revisions"}],"wp:featuredmedia":[{"embeddable":true,"href":"https:\/\/www.europesays.com\/fr\/wp-json\/wp\/v2\/media\/290517"}],"wp:attachment":[{"href":"https:\/\/www.europesays.com\/fr\/wp-json\/wp\/v2\/media?parent=290516"}],"wp:term":[{"taxonomy":"category","embeddable":true,"href":"https:\/\/www.europesays.com\/fr\/wp-json\/wp\/v2\/categories?post=290516"},{"taxonomy":"post_tag","embeddable":true,"href":"https:\/\/www.europesays.com\/fr\/wp-json\/wp\/v2\/tags?post=290516"}],"curies":[{"name":"wp","href":"https:\/\/api.w.org\/{rel}","templated":true}]}}