{"id":290518,"date":"2025-08-02T04:08:13","date_gmt":"2025-08-02T04:08:13","guid":{"rendered":"https:\/\/www.europesays.com\/fr\/290518\/"},"modified":"2025-08-02T04:08:13","modified_gmt":"2025-08-02T04:08:13","slug":"la-plage-de-mercredi-lancee-par-tim-burton-et-jenna-ortega-la-serie-de-netflix-sinstalle-sur-les-quais","status":"publish","type":"post","link":"https:\/\/www.europesays.com\/fr\/290518\/","title":{"rendered":"\u00ab\u00a0La Plage de Mercredi\u00a0\u00bb lanc\u00e9e par Tim Burton et Jenna Ortega\u00a0: la s\u00e9rie de Netflix s\u2019installe sur les quais"},"content":{"rendered":"<p class=\"paragraph text_align_left lp-f-body-02\">Paris est toute grise ce jeudi soir. Au-dessus des quais, un ciel mena\u00e7ant surplombe le dr\u00f4le de spectacle qui s\u2019\u00e9tend sur la promenade Edouard-Glissant (<a href=\"https:\/\/www.leparisien.fr\/paris-75\/paris-75007\/\" target=\"_blank\" rel=\"noreferrer nofollow noopener\">Paris VIIe<\/a>). Des hommes et des femmes v\u00eatus de noir font la queue devant ce qui ressemble \u00e0 un d\u00e9cor de film. Mitaines, mantilles, dentelles et maquillages inqui\u00e9tants griment silhouettes et visages. Aurait-on d\u00e9barqu\u00e9 par erreur \u00e0 des fun\u00e9railles ? Pas du tout : il s\u2019agit de l\u2019ouverture d\u2019un lieu \u00e9ph\u00e9m\u00e8re pour c\u00e9l\u00e9brer la sortie de la deuxi\u00e8me saison de <a href=\"https:\/\/www.leparisien.fr\/culture-loisirs\/series\/mercredi-sur-netflix-tim-burton-ressuscite-la-famille-addams-19-11-2022-NNNIWNSUVVHBTCRMHXWA3JUZFI.php\" target=\"_blank\" rel=\"noreferrer nofollow noopener\">la s\u00e9rie \u00ab Mercredi \u00bb<\/a>.<\/p>\n<p class=\"paragraph text_align_left lp-f-body-02\">Mise en sc\u00e8ne par Netflix France et la Ville de Paris, \u00ab La Plage de Mercredi \u00bb a \u00e9t\u00e9 agenc\u00e9e au c\u0153ur de la ville pour reconstituer l\u2019atmosph\u00e8re de la fameuse s\u00e9rie t\u00e9n\u00e9breuse. Les premiers \u00e9pisodes r\u00e9alis\u00e9s par Tim Burton racontent l\u2019histoire de Mercredi Addams, une enfant \u00e0 la peau p\u00e2le et aux tresses sombres qui affiche constamment un caract\u00e8re maussade et sarcastique.<\/p>\n","protected":false},"excerpt":{"rendered":"Paris est toute grise ce jeudi soir. Au-dessus des quais, un ciel mena\u00e7ant surplombe le dr\u00f4le de spectacle&hellip;\n","protected":false},"author":2,"featured_media":290519,"comment_status":"","ping_status":"","sticky":false,"template":"","format":"standard","meta":{"footnotes":""},"categories":[1888],"tags":[11,872,1777,674,1011,27,12,626,25,1314],"class_list":{"0":"post-290518","1":"post","2":"type-post","3":"status-publish","4":"format-standard","5":"has-post-thumbnail","7":"category-paris","8":"tag-actualites","9":"tag-culture-et-loisirs","10":"tag-eu","11":"tag-europe","12":"tag-fr","13":"tag-france","14":"tag-news","15":"tag-paris","16":"tag-republique-francaise","17":"tag-series"},"share_on_mastodon":{"url":"https:\/\/pubeurope.com\/@fr\/114957209031315033","error":""},"_links":{"self":[{"href":"https:\/\/www.europesays.com\/fr\/wp-json\/wp\/v2\/posts\/290518","targetHints":{"allow":["GET"]}}],"collection":[{"href":"https:\/\/www.europesays.com\/fr\/wp-json\/wp\/v2\/posts"}],"about":[{"href":"https:\/\/www.europesays.com\/fr\/wp-json\/wp\/v2\/types\/post"}],"author":[{"embeddable":true,"href":"https:\/\/www.europesays.com\/fr\/wp-json\/wp\/v2\/users\/2"}],"replies":[{"embeddable":true,"href":"https:\/\/www.europesays.com\/fr\/wp-json\/wp\/v2\/comments?post=290518"}],"version-history":[{"count":0,"href":"https:\/\/www.europesays.com\/fr\/wp-json\/wp\/v2\/posts\/290518\/revisions"}],"wp:featuredmedia":[{"embeddable":true,"href":"https:\/\/www.europesays.com\/fr\/wp-json\/wp\/v2\/media\/290519"}],"wp:attachment":[{"href":"https:\/\/www.europesays.com\/fr\/wp-json\/wp\/v2\/media?parent=290518"}],"wp:term":[{"taxonomy":"category","embeddable":true,"href":"https:\/\/www.europesays.com\/fr\/wp-json\/wp\/v2\/categories?post=290518"},{"taxonomy":"post_tag","embeddable":true,"href":"https:\/\/www.europesays.com\/fr\/wp-json\/wp\/v2\/tags?post=290518"}],"curies":[{"name":"wp","href":"https:\/\/api.w.org\/{rel}","templated":true}]}}