{"id":290522,"date":"2025-08-02T04:10:13","date_gmt":"2025-08-02T04:10:13","guid":{"rendered":"https:\/\/www.europesays.com\/fr\/290522\/"},"modified":"2025-08-02T04:10:13","modified_gmt":"2025-08-02T04:10:13","slug":"laustralie-fait-face-a-un-espionnage-russe-de-plus-en-plus-actif","status":"publish","type":"post","link":"https:\/\/www.europesays.com\/fr\/290522\/","title":{"rendered":"L&rsquo;Australie fait face \u00e0 un espionnage russe de plus en plus actif"},"content":{"rendered":"<p>\u00ab\u00a0La Russie repr\u00e9sente une menace d&rsquo;espionnage offensive\u00a0\u00bb, a d\u00e9clar\u00e9 le chef du renseignement australien jeudi dernier. Plusieurs agents li\u00e9s \u00e0 Moscou ont \u00e9t\u00e9 expuls\u00e9s.<\/p>\n<p>L&rsquo;Australie et son programme de sous-marins nucl\u00e9aires suscitent l&rsquo;int\u00e9r\u00eat des services de renseignements \u00e9trangers, comme l&rsquo;a r\u00e9v\u00e9l\u00e9 le chef des services de renseignement int\u00e9rieur jeudi 30 juillet.<\/p>\n<p>Il a notamment soulign\u00e9 une \u00ab\u00a0menace d&rsquo;espionnage offensive\u00a0\u00bb de la part de la Russie, affirmant que plusieurs agents li\u00e9s \u00e0 Moscou avaient \u00e9t\u00e9 arr\u00eat\u00e9s et expuls\u00e9s ces derni\u00e8res ann\u00e9es.<\/p>\n<p>\u00ab\u00a0La Russie repr\u00e9sente une menace d&rsquo;espionnage persistante et offensive\u00a0\u00bb, a d\u00e9clar\u00e9 Mike Burgess, le directeur de l&rsquo;Australian Security Intelligence Organisation (ASIO). 24 op\u00e9rations d&rsquo;espionnage majeures ont \u00e9t\u00e9 d\u00e9jou\u00e9es depuis 2022, soit plus que pendant les huit ann\u00e9es pr\u00e9c\u00e9dentes combin\u00e9es.<\/p>\n<p>Sans donner plus de d\u00e9tails, le chef du renseignement australien a aussi indiqu\u00e9 qu&rsquo;un certain nombre d&rsquo;espions russes avaient \u00e9t\u00e9 expuls\u00e9s d&rsquo;Australie ces derni\u00e8res ann\u00e9es. L&rsquo;ann\u00e9e derni\u00e8re, la police australienne a inculp\u00e9 un couple mari\u00e9 d&rsquo;origine russe pour espionnage au profit du Kremlin. Le couple, accus\u00e9 d&rsquo;avoir tent\u00e9 de voler des secrets militaires, vivait en Australie depuis plus de 10 ans. Mike Burgess a \u00e9galement mentionn\u00e9 la Chine et l&rsquo;Iran, comme des pays qui tenteraient activement de voler des informations classifi\u00e9es.<\/p>\n<p>Il a relev\u00e9 que les services \u00e9trangers <a href=\"https:\/\/la1ere.franceinfo.fr\/nouvellecaledonie\/pekin-accuse-l-alliance-de-defense-australie-royaume-uni-etats-unis-de-proliferation-nucleaire-dans-le-pacifique-1482128.html\" target=\"_blank\" rel=\"noopener nofollow\">s&rsquo;int\u00e9ressaient particuli\u00e8rement \u00e0 l&rsquo;alliance AUKUS<\/a> qui pr\u00e9voit le d\u00e9ploiement par l&rsquo;Australie de sous-marins nucl\u00e9aires furtifs avec les Etats-Unis et le Royaume-Uni.<\/p>\n","protected":false},"excerpt":{"rendered":"\u00ab\u00a0La Russie repr\u00e9sente une menace d&rsquo;espionnage offensive\u00a0\u00bb, a d\u00e9clar\u00e9 le chef du renseignement australien jeudi dernier. Plusieurs agents&hellip;\n","protected":false},"author":2,"featured_media":290523,"comment_status":"","ping_status":"","sticky":false,"template":"","format":"standard","meta":{"footnotes":""},"categories":[1591],"tags":[11,1887,12,1885,1886,132],"class_list":{"0":"post-290522","1":"post","2":"type-post","3":"status-publish","4":"format-standard","5":"has-post-thumbnail","7":"category-russie","8":"tag-actualites","9":"tag-federation-de-russie","10":"tag-news","11":"tag-russia","12":"tag-russian-federation","13":"tag-russie"},"share_on_mastodon":{"url":"https:\/\/pubeurope.com\/@fr\/114957216968222764","error":""},"_links":{"self":[{"href":"https:\/\/www.europesays.com\/fr\/wp-json\/wp\/v2\/posts\/290522","targetHints":{"allow":["GET"]}}],"collection":[{"href":"https:\/\/www.europesays.com\/fr\/wp-json\/wp\/v2\/posts"}],"about":[{"href":"https:\/\/www.europesays.com\/fr\/wp-json\/wp\/v2\/types\/post"}],"author":[{"embeddable":true,"href":"https:\/\/www.europesays.com\/fr\/wp-json\/wp\/v2\/users\/2"}],"replies":[{"embeddable":true,"href":"https:\/\/www.europesays.com\/fr\/wp-json\/wp\/v2\/comments?post=290522"}],"version-history":[{"count":0,"href":"https:\/\/www.europesays.com\/fr\/wp-json\/wp\/v2\/posts\/290522\/revisions"}],"wp:featuredmedia":[{"embeddable":true,"href":"https:\/\/www.europesays.com\/fr\/wp-json\/wp\/v2\/media\/290523"}],"wp:attachment":[{"href":"https:\/\/www.europesays.com\/fr\/wp-json\/wp\/v2\/media?parent=290522"}],"wp:term":[{"taxonomy":"category","embeddable":true,"href":"https:\/\/www.europesays.com\/fr\/wp-json\/wp\/v2\/categories?post=290522"},{"taxonomy":"post_tag","embeddable":true,"href":"https:\/\/www.europesays.com\/fr\/wp-json\/wp\/v2\/tags?post=290522"}],"curies":[{"name":"wp","href":"https:\/\/api.w.org\/{rel}","templated":true}]}}