{"id":290529,"date":"2025-08-02T04:14:19","date_gmt":"2025-08-02T04:14:19","guid":{"rendered":"https:\/\/www.europesays.com\/fr\/290529\/"},"modified":"2025-08-02T04:14:19","modified_gmt":"2025-08-02T04:14:19","slug":"le-delicat-exercice-diplomatique-de-lallemagne-vis-a-vis-disrael","status":"publish","type":"post","link":"https:\/\/www.europesays.com\/fr\/290529\/","title":{"rendered":"le d\u00e9licat exercice diplomatique de l&rsquo;Allemagne vis-\u00e0-vis d&rsquo;Isra\u00ebl"},"content":{"rendered":"<p>Le ministre des Affaires \u00e9trang\u00e8res Johann Wadephul se rend vendredi en Cisjordanie occup\u00e9e, o\u00f9 il est attendu pour un entretien avec le pr\u00e9sident palestinien Mahmoud Abbas \u00e0 Ramallah.<\/p>\n<p>La rencontre devrait notamment porter sur les attaques de colons isra\u00e9liens contre les Palestiniens ainsi que sur les projets d&rsquo;annexion du territoire en cours de discussion en Isra\u00ebl.<\/p>\n<p>La Knesset a en effet r\u00e9cemment exprim\u00e9 son soutien \u00e0 une \u00e9ventuelle annexion, suscitant de vives critiques au niveau international, y compris de la part du gouvernement allemand.<\/p>\n<p>\u00ab\u00a0Isra\u00ebl court le risque d&rsquo;\u00eatre isol\u00e9 sur la sc\u00e8ne internationale. Je consid\u00e8re qu&rsquo;il est du devoir de l&rsquo;Allemagne de tout faire pour \u00e9viter cela\u00a0\u00bb, a d\u00e9clar\u00e9 Johann Wadephul \u00e0 son arriv\u00e9e jeudi \u00e0 J\u00e9rusalem, soulignant une \u00ab\u00a0obligation historique sans fin\u00a0\u00bb pour la s\u00e9curit\u00e9 d&rsquo;Isra\u00ebl.<\/p>\n<p><img decoding=\"async\" class=\"caas-img caas-lazy has-preview\" alt=\"Johann Wadephul s'exprime lors d'une visite du site de l'\u00e9glise Saint-Georges, th\u00e9\u00e2tre d'une r\u00e9cente attaque perp\u00e9tr\u00e9e par des colons isra\u00e9liens, \u00e0 Taybeh, le 1er ao\u00fbt 2025\" src=\"https:\/\/www.europesays.com\/fr\/wp-content\/uploads\/2025\/08\/6a6f3856d22d9633a751f1b6e68cd0b0.jpeg\"\/><\/p>\n<p> Johann Wadephul s&rsquo;exprime lors d&rsquo;une visite du site de l&rsquo;\u00e9glise Saint-Georges, th\u00e9\u00e2tre d&rsquo;une r\u00e9cente attaque perp\u00e9tr\u00e9e par des colons isra\u00e9liens, \u00e0 Taybeh, le 1er ao\u00fbt 2025   &#8211; AP Photo\/Nasser Nasser <\/p>\n<p>Le ministre allemand des Affaires \u00e9trang\u00e8res s&rsquo;est toutefois montr\u00e9 ferme face aux op\u00e9rations isra\u00e9liennes \u00e0 Gaza et aux <a href=\"https:\/\/fr.news.yahoo.com\/trois-palestiniens-tu%C3%A9s-cisjordanie-occup%C3%A9e-200512893.html\" data-ylk=\"slk:violences commises par les colons;elm:context_link;itc:0;sec:content-canvas;outcm:mb_qualified_link;_E:mb_qualified_link;ct:story;\" class=\"link  yahoo-link\" target=\"_blank\" rel=\"noopener\"><strong>violences commises par les colons<\/strong><\/a> en Cisjordanie occup\u00e9e.<\/p>\n<p>\u00ab\u00a0Ici et aujourd&rsquo;hui, ma mission \u00e9tait de dire \u00e0 la partie isra\u00e9lienne qu&rsquo;elle doit agir maintenant et non pas plus tard\u00a0\u00bb, a-t-il d\u00e9clar\u00e9. \u00ab\u00a0Nous avons besoin de clart\u00e9 &#8211; \u00e9galement de la part d&rsquo;Isra\u00ebl &#8211; sur le fait qu&rsquo;aucune politique d&rsquo;expulsion ou d&rsquo;annexion active ne sera men\u00e9e\u00a0\u00bb.<\/p>\n<p>\u00ab\u00a0Il est n\u00e9cessaire que les otages restants soient lib\u00e9r\u00e9s de l&#8217;emprise du Hamas islamiste. \u00ab\u00a0Pour cela, il faut un cessez-le-feu. Il est temps de mettre fin \u00e0 cette guerre\u00a0\u00bb, a ajout\u00e9 Johann Wadephul, indiquant que cet appel s&rsquo;adressait \u00ab\u00a0en tout premier lieu \u00e0 l&rsquo;organisation terroriste du Hamas\u00a0\u00bb.<\/p>\n<p>Aide allemande pour la bande de Gaza<\/p>\n<p>Face \u00e0 la <a href=\"https:\/\/fr.news.yahoo.com\/organisme-soutenu-lonu-d%C3%A9nonce-sc%C3%A9nario-172202539.html\" data-ylk=\"slk:situation d&#039;urgence humanitaire aigu\u00eb;elm:context_link;itc:0;sec:content-canvas;outcm:mb_qualified_link;_E:mb_qualified_link;ct:story;\" class=\"link  yahoo-link\" target=\"_blank\" rel=\"noopener\"><strong>situation d&rsquo;urgence humanitaire aigu\u00eb<\/strong><\/a> dans la bande de Gaza, Johann Wadephul a promis une aide suppl\u00e9mentaire de la part du gouvernement allemand.<\/p>\n<p>Lors d&rsquo;une visite d&rsquo;une institution de l&rsquo;ONU \u00e0 J\u00e9rusalem, le politicien de la CDU a annonc\u00e9 que l&rsquo;Allemagne allait mettre \u00e0 disposition du Programme alimentaire mondial des Nations unies (PAM) cinq millions d&rsquo;euros suppl\u00e9mentaires. Ces fonds devraient permettre au PAM de fournir des denr\u00e9es alimentaires et de remettre en service des boulangeries et des cuisines populaires afin de distribuer du pain et des repas chauds.<\/p>\n<p>Le ministre estime que les cessez-le-feu quotidiens instaur\u00e9s par Isra\u00ebl dans certaines parties de la bande de Gaza doivent \u00eatre mis \u00e0 profit pour distribuer de l&rsquo;aide par le biais des Nations unies.<\/p>\n<p><b class=\"c-widget-related__title__text\">Related<\/b><\/p>\n<p>En outre, le gouvernement allemand soutient la construction d&rsquo;un h\u00f4pital de campagne dans la ville de Gaza, qui assurerait des soins m\u00e9dicaux de base urgents.<\/p>\n<p>Le secr\u00e9taire g\u00e9n\u00e9ral de la CSU, Martin Huber, a en revanche cat\u00e9goriquement exclu des sanctions de Berlin contre Isra\u00ebl.<\/p>\n<p>Dans un entretien avec le Redaktionsnetzwerk Deutschland, il reconna\u00eet des critiques \u00ab\u00a0l\u00e9gitime\u00a0\u00bb \u00e0 l&rsquo;encontre du gourvernement isra\u00e9lien, mais estime que \u00ab\u00a0des sanctions entre amis n&rsquo;entrent pas en ligne de compte\u00a0\u00bb.<\/p>\n<p>Martin Huber s&rsquo;oppose \u00e9galement \u00e0 des mesures telles que des interdictions d&rsquo;entr\u00e9e sur le territoire, comme <a href=\"https:\/\/fr.news.yahoo.com\/gaza-deux-ministres-isra%C3%A9liens-bient%C3%B4t-104502488.html\" data-ylk=\"slk:celles impos\u00e9es par les Pays-Bas;elm:context_link;itc:0;sec:content-canvas;outcm:mb_qualified_link;_E:mb_qualified_link;ct:story;\" class=\"link  yahoo-link\" target=\"_blank\" rel=\"noopener\"><strong>celles impos\u00e9es par les Pays-Bas<\/strong><\/a> aux ministres isra\u00e9liens d&rsquo;extr\u00eame droite Bezalel Smotrich et Itamar Ben-Gvir.<\/p>\n<p>Pr\u00e8s de 40 tonnes d&rsquo;aide largu\u00e9es sur la bande de Gaza<\/p>\n<p>Alors que les Nations unies mettent en garde contre une famine \u00ab\u00a0catastrophique\u00a0\u00bb dans la bande de Gaza, la communaut\u00e9 internationale se mobilise de plus en plus pour apporter une aide humanitaire vitale au territoire.<\/p>\n<p>Le ministre fran\u00e7ais des Affaires \u00e9trang\u00e8res, Jean-No\u00ebl Barrot, a annonc\u00e9 le largage de 40 tonnes d&rsquo;aide sur la bande de Gaza vendredi,<\/p>\n<p>\u00ab\u00a0Nous devons inonder la bande de Gaza d&rsquo;eau, de nourriture et de m\u00e9dicaments\u00a0\u00bb, a d\u00e9clar\u00e9 le ministre <a href=\"https:\/\/x.com\/jnbarrot\" rel=\"nofollow noopener\" target=\"_blank\" data-ylk=\"slk:lors d&#039;un entretien sur la cha\u00eene France Info;elm:context_link;itc:0;sec:content-canvas\" class=\"link \"><strong>lors d&rsquo;un entretien sur la cha\u00eene France Info<\/strong><\/a>, affirmant qu&rsquo;il n&rsquo;y avait pas de temps \u00e0 perdre.<\/p>\n<p>Jean-No\u00ebl Barrot souligne cependant que cette aide d&rsquo;urgence ne suffira pas \u00e0 couvrir les besoins de la population gazaouie.<\/p>\n<p>Pendant ce temps, \u00e0 la fronti\u00e8re de la bande de Gaza, des tonnes d&rsquo;aide s&rsquo;accumulent et se d\u00e9t\u00e9riorent sous la chaleur. Selon Isra\u00ebl, l&rsquo;ONU ne parvient pas \u00e0 r\u00e9cup\u00e9rer les marchandises \u00e0 temps, tandis que les Nations unies affirmant qu&rsquo;Isra\u00ebl bloque la route.<\/p>\n<p>Vid\u00e9o \u00ab\u00a0bouleversante\u00a0\u00bb d&rsquo;un otage captur\u00e9 lors de l&rsquo;attaque du 7 octobre 2023<\/p>\n<p>Dans le m\u00eame temps, le Djihad islamique palestinien (PIJ) a publi\u00e9 une nouvelle vid\u00e9o d&rsquo;un otage isra\u00e9lo-allemand qui avait \u00e9t\u00e9 enlev\u00e9 le 7 octobre 2023 lors de l&rsquo;attaque du Hamas et de ses alli\u00e9s contre Isra\u00ebl.<\/p>\n<p>En tant qu&rsquo;agent de s\u00e9curit\u00e9 lors du festival de musique Supernova, Rom Braslavski, 21 ans, aurait selon des t\u00e9moins aid\u00e9 plusieurs personnes \u00e0 fuir les assaillants islamistes. La semaine derni\u00e8re, le groupe avait d\u00e9clar\u00e9 avoir perdu le contact avec les ravisseurs de l&rsquo;otage.<\/p>\n<p>La vid\u00e9o montre un jeune homme tr\u00e8s amaigri et en pleurs, visiblement sous pression, demandant au gouvernement isra\u00e9lien de l&rsquo;aider \u00e0 le lib\u00e9rer. L&rsquo;authenticit\u00e9 du mat\u00e9riel n&rsquo;a pas pu \u00eatre v\u00e9rifi\u00e9e de mani\u00e8re ind\u00e9pendante dans l&rsquo;imm\u00e9diat.<\/p>\n<p><b class=\"c-widget-related__title__text\">Related<\/b><\/p>\n<p>Sur les 50 otages qui se trouvent toujours dans la bande de Gaza, on estime que 20 sont encore en vie. Le Hamas et le Jihad islamique palestinien (PIJ) refusent toujours de lib\u00e9rer les otages restants.<\/p>\n<p>Johann Wadephul a d\u00e9clar\u00e9 lors de sa visite en Isra\u00ebl que \u00ab\u00a0la vid\u00e9o bouleversante dans laquelle l&rsquo;otage allemand Rom Braslavski est pr\u00e9sent\u00e9 met une nouvelle fois en \u00e9vidence la cruaut\u00e9 des ravisseurs\u00a0\u00bb.<\/p>\n<p>\u00ab\u00a0Mes pens\u00e9es vont \u00e0 toutes les familles dont les proches ont \u00e9t\u00e9 enlev\u00e9s par des terroristes \u00e0 Gaza\u00a0\u00bb, ajoute-t-il. \u00ab\u00a0L&rsquo;Allemagne continue d&rsquo;utiliser tous les moyens disponibles pour obtenir la lib\u00e9ration des otages\u00a0\u00bb.<\/p>\n","protected":false},"excerpt":{"rendered":"Le ministre des Affaires \u00e9trang\u00e8res Johann Wadephul se rend vendredi en Cisjordanie occup\u00e9e, o\u00f9 il est attendu pour&hellip;\n","protected":false},"author":2,"featured_media":290530,"comment_status":"","ping_status":"","sticky":false,"template":"","format":"standard","meta":{"footnotes":""},"categories":[1587],"tags":[11,672,4628,1804,1805,1803,1777,674,665,1801,42965,664,22584,12,1802],"class_list":{"0":"post-290529","1":"post","2":"type-post","3":"status-publish","4":"format-standard","5":"has-post-thumbnail","7":"category-allemagne","8":"tag-actualites","9":"tag-allemagne","10":"tag-bande-de-gaza","11":"tag-bundesrepublik-deutschland","12":"tag-de","13":"tag-deutschland","14":"tag-eu","15":"tag-europe","16":"tag-gaza","17":"tag-germany","18":"tag-gouvernement-allemand","19":"tag-israel","20":"tag-johann-wadephul","21":"tag-news","22":"tag-republique-federale-dallemagne"},"share_on_mastodon":{"url":"https:\/\/pubeurope.com\/@fr\/114957232807810593","error":""},"_links":{"self":[{"href":"https:\/\/www.europesays.com\/fr\/wp-json\/wp\/v2\/posts\/290529","targetHints":{"allow":["GET"]}}],"collection":[{"href":"https:\/\/www.europesays.com\/fr\/wp-json\/wp\/v2\/posts"}],"about":[{"href":"https:\/\/www.europesays.com\/fr\/wp-json\/wp\/v2\/types\/post"}],"author":[{"embeddable":true,"href":"https:\/\/www.europesays.com\/fr\/wp-json\/wp\/v2\/users\/2"}],"replies":[{"embeddable":true,"href":"https:\/\/www.europesays.com\/fr\/wp-json\/wp\/v2\/comments?post=290529"}],"version-history":[{"count":0,"href":"https:\/\/www.europesays.com\/fr\/wp-json\/wp\/v2\/posts\/290529\/revisions"}],"wp:featuredmedia":[{"embeddable":true,"href":"https:\/\/www.europesays.com\/fr\/wp-json\/wp\/v2\/media\/290530"}],"wp:attachment":[{"href":"https:\/\/www.europesays.com\/fr\/wp-json\/wp\/v2\/media?parent=290529"}],"wp:term":[{"taxonomy":"category","embeddable":true,"href":"https:\/\/www.europesays.com\/fr\/wp-json\/wp\/v2\/categories?post=290529"},{"taxonomy":"post_tag","embeddable":true,"href":"https:\/\/www.europesays.com\/fr\/wp-json\/wp\/v2\/tags?post=290529"}],"curies":[{"name":"wp","href":"https:\/\/api.w.org\/{rel}","templated":true}]}}