{"id":290533,"date":"2025-08-02T04:16:27","date_gmt":"2025-08-02T04:16:27","guid":{"rendered":"https:\/\/www.europesays.com\/fr\/290533\/"},"modified":"2025-08-02T04:16:27","modified_gmt":"2025-08-02T04:16:27","slug":"zone-euro-le-chomage-reste-a-son-plus-bas-historique-malgre-des-ecarts-marques-entre-pays","status":"publish","type":"post","link":"https:\/\/www.europesays.com\/fr\/290533\/","title":{"rendered":"Zone euro : le ch\u00f4mage reste \u00e0 son plus bas historique malgr\u00e9 des \u00e9carts marqu\u00e9s entre pays"},"content":{"rendered":"<p>Bruxelles &#8211; Le taux de ch\u00f4mage a \u00e9t\u00e9 stable au mois de juin dans la zone euro, \u00e0 6,2% de la population active, au m\u00eame niveau qu\u2019en avril et en mai, a annonc\u00e9 Eurostat jeudi.<\/p>\n<p>Ce taux de 6,2% est le plus bas niveau atteint dans les pays de la zone euro depuis que l\u2019office europ\u00e9en des statistiques a commenc\u00e9 \u00e0 compiler cette s\u00e9rie en avril 1998.<\/p>\n<p>Par rapport \u00e0 juin 2024, le taux de personnes sans emploi a baiss\u00e9 de 0,2 point dans les 20 pays partageant la monnaie unique.<\/p>\n<p>Pour l\u2019ensemble de l\u2019Union europ\u00e9enne, le taux de ch\u00f4mage est \u00e9galement rest\u00e9 stable en juin par rapport \u00e0 mai, \u00e0 5,9%, son point bas historique.<\/p>\n<p>Eurostat estime que 12,967 millions de personnes \u00e9taient au ch\u00f4mage dans l\u2019UE en juin, dont 10,7 millions dans la zone euro.<\/p>\n<p>Le taux de ch\u00f4mage est rest\u00e9 stable en France \u00e0 7%, selon les donn\u00e9es harmonis\u00e9es d\u2019Eurostat. C\u2019est moins bien que celui de ses deux grands voisins, l\u2019Allemagne (3,7%) et l\u2019Italie (6,3%).<\/p>\n<p>Au sein de l\u2019UE, les taux les plus faibles ont \u00e9t\u00e9 observ\u00e9s \u00e0 Malte (2,5%), en R\u00e9publique tch\u00e8que (3%) et en Pologne (3,5%). Les plus \u00e9lev\u00e9s ont \u00e9t\u00e9 relev\u00e9s en Espagne (10,4%), en Finlande (9,3%) et en Su\u00e8de (8,7%).<\/p>\n<p>Le taux de ch\u00f4mage des jeunes (moins de 25 ans) \u00e9tait de 14,7% dans l\u2019UE, stable par rapport au mois de mai, et de 14,1% dans la zone euro.<\/p>\n<p>\u00a9 Agence France-Presse<\/p>\n","protected":false},"excerpt":{"rendered":"Bruxelles &#8211; Le taux de ch\u00f4mage a \u00e9t\u00e9 stable au mois de juin dans la zone euro, \u00e0&hellip;\n","protected":false},"author":2,"featured_media":290534,"comment_status":"","ping_status":"","sticky":false,"template":"","format":"standard","meta":{"footnotes":""},"categories":[1586],"tags":[11,1777,674,1779,1011,27,12,25,1778,364],"class_list":{"0":"post-290533","1":"post","2":"type-post","3":"status-publish","4":"format-standard","5":"has-post-thumbnail","7":"category-europe","8":"tag-actualites","9":"tag-eu","10":"tag-europe","11":"tag-european-union","12":"tag-fr","13":"tag-france","14":"tag-news","15":"tag-republique-francaise","16":"tag-ue","17":"tag-union-europeenne"},"share_on_mastodon":{"url":"https:\/\/pubeurope.com\/@fr\/114957240523589517","error":""},"_links":{"self":[{"href":"https:\/\/www.europesays.com\/fr\/wp-json\/wp\/v2\/posts\/290533","targetHints":{"allow":["GET"]}}],"collection":[{"href":"https:\/\/www.europesays.com\/fr\/wp-json\/wp\/v2\/posts"}],"about":[{"href":"https:\/\/www.europesays.com\/fr\/wp-json\/wp\/v2\/types\/post"}],"author":[{"embeddable":true,"href":"https:\/\/www.europesays.com\/fr\/wp-json\/wp\/v2\/users\/2"}],"replies":[{"embeddable":true,"href":"https:\/\/www.europesays.com\/fr\/wp-json\/wp\/v2\/comments?post=290533"}],"version-history":[{"count":0,"href":"https:\/\/www.europesays.com\/fr\/wp-json\/wp\/v2\/posts\/290533\/revisions"}],"wp:featuredmedia":[{"embeddable":true,"href":"https:\/\/www.europesays.com\/fr\/wp-json\/wp\/v2\/media\/290534"}],"wp:attachment":[{"href":"https:\/\/www.europesays.com\/fr\/wp-json\/wp\/v2\/media?parent=290533"}],"wp:term":[{"taxonomy":"category","embeddable":true,"href":"https:\/\/www.europesays.com\/fr\/wp-json\/wp\/v2\/categories?post=290533"},{"taxonomy":"post_tag","embeddable":true,"href":"https:\/\/www.europesays.com\/fr\/wp-json\/wp\/v2\/tags?post=290533"}],"curies":[{"name":"wp","href":"https:\/\/api.w.org\/{rel}","templated":true}]}}