{"id":290535,"date":"2025-08-02T04:17:20","date_gmt":"2025-08-02T04:17:20","guid":{"rendered":"https:\/\/www.europesays.com\/fr\/290535\/"},"modified":"2025-08-02T04:17:20","modified_gmt":"2025-08-02T04:17:20","slug":"de-base-mon-echappee-etait-une-blague-confie-maeva-squiban-apres-sa-deuxieme-victoire-detape-dans-le-tour-de-france-femmes","status":"publish","type":"post","link":"https:\/\/www.europesays.com\/fr\/290535\/","title":{"rendered":"\u00ab\u00a0De base, mon \u00e9chapp\u00e9e \u00e9tait une blague\u2026\u00a0\u00bb, confie Ma\u00ebva Squiban apr\u00e8s sa deuxi\u00e8me victoire d\u2019\u00e9tape dans le Tour de France femmes"},"content":{"rendered":"<p>Dans quel \u00e9tait d\u2019esprit \u00e9tiez-vous ce matin (vendredi) ?<\/p>\n<p>Ce n\u2019\u00e9tait pas facile. Le r\u00e9veil a fait mal. Tout en restant raisonnable, on avait f\u00eat\u00e9 ma victoire avec l\u2019\u00e9quipe. Je suis arriv\u00e9e vers 21 h 50 \u00e0 l\u2019h\u00f4tel. Un massage, un repas, un petit verre avec le staff et les filles et vite au dodo. \u2026 Je savais qu\u2019il y avait de belles choses \u00e0 faire. J\u2019avoue qu\u2019aujourd\u2019hui (vendredi), j\u2019avais dit \u00e0 mon directeur sportif que j\u2019allais faire le kilom\u00e8tre z\u00e9ro. De base, c\u2019\u00e9tait une blague mais je l\u2019ai quand m\u00eame fait. Les autres filles ne m\u2019ont pas prise au s\u00e9rieux, ce que je peux comprendre : fallait \u00eatre un peu fou pour le faire. Apr\u00e8s, je ne sais pas trop ce qui s\u2019est fait, un groupe d\u2019une vingtaine est revenu. On s\u2019est bien entendu\u2026<\/p>\n<p>Gagner jeudi vous a permis de gagner vendredi ?<\/p>\n<p>Pas forc\u00e9ment. C\u2019\u00e9tait tr\u00e8s tactique. Il a fallu garder son sang-froid. Mon directeur sportif m\u2019a pas mal aid\u00e9. Il m\u2019a dit de continuer d\u2019y croire. C\u2019\u00e9tait super tactique dans la derni\u00e8re bosse, on ne me laissait pas sortir. J\u2019\u00e9tais plus surveill\u00e9e apr\u00e8s ma victoire de jeudi.<\/p>\n<p>Qu\u2019est-ce que ces deux victoires vont changer ?<\/p>\n<p>Comme beaucoup, je n\u2019ai pas sp\u00e9cialement confiance en moi mais \u00e7a va de mieux en mieux. Pour l\u2019instant, je ne sais pas ce que \u00e7a va changer. Je suis encore sous le coup de l\u2019\u00e9motion. Je vais avoir besoin de temps \u00e0 la maison pour r\u00e9aliser.<\/p>\n<p>Le classement g\u00e9n\u00e9ral du Tour de France sera-t-il un objectif \u00e0 l\u2019avenir ?<\/p>\n<p>Je ne sais pas. J\u2019aime attaquer, prendre du plaisir sur le v\u00e9lo. Je viens de vivre deux jours exceptionnels. Si je dois me battre pour un classement g\u00e9n\u00e9ral, un jour, je devrais rester dans le peloton. Peut-\u00eatre, qu\u2019un jour, je vais me battre pour le classement g\u00e9n\u00e9ral. Pas maintenant.<\/p>\n<p>Avez-vous conscience d\u2019\u00e9crire l\u2019histoire du cyclisme fran\u00e7ais ?<\/p>\n<p>Je suis la premi\u00e8re \u00e0 r\u00e9aliser le doubl\u00e9. C\u2019est top, c\u2019est incroyable. Je ne r\u00e9alise pas trop.<\/p>\n","protected":false},"excerpt":{"rendered":"Dans quel \u00e9tait d\u2019esprit \u00e9tiez-vous ce matin (vendredi) ? Ce n\u2019\u00e9tait pas facile. Le r\u00e9veil a fait mal.&hellip;\n","protected":false},"author":2,"featured_media":290536,"comment_status":"","ping_status":"","sticky":false,"template":"","format":"standard","meta":{"footnotes":""},"categories":[2],"tags":[11,207,1011,27,12,25,60,210],"class_list":{"0":"post-290535","1":"post","2":"type-post","3":"status-publish","4":"format-standard","5":"has-post-thumbnail","7":"category-actualites","8":"tag-actualites","9":"tag-cyclisme","10":"tag-fr","11":"tag-france","12":"tag-news","13":"tag-republique-francaise","14":"tag-sports","15":"tag-tour-de-france"},"share_on_mastodon":{"url":"https:\/\/pubeurope.com\/@fr\/114957244460811145","error":""},"_links":{"self":[{"href":"https:\/\/www.europesays.com\/fr\/wp-json\/wp\/v2\/posts\/290535","targetHints":{"allow":["GET"]}}],"collection":[{"href":"https:\/\/www.europesays.com\/fr\/wp-json\/wp\/v2\/posts"}],"about":[{"href":"https:\/\/www.europesays.com\/fr\/wp-json\/wp\/v2\/types\/post"}],"author":[{"embeddable":true,"href":"https:\/\/www.europesays.com\/fr\/wp-json\/wp\/v2\/users\/2"}],"replies":[{"embeddable":true,"href":"https:\/\/www.europesays.com\/fr\/wp-json\/wp\/v2\/comments?post=290535"}],"version-history":[{"count":0,"href":"https:\/\/www.europesays.com\/fr\/wp-json\/wp\/v2\/posts\/290535\/revisions"}],"wp:featuredmedia":[{"embeddable":true,"href":"https:\/\/www.europesays.com\/fr\/wp-json\/wp\/v2\/media\/290536"}],"wp:attachment":[{"href":"https:\/\/www.europesays.com\/fr\/wp-json\/wp\/v2\/media?parent=290535"}],"wp:term":[{"taxonomy":"category","embeddable":true,"href":"https:\/\/www.europesays.com\/fr\/wp-json\/wp\/v2\/categories?post=290535"},{"taxonomy":"post_tag","embeddable":true,"href":"https:\/\/www.europesays.com\/fr\/wp-json\/wp\/v2\/tags?post=290535"}],"curies":[{"name":"wp","href":"https:\/\/api.w.org\/{rel}","templated":true}]}}