{"id":290537,"date":"2025-08-02T04:18:22","date_gmt":"2025-08-02T04:18:22","guid":{"rendered":"https:\/\/www.europesays.com\/fr\/290537\/"},"modified":"2025-08-02T04:18:22","modified_gmt":"2025-08-02T04:18:22","slug":"un-central-polonais-dans-le-viseur-de-lol","status":"publish","type":"post","link":"https:\/\/www.europesays.com\/fr\/290537\/","title":{"rendered":"un central polonais dans le viseur de l\u2019OL ?"},"content":{"rendered":"<p>                            <img width=\"770\" height=\"433\" src=\"https:\/\/www.europesays.com\/fr\/wp-content\/uploads\/2025\/08\/DSC00290-e1736974891303-770x433.jpg\" class=\"attachment-article size-article wp-post-image\" alt=\"Matthieu Louis-Jean, chef de la cellule de recrutement de l'OL\" decoding=\"async\" fetchpriority=\"high\"  \/><\/p>\n<p>Matthieu Louis-Jean, chef de la cellule de recrutement de l\u2019OL (cr\u00e9dit : Anthony Ravas \/ O&amp;L)<\/p>\n<p>Le jeune d\u00e9fenseur du Legia Varsovie, Jan Ziolkowski, suscite l\u2019int\u00e9r\u00eat de plusieurs clubs europ\u00e9ens, dont l\u2019Olympique lyonnais.<\/p>\n<p>\u00c0 seulement 20 ans, Jan <strong>Ziolkowski<\/strong> s\u2019est rapidement impos\u00e9 dans l\u2019effectif professionnel du <strong>Legia Varsovie<\/strong> (club de premi\u00e8re division polonaise). Align\u00e9 en d\u00e9fense centrale, il a su convaincre son entra\u00eeneur Edward <strong>Iordanescu<\/strong> gr\u00e2ce \u00e0 sa r\u00e9gularit\u00e9 et sa solidit\u00e9. Lors des deux matchs contre le<strong> Banik Ostrava<\/strong> en qualifications pour la Ligue Europa 2025-2026, il a livr\u00e9 des performances s\u00e9rieuses, encha\u00eenant les interventions propres et les relances justes. Son attitude sur le terrain, \u00e0 la fois engag\u00e9e et disciplin\u00e9e, a \u00e9galement marqu\u00e9 les supporters, qui voient en lui un futur cadre de l\u2019\u00e9quipe.<\/p>\n<p>Des clubs espagnols \u00e9galement sur le coup<\/p>\n<p>Rep\u00e9r\u00e9 par plusieurs recruteurs, le jeune Polonais serait dans les radars de l\u2019OL, mais aussi par deux clubs espagnols dont l\u2019identit\u00e9 n\u2019a pas \u00e9t\u00e9 r\u00e9v\u00e9l\u00e9e. Selon le m\u00e9dia polonais Sportowy, leur int\u00e9r\u00eat serait r\u00e9el. <strong>Ziolkowski<\/strong> reste encore li\u00e9 au Legia jusqu\u2019au 31 mai 2028, et le club ne se voit pas press\u00e9 de le vendre. Toutefois, une offre concr\u00e8te estim\u00e9e \u00e0 environ quatre millions d\u2019euros pourrait faire bouger les lignes. \u00c0 l&rsquo;<strong>OL<\/strong>, son profil pourrait s&rsquo;inscrire dans une volont\u00e9 de renforcer l\u2019axe d\u00e9fensif alors que Duje <strong>Caleta-Car <\/strong><a href=\"https:\/\/www.olympique-et-lyonnais.com\/mercato-caleta-car-a-enfin-quitte-le-stage-de-lol-en-autriche,373805.html\" rel=\"nofollow noopener\" target=\"_blank\">s&rsquo;envole<\/a> vers la <strong>Real Sociedad<\/strong>, tout en investissant sur un joueur \u00e0 fort potentiel<\/p>\n<p>\t\t\t\t\t<a href=\"https:\/\/www.olympique-et-lyonnais.com\/mercato-lol-prete-duje-caleta-car-a-la-real-sociedad,373261.html\" title=\"Mercato : l&#039;OL pr\u00eate Duje Caleta-Car \u00e0 la Real Sociedad\" rel=\"nofollow noopener\" target=\"_blank\"><img loading=\"lazy\" width=\"580\" height=\"326\" src=\"https:\/\/www.europesays.com\/fr\/wp-content\/uploads\/2025\/08\/AFP__20241201__36NY97N__v1__HighRes__FblFraLigue1LyonNice-580x326.jpg\" class=\"attachment-actularge size-actularge wp-post-image\" alt=\"Duje Caleta-Car (OL) au duel avec Evann Guessand (Nice)\" decoding=\"async\"  \/>\t\t\t\t\t<\/a><\/p>\n","protected":false},"excerpt":{"rendered":"Matthieu Louis-Jean, chef de la cellule de recrutement de l\u2019OL (cr\u00e9dit : Anthony Ravas \/ O&amp;L) Le jeune&hellip;\n","protected":false},"author":2,"featured_media":290538,"comment_status":"","ping_status":"","sticky":false,"template":"","format":"standard","meta":{"footnotes":""},"categories":[2],"tags":[11,1011,27,1434,12,978,25],"class_list":{"0":"post-290537","1":"post","2":"type-post","3":"status-publish","4":"format-standard","5":"has-post-thumbnail","7":"category-actualites","8":"tag-actualites","9":"tag-fr","10":"tag-france","11":"tag-mercato","12":"tag-news","13":"tag-olympique-lyonnais","14":"tag-republique-francaise"},"share_on_mastodon":{"url":"https:\/\/pubeurope.com\/@fr\/114957248874340747","error":""},"_links":{"self":[{"href":"https:\/\/www.europesays.com\/fr\/wp-json\/wp\/v2\/posts\/290537","targetHints":{"allow":["GET"]}}],"collection":[{"href":"https:\/\/www.europesays.com\/fr\/wp-json\/wp\/v2\/posts"}],"about":[{"href":"https:\/\/www.europesays.com\/fr\/wp-json\/wp\/v2\/types\/post"}],"author":[{"embeddable":true,"href":"https:\/\/www.europesays.com\/fr\/wp-json\/wp\/v2\/users\/2"}],"replies":[{"embeddable":true,"href":"https:\/\/www.europesays.com\/fr\/wp-json\/wp\/v2\/comments?post=290537"}],"version-history":[{"count":0,"href":"https:\/\/www.europesays.com\/fr\/wp-json\/wp\/v2\/posts\/290537\/revisions"}],"wp:featuredmedia":[{"embeddable":true,"href":"https:\/\/www.europesays.com\/fr\/wp-json\/wp\/v2\/media\/290538"}],"wp:attachment":[{"href":"https:\/\/www.europesays.com\/fr\/wp-json\/wp\/v2\/media?parent=290537"}],"wp:term":[{"taxonomy":"category","embeddable":true,"href":"https:\/\/www.europesays.com\/fr\/wp-json\/wp\/v2\/categories?post=290537"},{"taxonomy":"post_tag","embeddable":true,"href":"https:\/\/www.europesays.com\/fr\/wp-json\/wp\/v2\/tags?post=290537"}],"curies":[{"name":"wp","href":"https:\/\/api.w.org\/{rel}","templated":true}]}}