{"id":290541,"date":"2025-08-02T04:22:44","date_gmt":"2025-08-02T04:22:44","guid":{"rendered":"https:\/\/www.europesays.com\/fr\/290541\/"},"modified":"2025-08-02T04:22:44","modified_gmt":"2025-08-02T04:22:44","slug":"la-lourde-defaite-du-rct-contre-toulouse-parmi-les-10-matches-qui-ont-marque-la-saison-2024-2025","status":"publish","type":"post","link":"https:\/\/www.europesays.com\/fr\/290541\/","title":{"rendered":"La lourde d\u00e9faite du RCT contre Toulouse parmi les 10 matches qui ont marqu\u00e9 la saison 2024 \/ 2025"},"content":{"rendered":"<p>Ce mercredi, Midi Olympique a d\u00e9voil\u00e9 la liste des 10 matches qui ont marqu\u00e9 la saison 2024 \/ 2025.<\/p>\n<p>Malheureusement, dans cette liste, on y retrouve une tr\u00e8s lourde d\u00e9faite du Rugby Club Toulonnais contre le Stade-Toulousain.<\/p>\n<p>C\u2019\u00e9tait lors de la 23\u00e8me journ\u00e9e du Top 14 au Stade V\u00e9lodrome de Marseille.<\/p>\n<p>Ce jour-l\u00e0, le RCT avait totalement sombr\u00e9 et s\u2019\u00e9tait lourdement inclin\u00e9 sur le score de 16 \u00e0 50.<\/p>\n<p><strong>Voici ce que dit <a href=\"https:\/\/www.rugbyrama.fr\/2025\/07\/30\/top-14-une-finale-ebouriffante-la-remontada-de-lubb-toulouse-dompte-ses-demons-du-velodrome-les-dix-matchs-qui-ont-marque-la-saison-12849929.php\" rel=\"nofollow noopener\" target=\"_blank\">Midi Olympique<\/a> sur cette rencontre :\u00a0<\/strong><\/p>\n<p>\u00ab Pour Toulon, la r\u00e9ception de Toulouse au V\u00e9lodrome de Marseille est toujours un moment fort de la saison. Record d\u2019affluence, tifo g\u00e9ant, et g\u00e9n\u00e9ralement victoire des Varois : ce match est une f\u00eate. Sauf qu\u2019en ce mois de mai, Toulouse est venu la g\u00e2cher. Vex\u00e9 d\u2019avoir abandonn\u00e9 son titre europ\u00e9en le week-end pr\u00e9c\u00e9dent sur la pelouse du Matmut Atlantique de Bordeaux (35-18), le Stade toulousain passe ses nerfs sur une d\u00e9fense toulonnaise aux abois en seconde p\u00e9riode. <\/p>\n<p>Suite \u00e0 un carton rouge donn\u00e9 \u00e0 Baptiste Serin, le RCT craque et encaisse un malheureux 36-3 en quarante minutes. Toulouse inscrit huit essais au cours de cette rencontre et inflige la plus large d\u00e9faite du RCT \u00e0 domicile depuis 2006. Autre fait marquant, le Stade toulousain s\u2019impose pour la premi\u00e8re fois depuis 2016 au V\u00e9lodrome face \u00e0 Toulon. Une victoire synonyme de qualification officielle pour les demi-finales. \u00bb<\/p>\n<p><strong>Voici les 10 matches marquant de la saison 2024 \/ 2025 selon Midi Olympique :\u00a0<\/strong><\/p>\n<p>Vannes 30-20 Lyon (3e journ\u00e9e)\u00a0: Premi\u00e8re historique<br \/>Lyon 38-49 Bayonne (8e journ\u00e9e)\u00a0: Un air de Super Rugby\u00a0?<br \/>Vannes 29-37 UBB (10e journ\u00e9e)\u00a0: De l\u2019enfer \u00e0 la lumi\u00e8re<br \/>La\u00a0Rochelle 14-23 Vannes (11e journ\u00e9e)\u00a0: Exploit en terre maritime<br \/>La\u00a0Rochelle 22-19 Toulouse (14e journ\u00e9e)\u00a0: Tout pr\u00e8s de la correctionnelle<br \/>Toulon 16-50 Toulouse (23e journ\u00e9e)\u00a0: Le Stade rompt la mal\u00e9diction<br \/>Vannes 29-30 La\u00a0Rochelle (23e journ\u00e9e)\u00a0: Hastoy enfile le costume du bourreau<br \/>Perpignan 20-18 Stade fran\u00e7ais (23e journ\u00e9e)\u00a0: Grand ouf pour l\u2019USAP\u00a0!<br \/>Montpellier 10-23 Clermont (26e journ\u00e9e)\u00a0: L\u2019ASM de retour<br \/>Toulouse 39-33 UBB (Finale)\u00a0: Bravo messieurs\u00a0!<\/p>\n","protected":false},"excerpt":{"rendered":"Ce mercredi, Midi Olympique a d\u00e9voil\u00e9 la liste des 10 matches qui ont marqu\u00e9 la saison 2024 \/&hellip;\n","protected":false},"author":2,"featured_media":290542,"comment_status":"","ping_status":"","sticky":false,"template":"","format":"standard","meta":{"footnotes":""},"categories":[1416],"tags":[1011,27,479,1468,60],"class_list":{"0":"post-290541","1":"post","2":"type-post","3":"status-publish","4":"format-standard","5":"has-post-thumbnail","7":"category-rugby","8":"tag-fr","9":"tag-france","10":"tag-rugby","11":"tag-rugby-football","12":"tag-sports"},"share_on_mastodon":{"url":"https:\/\/pubeurope.com\/@fr\/114957264009615541","error":""},"_links":{"self":[{"href":"https:\/\/www.europesays.com\/fr\/wp-json\/wp\/v2\/posts\/290541","targetHints":{"allow":["GET"]}}],"collection":[{"href":"https:\/\/www.europesays.com\/fr\/wp-json\/wp\/v2\/posts"}],"about":[{"href":"https:\/\/www.europesays.com\/fr\/wp-json\/wp\/v2\/types\/post"}],"author":[{"embeddable":true,"href":"https:\/\/www.europesays.com\/fr\/wp-json\/wp\/v2\/users\/2"}],"replies":[{"embeddable":true,"href":"https:\/\/www.europesays.com\/fr\/wp-json\/wp\/v2\/comments?post=290541"}],"version-history":[{"count":0,"href":"https:\/\/www.europesays.com\/fr\/wp-json\/wp\/v2\/posts\/290541\/revisions"}],"wp:featuredmedia":[{"embeddable":true,"href":"https:\/\/www.europesays.com\/fr\/wp-json\/wp\/v2\/media\/290542"}],"wp:attachment":[{"href":"https:\/\/www.europesays.com\/fr\/wp-json\/wp\/v2\/media?parent=290541"}],"wp:term":[{"taxonomy":"category","embeddable":true,"href":"https:\/\/www.europesays.com\/fr\/wp-json\/wp\/v2\/categories?post=290541"},{"taxonomy":"post_tag","embeddable":true,"href":"https:\/\/www.europesays.com\/fr\/wp-json\/wp\/v2\/tags?post=290541"}],"curies":[{"name":"wp","href":"https:\/\/api.w.org\/{rel}","templated":true}]}}