{"id":290543,"date":"2025-08-02T04:23:12","date_gmt":"2025-08-02T04:23:12","guid":{"rendered":"https:\/\/www.europesays.com\/fr\/290543\/"},"modified":"2025-08-02T04:23:12","modified_gmt":"2025-08-02T04:23:12","slug":"leupenoise-marie-benoit-met-definitivement-un-terme-a-sa-carriere-de-joueuse-de-tennis-a-30-ans-je-ne-me-voyais-plus-faire-les-efforts","status":"publish","type":"post","link":"https:\/\/www.europesays.com\/fr\/290543\/","title":{"rendered":"L&rsquo;Eupenoise Marie Benoit met d\u00e9finitivement un terme \u00e0 sa carri\u00e8re de joueuse de tennis \u00e0 30 ans: \u00ab\u00a0Je ne me voyais plus faire les efforts\u00a0\u00bb"},"content":{"rendered":"<p class=\"ap-StoryElement ap-StoryElement--mb ap-StoryText\">\u00ab\u00a0Comme certains d&rsquo;entre vous le savent, j&rsquo;ai d\u00e9cid\u00e9 de mettre fin \u00e0 ma carri\u00e8re de joueuse professionnelle\u00a0\u00bb, a \u00e9crit Benoit. \u00ab\u00a0J&rsquo;ai r\u00e9alis\u00e9 que je ne me voyais plus faire les efforts au niveau mental et physique durant toute la saison pour atteindre mes objectifs. Je r\u00eavais du r\u00e9sultat final mais je n&rsquo;ai pas tant appr\u00e9ci\u00e9 le chemin jusque-l\u00e0. Le tennis est un sport magnifique. Parfois, il a l&rsquo;air si facile et, \u00e0 d&rsquo;autres moments, il para\u00eet plus dur de se concentrer sur les bonnes choses, d&rsquo;accepter qu&rsquo;on ne peut pas tout contr\u00f4ler.\u00a0\u00bb<\/p>\n","protected":false},"excerpt":{"rendered":"\u00ab\u00a0Comme certains d&rsquo;entre vous le savent, j&rsquo;ai d\u00e9cid\u00e9 de mettre fin \u00e0 ma carri\u00e8re de joueuse professionnelle\u00a0\u00bb, a&hellip;\n","protected":false},"author":2,"featured_media":290544,"comment_status":"","ping_status":"","sticky":false,"template":"","format":"standard","meta":{"footnotes":""},"categories":[1415],"tags":[828,1011,27,60,1467],"class_list":{"0":"post-290543","1":"post","2":"type-post","3":"status-publish","4":"format-standard","5":"has-post-thumbnail","7":"category-tennis","8":"tag-belgique","9":"tag-fr","10":"tag-france","11":"tag-sports","12":"tag-tennis"},"share_on_mastodon":{"url":"https:\/\/pubeurope.com\/@fr\/114957267963986240","error":""},"_links":{"self":[{"href":"https:\/\/www.europesays.com\/fr\/wp-json\/wp\/v2\/posts\/290543","targetHints":{"allow":["GET"]}}],"collection":[{"href":"https:\/\/www.europesays.com\/fr\/wp-json\/wp\/v2\/posts"}],"about":[{"href":"https:\/\/www.europesays.com\/fr\/wp-json\/wp\/v2\/types\/post"}],"author":[{"embeddable":true,"href":"https:\/\/www.europesays.com\/fr\/wp-json\/wp\/v2\/users\/2"}],"replies":[{"embeddable":true,"href":"https:\/\/www.europesays.com\/fr\/wp-json\/wp\/v2\/comments?post=290543"}],"version-history":[{"count":0,"href":"https:\/\/www.europesays.com\/fr\/wp-json\/wp\/v2\/posts\/290543\/revisions"}],"wp:featuredmedia":[{"embeddable":true,"href":"https:\/\/www.europesays.com\/fr\/wp-json\/wp\/v2\/media\/290544"}],"wp:attachment":[{"href":"https:\/\/www.europesays.com\/fr\/wp-json\/wp\/v2\/media?parent=290543"}],"wp:term":[{"taxonomy":"category","embeddable":true,"href":"https:\/\/www.europesays.com\/fr\/wp-json\/wp\/v2\/categories?post=290543"},{"taxonomy":"post_tag","embeddable":true,"href":"https:\/\/www.europesays.com\/fr\/wp-json\/wp\/v2\/tags?post=290543"}],"curies":[{"name":"wp","href":"https:\/\/api.w.org\/{rel}","templated":true}]}}